{"id":97213,"date":"2025-05-13T16:20:16","date_gmt":"2025-05-13T16:20:16","guid":{"rendered":"https:\/\/www.europesays.com\/fr\/97213\/"},"modified":"2025-05-13T16:20:16","modified_gmt":"2025-05-13T16:20:16","slug":"incapable-de-gerer-un-chambre-a-part-et-millions-perdus-chantal-goya-sans-filtre-sur-son-mari-jean-jacques-debout","status":"publish","type":"post","link":"https:\/\/www.europesays.com\/fr\/97213\/","title":{"rendered":"\u201cIncapable de g\u00e9rer un\u2026\u201d : chambre \u00e0 part et millions perdus, Chantal Goya sans filtre sur son mari Jean-Jacques Debout"},"content":{"rendered":"<p>Depuis des d\u00e9cennies, ses m\u00e9lodies joyeuses et ses personnages<br \/>\nattachants ont berc\u00e9 l\u2019enfance de millions de Fran\u00e7ais. De <a href=\"https:\/\/www.closermag.fr\/people\/exclu.-jean-jacques-debout-il-revele-l-horrible-mesaventure-arrivee-a-chantal-goya-avant-un-concert-1697145#item=1\" rel=\"nofollow noopener\" target=\"_blank\"><br \/>\nB\u00e9cassine<\/a> \u00e0 Pandi-Panda, en passant par<br \/>\nJeannot Lapin ou Le Chat Bott\u00e9, Chantal Goya a<br \/>\nmarqu\u00e9 l\u2019univers musical pour enfants avec une s\u00e9rie de tubes<br \/>\ninoubliables. \u00c0 82 ans, l\u2019artiste ne ralentit pas le rythme. Elle<br \/>\ncontinue de remplir les salles. Elle reste l\u2019une des rares de sa<br \/>\ng\u00e9n\u00e9ration \u00e0 se produire dans plus de quarante Z\u00e9niths chaque<br \/>\nann\u00e9e. Le 25 mai, elle f\u00eatera ses <strong>50 ans de<br \/>\ncarri\u00e8re<\/strong> sur la sc\u00e8ne du Palais des Congr\u00e8s \u00e0 Paris.<\/p>\n<p>Elle a \u00e9galement f\u00eat\u00e9 ses 60 ans de mariage avec Jean-Jacques<br \/>\nDebout. Ceux-ci ne se sont plus quitt\u00e9s depuis leur <strong>coup de<br \/>\nfoudre<\/strong> dans les ann\u00e9es 60. Lors d\u2019un mariage o\u00f9 ils<br \/>\n\u00e9taient invit\u00e9s, Jean-Jacques Debout aurait lanc\u00e9 \u00e0 Chantal Goya :<br \/>\n\u00ab\u00a0J\u2019ai l\u2019impression de vous avoir toujours connue. On se<br \/>\nmariera. On aura deux enfants. Vous serez c\u00e9l\u00e8bre \u00e0 30 ans et vous<br \/>\nchanterez \u00e0 l\u2019Op\u00e9ra de Paris\u00a0\u00bb. Une d\u00e9claration proph\u00e9tique. En<br \/>\n1966, le couple officialise son union. Depuis, leur vie conjugale<br \/>\net artistique ne fait qu\u2019un. Un v\u00e9ritable bin\u00f4me, soud\u00e9 depuis pr\u00e8s<br \/>\nde six d\u00e9cennies.<\/p>\n<p>La chanteuse se confie sur son quotidien avec son mari<\/p>\n<p>Venue promouvoir ses spectacles sur le plateau de C \u00e0<br \/>\nvous le 24 avril, <a href=\"https:\/\/www.closermag.fr\/tv_tele_realite\/vous-avez-du-courage-chantal-goya-coupe-la-chique-a-lea-salame-sur-son-passe-traumatique-3527574\" rel=\"nofollow noopener\" target=\"_blank\"><br \/>\nChantal Goya<\/a> a \u00e9voqu\u00e9 sans d\u00e9tour sa relation singuli\u00e8re avec<br \/>\nJean-Jacques Debout. Malgr\u00e9 pr\u00e8s de 60 ans de vie commune, elle<br \/>\nadmet : \u00ab\u00a0<strong>On n\u2019a pas les m\u00eames go\u00fbts<\/strong>. On n\u2019a<br \/>\npas les m\u00eames amis\u00a0\u00bb. Ce qui les rapproche malgr\u00e9 tout ? Leur<br \/>\ncomplicit\u00e9 comique : \u00ab\u00a0On rigole des m\u00eames choses, \u00e7a oui quand<br \/>\nm\u00eame\u00a0\u00bb.<\/p>\n<p>Un quotidien parfois d\u00e9cal\u00e9. Notamment \u00e0 cause de leurs rythmes<br \/>\noppos\u00e9s : \u00ab\u00a0Lui, il vit la nuit, il ne voit jamais le jour, moi<br \/>\nil faut que je dorme\u00a0\u00bb. Une formule de couple que Jean-Jacques<br \/>\nDebout validait d\u00e9j\u00e0 en 2022 dans Paris Match : \u00ab\u00a0On ne<br \/>\nvit pas l\u2019un sur l\u2019autre. On n\u2019a <strong>jamais fait chambre<br \/>\ncommune<\/strong>. (&#8230;) \u00c7a a d\u00fb pr\u00e9server quelque chose\u00a0\u00bb.<\/p>\n<p>Chantal Goya tr\u00e8s cash sur Jean-Jacques<br \/>\nDebout<\/p>\n<p class=\"\" data-start=\"102\" data-end=\"393\">\u00c0 l\u00a0\u00bbapproche de son<br \/>\ngrand concert au Palais des Congr\u00e8s, pr\u00e9vu le 25 mai devant ses<br \/>\n\u00ab\u00a07000\u00a0\u00bb fans, la chanteuse s\u2019est confi\u00e9e. Le tout dans un<br \/>\nlong entretien accord\u00e9 au Figaro ce lundi 12 mai 2025. Loin de penser \u00e0 la<br \/>\nretraite, l\u2019artiste pr\u00e9voit m\u00eame de repartir en tourn\u00e9e d\u2019ici la<br \/>\nfin de l\u2019ann\u00e9e.<\/p>\n<p class=\"\" data-start=\"395\" data-end=\"897\">L\u2019occasion pour elle de<br \/>\nrevenir sur son histoire avec <a href=\"https:\/\/www.closermag.fr\/people\/jean-jacques-debout-ce-tube-archaique-lui-a-rapporte-1-million-deuros-au-bas-mot-3448663\" rel=\"nofollow noopener\" target=\"_blank\"><br \/>\nJean-Jacques Debout<\/a>, son \u00e9poux et p\u00e8re de leurs deux enfants,<br \/>\nJean-Paul (n\u00e9 en 1966) et Clarisse (n\u00e9e en 1968). Un couple uni<br \/>\ndepuis bient\u00f4t soixante ans, malgr\u00e9 les hauts et les bas : \u00ab\u00a0Mon<br \/>\nmari a toujours \u00e9t\u00e9 fantaisiste. Il adore les maisons, nous en<br \/>\navons eu 24. Il est <strong>incapable de g\u00e9rer un budget<\/strong><br \/>\net de faire la diff\u00e9rence entre dix centimes et un million<br \/>\nd\u2019euros\u00a0\u00bb, a-t-elle confi\u00e9 avec tendresse et humour, fid\u00e8le \u00e0<br \/>\nson franc-parler.<\/p>\n","protected":false},"excerpt":{"rendered":"Depuis des d\u00e9cennies, ses m\u00e9lodies joyeuses et ses personnages attachants ont berc\u00e9 l\u2019enfance de millions de Fran\u00e7ais. De&hellip;\n","protected":false},"author":2,"featured_media":97214,"comment_status":"","ping_status":"","sticky":false,"template":"","format":"standard","meta":{"footnotes":""},"categories":[1355],"tags":[548,14397,58,59,1011,27,14398,1361,873],"class_list":{"0":"post-97213","1":"post","2":"type-post","3":"status-publish","4":"format-standard","5":"has-post-thumbnail","7":"category-musique","8":"tag-article-simple","9":"tag-chantal-goya","10":"tag-divertissement","11":"tag-entertainment","12":"tag-fr","13":"tag-france","14":"tag-jean-jacques-debout","15":"tag-music","16":"tag-musique"},"share_on_mastodon":{"url":"https:\/\/pubeurope.com\/@fr\/114501440210112826","error":""},"_links":{"self":[{"href":"https:\/\/www.europesays.com\/fr\/wp-json\/wp\/v2\/posts\/97213","targetHints":{"allow":["GET"]}}],"collection":[{"href":"https:\/\/www.europesays.com\/fr\/wp-json\/wp\/v2\/posts"}],"about":[{"href":"https:\/\/www.europesays.com\/fr\/wp-json\/wp\/v2\/types\/post"}],"author":[{"embeddable":true,"href":"https:\/\/www.europesays.com\/fr\/wp-json\/wp\/v2\/users\/2"}],"replies":[{"embeddable":true,"href":"https:\/\/www.europesays.com\/fr\/wp-json\/wp\/v2\/comments?post=97213"}],"version-history":[{"count":0,"href":"https:\/\/www.europesays.com\/fr\/wp-json\/wp\/v2\/posts\/97213\/revisions"}],"wp:featuredmedia":[{"embeddable":true,"href":"https:\/\/www.europesays.com\/fr\/wp-json\/wp\/v2\/media\/97214"}],"wp:attachment":[{"href":"https:\/\/www.europesays.com\/fr\/wp-json\/wp\/v2\/media?parent=97213"}],"wp:term":[{"taxonomy":"category","embeddable":true,"href":"https:\/\/www.europesays.com\/fr\/wp-json\/wp\/v2\/categories?post=97213"},{"taxonomy":"post_tag","embeddable":true,"href":"https:\/\/www.europesays.com\/fr\/wp-json\/wp\/v2\/tags?post=97213"}],"curies":[{"name":"wp","href":"https:\/\/api.w.org\/{rel}","templated":true}]}}