{"id":97246,"date":"2025-05-13T16:37:10","date_gmt":"2025-05-13T16:37:10","guid":{"rendered":"https:\/\/www.europesays.com\/fr\/97246\/"},"modified":"2025-05-13T16:37:10","modified_gmt":"2025-05-13T16:37:10","slug":"une-jeune-de-15-ans-rouee-de-coups-son-agresseur-presume-face-a-la-justice","status":"publish","type":"post","link":"https:\/\/www.europesays.com\/fr\/97246\/","title":{"rendered":"une jeune de 15 ans rou\u00e9e de coups, son agresseur pr\u00e9sum\u00e9 face \u00e0 la justice"},"content":{"rendered":"<p>\n\t\t\t\t\tUne adolescente violemment agress\u00e9e dans ce quartier \u00e0 Montpellier, son agresseur pr\u00e9sum\u00e9 jug\u00e9 par le tribunal correctionnel de Montpellier ce lundi 12 mai. \t\t\t\t<\/p>\n<p>\n\t\t\t\t\t\t\t\t\t\u00a9 Photo d\u2019illustration.\t\t\t\t\t\t\t\t<\/p>\n<p>Le 14 mars dernier, une <strong>violente agression<\/strong> secoue le <strong>quartier Saint-Paul<\/strong> \u00e0 <a href=\"https:\/\/infoccitanie.fr\/tag\/montpellier\/\" target=\"_blank\" rel=\"noopener\">Montpellier<\/a>. En effet, une adolescente de 15 ans est retrouv\u00e9e <strong>inconsciente<\/strong> au sol, pr\u00e8s de l\u2019arr\u00eat de tram, apr\u00e8s avoir \u00e9t\u00e9 <strong>violemment frapp\u00e9e<\/strong>. <strong>Que s\u2019est-il pass\u00e9 ce soir-l\u00e0 ? <\/strong>Selon les premiers \u00e9l\u00e9ments de l\u2019enqu\u00eate, un jeune homme, fortement alcoolis\u00e9, se serait approch\u00e9 de la victime avant de devenir agressif. Il aurait projet\u00e9 la jeune fille au sol d\u2019une \u00ab balayette \u00bb. Puis, il l\u2019aurait violemment frapp\u00e9e au visage alors qu\u2019elle \u00e9tait assise, bless\u00e9e. Un coup de pied d\u2019une telle violence que son corps aurait \u00e9t\u00e9 d\u00e9plac\u00e9 d\u2019un m\u00e8tre, selon les images de vid\u00e9osurveillance. Ces cam\u00e9ras ont permis <strong>d\u2019identifier rapidement l\u2019auteur pr\u00e9sum\u00e9<\/strong> des faits et de constater <strong>la brutalit\u00e9 de l\u2019attaque<\/strong>. Plusieurs t\u00e9moins sur place ont tent\u00e9 d\u2019intervenir. Alert\u00e9s, les secours et la police sont arriv\u00e9s rapidement. L\u2019agresseur a tent\u00e9 de prendre la fuite avant d\u2019\u00eatre interpell\u00e9.<\/p>\n<p>Il est rapidement plac\u00e9 en <strong>garde \u00e0 vue<\/strong>. Cependant, un autre incident se produit : la cam\u00e9ra de surveillance de la cellule finit enti\u00e8rement arrach\u00e9e. \u00ab\u00a0On ne me r\u00e9pondait pas donc je me suis \u00e9nerv\u00e9\u00a0\u00bb, affirme-t-il. Interrog\u00e9 par les forces de l\u2019ordre sur l\u2019agression, il reconna\u00eet les violences en affirmant que c\u2019est elle qui serait venu l\u2019insulter.<\/p>\n<p>\u00ab\u00a0Je l\u2019ai tap\u00e9e direct dans la t\u00eate. Si j\u2019avais pu continuer \u00e0 la frapper, je l\u2019aurais fait\u00a0\u00bb, aurait-il confi\u00e9 aux enqu\u00eateurs.<\/p>\n<p>Mis en cause pour <strong>violences<\/strong> et <strong>d\u00e9gradation de biens publics<\/strong>, il a \u00e9t\u00e9 jug\u00e9 par le <a href=\"https:\/\/infoccitanie.fr\/tag\/tribunal\/\" target=\"_blank\" rel=\"noopener\">tribunal correctionnel de Montpellier <\/a>ce lundi 12 mai. Afin d\u2019\u00e9claircir les circonstances de cette agression, les magistrats interrogent le pr\u00e9venu. Arborant un sourire tout le long de l\u2019audience, il finit par confier que \u00ab\u00a0c\u2019est nerveux\u00a0\u00bb. Affirmant avoir bu 1 litre de Vodka en peu de temps, il reconna\u00eet les violences. Cependant, il maintient la version livr\u00e9e en garde \u00e0 vue\u00a0: la jeune fille aurait insult\u00e9 sa m\u00e8re. \u00c0 la barre accompagn\u00e9e de sa m\u00e8re, la victime semble troubl\u00e9e.<\/p>\n<p>Le tribunal reconna\u00eet le jeune homme <strong>coupable<\/strong>. Pour ces faits, il est condamn\u00e9 \u00e0 <strong>28 mois de prison<\/strong>, dont <strong>14 mois avec sursis probatoire<\/strong>. Il lui est d\u00e9sormais interdit d\u2019entrer en contact avec la victime, de para\u00eetre sur le territoire de la ville de Montpellier et de d\u00e9tenir une arme pendant cinq ans. \u00c0 l\u2019\u00e9nonc\u00e9 de sa peine, le jeune homme visiblement agit\u00e9 quitte la salle d\u2019audience dans une atmosph\u00e8re tendue pour regagner sa cellule.<\/p>\n<p><a data-no-instant=\"1\" href=\"https:\/\/www.montpellier.aeroport.fr\/fr\/passagers\/vols-destinations\/destinations-en-direct\/palma-de-majorque?utm_campaign=infoccitanie_palma_mai\" rel=\"noopener\" class=\"a2t-link\" aria-label=\"Palma\" target=\"_blank\"><img decoding=\"async\" src=\"https:\/\/www.europesays.com\/fr\/wp-content\/uploads\/2025\/05\/1747145891_139_3088-image.png\" alt=\"\"  \/><\/a>\t\t\t\t<\/p>\n","protected":false},"excerpt":{"rendered":"Une adolescente violemment agress\u00e9e dans ce quartier \u00e0 Montpellier, son agresseur pr\u00e9sum\u00e9 jug\u00e9 par le tribunal correctionnel de&hellip;\n","protected":false},"author":2,"featured_media":79181,"comment_status":"","ping_status":"","sticky":false,"template":"","format":"standard","meta":{"footnotes":""},"categories":[9599],"tags":[1111,11,1777,674,1011,27,2208,12,2680,25,3693],"class_list":{"0":"post-97246","1":"post","2":"type-post","3":"status-publish","4":"format-standard","5":"has-post-thumbnail","7":"category-montpellier","8":"tag-actu","9":"tag-actualites","10":"tag-eu","11":"tag-europe","12":"tag-fr","13":"tag-france","14":"tag-montpellier","15":"tag-news","16":"tag-occitanie","17":"tag-republique-francaise","18":"tag-tribunal"},"share_on_mastodon":{"url":"https:\/\/pubeurope.com\/@fr\/114501507176383306","error":""},"_links":{"self":[{"href":"https:\/\/www.europesays.com\/fr\/wp-json\/wp\/v2\/posts\/97246","targetHints":{"allow":["GET"]}}],"collection":[{"href":"https:\/\/www.europesays.com\/fr\/wp-json\/wp\/v2\/posts"}],"about":[{"href":"https:\/\/www.europesays.com\/fr\/wp-json\/wp\/v2\/types\/post"}],"author":[{"embeddable":true,"href":"https:\/\/www.europesays.com\/fr\/wp-json\/wp\/v2\/users\/2"}],"replies":[{"embeddable":true,"href":"https:\/\/www.europesays.com\/fr\/wp-json\/wp\/v2\/comments?post=97246"}],"version-history":[{"count":0,"href":"https:\/\/www.europesays.com\/fr\/wp-json\/wp\/v2\/posts\/97246\/revisions"}],"wp:featuredmedia":[{"embeddable":true,"href":"https:\/\/www.europesays.com\/fr\/wp-json\/wp\/v2\/media\/79181"}],"wp:attachment":[{"href":"https:\/\/www.europesays.com\/fr\/wp-json\/wp\/v2\/media?parent=97246"}],"wp:term":[{"taxonomy":"category","embeddable":true,"href":"https:\/\/www.europesays.com\/fr\/wp-json\/wp\/v2\/categories?post=97246"},{"taxonomy":"post_tag","embeddable":true,"href":"https:\/\/www.europesays.com\/fr\/wp-json\/wp\/v2\/tags?post=97246"}],"curies":[{"name":"wp","href":"https:\/\/api.w.org\/{rel}","templated":true}]}}