{"id":97312,"date":"2025-05-13T17:12:18","date_gmt":"2025-05-13T17:12:18","guid":{"rendered":"https:\/\/www.europesays.com\/fr\/97312\/"},"modified":"2025-05-13T17:12:18","modified_gmt":"2025-05-13T17:12:18","slug":"une-initiative-citoyenne-europeenne-contre-les-therapies-de-conversion-suscite-une-forte-mobilisation-dans-lue","status":"publish","type":"post","link":"https:\/\/www.europesays.com\/fr\/97312\/","title":{"rendered":"Une initiative citoyenne europ\u00e9enne contre les th\u00e9rapies de conversion suscite une forte mobilisation dans l&rsquo;UE"},"content":{"rendered":"<p>\tUne initiative citoyenne europ\u00e9enne contre les th\u00e9rapies de conversion suscite une forte mobilisation dans l&rsquo;UE &#8211; Touteleurope.eu<\/p>\n<p>\t\t<img decoding=\"async\" alt=\"fermer\" class=\"close-info\" src=\"https:\/\/www.europesays.com\/fr\/wp-content\/uploads\/2025\/04\/close-picto-blue.svg.svg+xml\"\/><\/p>\n<p>Touteleurope.eu est le site p\u00e9dagogique de r\u00e9f\u00e9rence sur les questions europ\u00e9ennes : <a href=\"https:\/\/www.touteleurope.eu\/qui-sommes-nous\/\" target=\"_blank\" rel=\"noopener\">Qui sommes-nous ?<\/a><\/p>\n<p><img decoding=\"async\" class=\"logo-pdf\" alt=\"Toute L'Europe \u2013 Comprendre l'Europe\" src=\"https:\/\/www.europesays.com\/fr\/wp-content\/uploads\/2025\/04\/logo-ttl.svg.svg+xml\"\/><\/p>\n","protected":false},"excerpt":{"rendered":"Une initiative citoyenne europ\u00e9enne contre les th\u00e9rapies de conversion suscite une forte mobilisation dans l&rsquo;UE &#8211; Touteleurope.eu Touteleurope.eu&hellip;\n","protected":false},"author":2,"featured_media":97313,"comment_status":"","ping_status":"","sticky":false,"template":"","format":"standard","meta":{"footnotes":""},"categories":[1586],"tags":[11,2196,1777,674,1779,1011,27,21094,21095,12,8552,25,1778,364,21096],"class_list":{"0":"post-97312","1":"post","2":"type-post","3":"status-publish","4":"format-standard","5":"has-post-thumbnail","7":"category-europe","8":"tag-actualites","9":"tag-commission-europeenne","10":"tag-eu","11":"tag-europe","12":"tag-european-union","13":"tag-fr","14":"tag-france","15":"tag-initiative-citoyenne-europeenne","16":"tag-lgbtqia","17":"tag-news","18":"tag-parlement-europeen","19":"tag-republique-francaise","20":"tag-ue","21":"tag-union-europeenne","22":"tag-violences-de-genre"},"share_on_mastodon":{"url":"https:\/\/pubeurope.com\/@fr\/114501644961291449","error":""},"_links":{"self":[{"href":"https:\/\/www.europesays.com\/fr\/wp-json\/wp\/v2\/posts\/97312","targetHints":{"allow":["GET"]}}],"collection":[{"href":"https:\/\/www.europesays.com\/fr\/wp-json\/wp\/v2\/posts"}],"about":[{"href":"https:\/\/www.europesays.com\/fr\/wp-json\/wp\/v2\/types\/post"}],"author":[{"embeddable":true,"href":"https:\/\/www.europesays.com\/fr\/wp-json\/wp\/v2\/users\/2"}],"replies":[{"embeddable":true,"href":"https:\/\/www.europesays.com\/fr\/wp-json\/wp\/v2\/comments?post=97312"}],"version-history":[{"count":0,"href":"https:\/\/www.europesays.com\/fr\/wp-json\/wp\/v2\/posts\/97312\/revisions"}],"wp:featuredmedia":[{"embeddable":true,"href":"https:\/\/www.europesays.com\/fr\/wp-json\/wp\/v2\/media\/97313"}],"wp:attachment":[{"href":"https:\/\/www.europesays.com\/fr\/wp-json\/wp\/v2\/media?parent=97312"}],"wp:term":[{"taxonomy":"category","embeddable":true,"href":"https:\/\/www.europesays.com\/fr\/wp-json\/wp\/v2\/categories?post=97312"},{"taxonomy":"post_tag","embeddable":true,"href":"https:\/\/www.europesays.com\/fr\/wp-json\/wp\/v2\/tags?post=97312"}],"curies":[{"name":"wp","href":"https:\/\/api.w.org\/{rel}","templated":true}]}}