{"id":97318,"date":"2025-05-13T17:15:15","date_gmt":"2025-05-13T17:15:15","guid":{"rendered":"https:\/\/www.europesays.com\/fr\/97318\/"},"modified":"2025-05-13T17:15:15","modified_gmt":"2025-05-13T17:15:15","slug":"des-orages-et-de-la-pluie-attendus-pour-les-journees-de-mardi-et-mercredi-a-paris","status":"publish","type":"post","link":"https:\/\/www.europesays.com\/fr\/97318\/","title":{"rendered":"des orages et de la pluie attendus pour les journ\u00e9es de mardi et mercredi \u00e0 Paris"},"content":{"rendered":"<p>            Par<br \/>\n        <strong><br \/>\n            <a href=\"https:\/\/actu.fr\/auteur\/redaction-paris\" title=\"Consulter tous les articles de R\u00e9daction Paris\" target=\"_blank\" rel=\"noopener\">R\u00e9daction Paris<\/a><br \/>\n        <\/strong><\/p>\n<p>        Publi\u00e9 le<\/p>\n<p>            13 mai 2025 \u00e0 19h00        <\/p>\n<p>Le ciel a grond\u00e9, mardi 12 mai 2025, peu apr\u00e8s 17 heures, \u00e0 Paris, et le temps y a subitement <a href=\"https:\/\/actu.fr\/ile-de-france\/paris_75056\/video-paris-un-impressionnant-orage-de-grele-s-abat-sur-la-capitale-le-metro-perturbe-par-les-inondations_62592097.html\" target=\"_blank\" rel=\"noopener\">tourn\u00e9 \u00e0 l\u2019orage<\/a>. Des \u00e9clairs et une pluie drue se sont <strong>abattues sur la capitale<\/strong>, avant de laisser place au soleil de la fin de journ\u00e9e.<\/p>\n<p>Vigilance orages activ\u00e9e<\/p>\n<p class=\" wall-content\">Un sc\u00e9nario pr\u00e9dit par <a href=\"https:\/\/actu.fr\/tag\/meteo-france\" target=\"_blank\" rel=\"noopener\">M\u00e9t\u00e9o France<\/a>, qui a d\u00e9clench\u00e9 une <strong>alerte jaune<\/strong> (le plus petit niveau) orages ce mardi apr\u00e8s-midi, mais \u00e9galement pour la journ\u00e9e de mercredi 13 mai, \u00e0 partir de 12 heures et jusqu\u2019\u00e0 minuit.<\/p>\n<p class=\" wall-content\">Il faudra donc \u00eatre rus\u00e9 au moment de choisir sa tenue ces prochaines heures pour sortir dans la capitale.\u00a0<\/p>\n<p class=\" wall-content\">Suivez toute l\u2019actualit\u00e9 de vos villes et m\u00e9dias favoris en vous inscrivant \u00e0 <a href=\"https:\/\/moncompte.actu.fr\" title=\"D\u00e9couvez Mon Actu\" rel=\"nofollow noopener\" data-trk=\"{&quot;cta&quot;:{&quot;action&quot;:&quot;https:\\\/\\\/moncompte.actu.fr&quot;,&quot;category&quot;:&quot;mon compte&quot;,&quot;from&quot;:&quot;article footer&quot;,&quot;name&quot;:&quot;Mon actu&quot;,&quot;type&quot;:&quot;cta&quot;}}\" target=\"_blank\">Mon Actu<\/a>.<\/p>\n","protected":false},"excerpt":{"rendered":"Par R\u00e9daction Paris Publi\u00e9 le 13 mai 2025 \u00e0 19h00 Le ciel a grond\u00e9, mardi 12 mai 2025,&hellip;\n","protected":false},"author":2,"featured_media":97319,"comment_status":"","ping_status":"","sticky":false,"template":"","format":"standard","meta":{"footnotes":""},"categories":[4],"tags":[11,1011,27,2487,2357,12,4594,25],"class_list":{"0":"post-97318","1":"post","2":"type-post","3":"status-publish","4":"format-standard","5":"has-post-thumbnail","7":"category-france","8":"tag-actualites","9":"tag-fr","10":"tag-france","11":"tag-meteo","12":"tag-meteo-france","13":"tag-news","14":"tag-orages","15":"tag-republique-francaise"},"share_on_mastodon":{"url":"https:\/\/pubeurope.com\/@fr\/114501656409201578","error":""},"_links":{"self":[{"href":"https:\/\/www.europesays.com\/fr\/wp-json\/wp\/v2\/posts\/97318","targetHints":{"allow":["GET"]}}],"collection":[{"href":"https:\/\/www.europesays.com\/fr\/wp-json\/wp\/v2\/posts"}],"about":[{"href":"https:\/\/www.europesays.com\/fr\/wp-json\/wp\/v2\/types\/post"}],"author":[{"embeddable":true,"href":"https:\/\/www.europesays.com\/fr\/wp-json\/wp\/v2\/users\/2"}],"replies":[{"embeddable":true,"href":"https:\/\/www.europesays.com\/fr\/wp-json\/wp\/v2\/comments?post=97318"}],"version-history":[{"count":0,"href":"https:\/\/www.europesays.com\/fr\/wp-json\/wp\/v2\/posts\/97318\/revisions"}],"wp:featuredmedia":[{"embeddable":true,"href":"https:\/\/www.europesays.com\/fr\/wp-json\/wp\/v2\/media\/97319"}],"wp:attachment":[{"href":"https:\/\/www.europesays.com\/fr\/wp-json\/wp\/v2\/media?parent=97318"}],"wp:term":[{"taxonomy":"category","embeddable":true,"href":"https:\/\/www.europesays.com\/fr\/wp-json\/wp\/v2\/categories?post=97318"},{"taxonomy":"post_tag","embeddable":true,"href":"https:\/\/www.europesays.com\/fr\/wp-json\/wp\/v2\/tags?post=97318"}],"curies":[{"name":"wp","href":"https:\/\/api.w.org\/{rel}","templated":true}]}}