{"id":97320,"date":"2025-05-13T17:18:12","date_gmt":"2025-05-13T17:18:12","guid":{"rendered":"https:\/\/www.europesays.com\/fr\/97320\/"},"modified":"2025-05-13T17:18:12","modified_gmt":"2025-05-13T17:18:12","slug":"le-petit-regret-de-marc-lievremont-pour-la-finale-france-all-blacks-de-2011","status":"publish","type":"post","link":"https:\/\/www.europesays.com\/fr\/97320\/","title":{"rendered":"le petit regret de Marc Li\u00e8vremont pour la finale France-All Blacks de 2011"},"content":{"rendered":"<p>            Par<br \/>\n        <strong><br \/>\n            <a href=\"https:\/\/actu.fr\/auteur\/nicolas-dendri-actu-fr\" title=\"Consulter tous les articles de Nicolas Dendri\" rel=\"nofollow noopener\" target=\"_blank\">Nicolas Dendri<\/a><br \/>\n        <\/strong><\/p>\n<p>        Publi\u00e9 le<\/p>\n<p>            13 mai 2025 \u00e0 17h45        <\/p>\n<p><strong>Jean-Marc Doussain<\/strong> se souviendra toujours de sa premi\u00e8re s\u00e9lection avec le <strong>XV de France<\/strong> lors d\u2019une finale de <strong>Coupe du monde de 2011<\/strong>. Sollicit\u00e9 par Actu Rugby pour parler de <a href=\"https:\/\/actu.fr\/auvergne-rhone-alpes\/lyon_69123\/je-suis-encore-en-arret-de-travail-jean-marc-doussain-engage-pour-la-sante-mental-dans-le-rugby_62596194.html\" rel=\"nofollow noopener\" target=\"_blank\">son apr\u00e8s-carri\u00e8re<\/a> et de <a href=\"https:\/\/actu.fr\/occitanie\/toulouse_31555\/c-est-le-meme-discours-que-j-ai-eu-il-y-a-15-ans-pourquoi-un-ancien-de-toulouse-se-revoit-en-simon-daroque_62581644.html\" rel=\"nofollow noopener\" target=\"_blank\">ses d\u00e9buts tr\u00e8s jeune \u00e0 Toulouse<\/a>, le demi de m\u00eal\u00e9e est revenu sur cette \u00ab\u00a0belle surprise incroyable\u00a0\u00bb en Nouvelle-Z\u00e9lande. \u00ab\u00a0Un jour il faudra que j\u2019en discute avec <strong>Marc Li\u00e8vremont.<\/strong> Je n\u2019en ai jamais reparl\u00e9 avec lui\u00a0\u00bb, admet Jean-Marc Doussain avant de se demander : \u00ab\u00a0Pourquoi il m\u2019a s\u00e9lectionn\u00e9 ? Ce serait une bonne question \u00e0 lui poser.\u00a0\u00bb C\u2019est ce que nous avons fait en contactant l\u2019ancien s\u00e9lectionneur.<\/p>\n<p>Jean-Marc Doussain \u00e0 la Coupe du monde 2011<\/p>\n<p class=\" wall-content\">\u00c0 <strong>20 ans<\/strong>, Jean-Marc Doussain re\u00e7oit un appel un apr\u00e8s-midi du mois de septembre 2011. \u00ab\u00a0Je jouais \u00e0 la Play un apr\u00e8s-midi apr\u00e8s un entra\u00eenement avec mon meilleur pote dans mon appartement. C\u2019est <strong>Jo Maso<\/strong> qui m\u2019appelle. Il me dit qu\u2019il y a un bless\u00e9 et qu\u2019on m\u2019appelle avec l\u2019\u00e9quipe de France \u00e0 la Coupe du Monde en Nouvelle-Z\u00e9lande\u00a0\u00bb, se souvient le jeune Toulousain de l\u2019\u00e9poque qui au d\u00e9but croyait \u00e0 une blague.\u00a0<\/p>\n<p class=\" wall-content\">Tout est all\u00e9 tr\u00e8s vite : le temps de participer au match Toulouse-Biarritz du 16 septembre. \u00ab\u00a0Le soir au lendemain du match, je partais pour la Nouvelle-Z\u00e9lande\u00a0\u00bb, se rappelle celui qui a \u00e9t\u00e9 pendant longtemps le plus jeune joueur fran\u00e7ais \u00e0 participer \u00e0 une Coupe du monde.\u00a0<\/p>\n<p>La polyvalence : demi de m\u00eal\u00e9e et ouvreur<\/p>\n<p class=\" wall-content\">Bless\u00e9 \u00e0 l\u2019\u00e9paule lors du premier match face au Japon, <strong>David Skrela<\/strong> est contraint de d\u00e9clarer forfait pour le reste de la comp\u00e9tition. C\u2019est son jeune co\u00e9quipier de Toulouse qui est appel\u00e9 \u00e0 le remplacer.\u00a0<\/p>\n<p class=\" wall-content\">\u00ab\u00a0\u00c0 ce moment-l\u00e0, je jouais plus 9 au Stade Toulousain. En parall\u00e8le, je faisais les s\u00e9lections moins de 20 ans \u00e0 l\u2019ouverture. Et la saison en 2011, je la d\u00e9marre \u00e0 la m\u00eal\u00e9e. Et au final, on m\u2019appelle pour remplacer un num\u00e9ro 10 donc je ne savais pas trop\u00a0\u00bb, souligne-t-il quatorze ans plus tard m\u00eame s\u2019il a constat\u00e9 ensuite que c\u2019est <strong>Morgan Parra<\/strong> qui a \u00e9t\u00e9 repositionn\u00e9 \u00e0 l\u2019ouverture.\u00a0<\/p>\n<p>La justification de Marc Li\u00e8vremont<\/p>\n<p class=\" wall-content\">La jeunesse : c\u2019est pr\u00e9cis\u00e9ment l\u2019une des raisons qui a conduit Jean-Marc Doussain au mondial au pays au long nuage blanc. Lui qui a \u00e9t\u00e9 titulaire lors du titre de Toulouse gagn\u00e9 face \u00e0 Montpellier (15-10) en 2011. \u00ab\u00a0Quand tu jouais \u00e0 19 ans un match de phase finale avec Toulouse c\u2019est comme si tu faisais 10 matchs du Top 14. \u00c7a m\u2019a s\u00fbrement aid\u00e9 pour aller en \u00e9quipe de France\u00a0\u00bb, sugg\u00e8re-t-il.\u00a0<\/p>\n<p class=\" wall-content\">Dans un premier temps, <strong>Marc Li\u00e8vremont<\/strong> reconna\u00eet \u00ab\u00a0ne pas avoir de souvenir sur la mani\u00e8re dont il a \u00e9t\u00e9 accueilli. La p\u00e9riode \u00e9tait bien dense et complexe.\u00a0\u00bb Avant de souligner avec humour \u00ab\u00a0avoir un faible pour l\u2019Ari\u00e8ge\u00a0\u00bb en r\u00e9f\u00e9rence aux origines ari\u00e9geoises de Doussain, l\u2019ancien s\u00e9lectionneur des Bleus se souvient des facteurs qui l\u2019ont pouss\u00e9 \u00e0 appeler ce jeune joueur :\u00a0<\/p>\n<blockquote class=\"ac-article-quote wall-content\">\n<p>\u00ab\u00a0On le suivait car il avait d\u00e9j\u00e0 jou\u00e9 pas mal de matchs avec le Stade toulousain. J&rsquo;avais aim\u00e9 sa fra\u00eecheur, sa spontan\u00e9it\u00e9 et son c\u00f4t\u00e9 puncheur. \u00c0 l&rsquo;\u00e9poque, c&rsquo;\u00e9tait un jeune joueur qui ne se posait pas de questions et il avait une polyvalence av\u00e9r\u00e9e. Il cochait toutes les cases d&rsquo;un jeune pr\u00e9coce et capable de s&rsquo;int\u00e9grer aussi vite. C&rsquo;\u00e9taient plusieurs arguments. On le pr\u00e9f\u00e9rait \u00e0 Fred Michalak puisque la question se posait. Mais Fr\u00e9d\u00e9ric avait peu jou\u00e9 avec nous et il \u00e9tait en Afrique du Sud.\u00a0\u00bb<\/p>\n<p>    <strong>Marc Li\u00e8vremont<\/strong><br \/>\n        Ancien s\u00e9lectionneur du XV de France     <\/p><\/blockquote>\n<p>Un petit regret pour Marc Li\u00e8vremont<\/p>\n<p class=\" wall-content\">Arriv\u00e9 aupr\u00e8s de l\u2019\u00e9quipe de France durant la phase de poule, Jean-Marc Doussain a fait sa premi\u00e8re apparition sur une feuille de match lors de la <strong>demi-finale<\/strong> contre le pays de Galles. Sans entrer en jeu\u2026 en attendant un \u00e9v\u00e9nement incroyable : le jeune rugbyman de 20 ans a connu sa <strong>premi\u00e8re s\u00e9lection<\/strong> en finale de Coupe du monde contre la Nouvelle-Z\u00e9lande.\u00a0<\/p>\n<p class=\" wall-content\">\u00ab\u00a0C\u2019est dingue r\u00e9trospectivement, souligne Marc Li\u00e8vremont avant de pr\u00e9ciser, il y a quelque chose dont je me souviens tr\u00e8s bien.\u00a0\u00bb Malgr\u00e9 la \u00ab\u00a0d\u00e9ception\u00a0\u00bb et \u00ab\u00a0la cruaut\u00e9\u00a0\u00bb de ce match dantesque perdu 7-8 par le XV de France, celui qui est aujourd\u2019hui consultant pour Canal + revient sur <strong>une id\u00e9e qu\u2019il avait dans son esprit<\/strong> :\u00a0<\/p>\n<blockquote class=\"ac-article-quote wall-content\">\n<p>\u00ab\u00a0Je m&rsquo;\u00e9tais mis en t\u00eate que Jean-Marc Doussain serait d\u00e9cisif lors de sa rentr\u00e9e. Fatalement, je savais qu&rsquo;il rentrerait au cours de cette finale. Je le voyais rentrer plus t\u00f4t : un quart d&rsquo;heure ou 20 minutes avant la fin. Depuis la tribune, je voyais Dimitri Yachvili jouer avec une blessure aux ischio-jambiers. Sur les 20 derni\u00e8res minutes, il est en difficult\u00e9 physiquement malgr\u00e9 son exp\u00e9rience et son talent. Je demande \u00e0 Milou (\u00c9mile Ntamack) au bord du terrain de le faire rentrer. Les \u00e9l\u00e9ments et le stress font que le changement est arriv\u00e9 tr\u00e8s tard \u00e0 la 76e minute mais je voulais le faire rentrer plus t\u00f4t.\u00a0\u00bb\u00a0<\/p>\n<p>    <strong>Marc Li\u00e8vremont <\/strong><br \/>\n        Ancien s\u00e9lectionneur du XV de France     <\/p><\/blockquote>\n<p class=\" wall-content\">\n<p>Un souvenir ind\u00e9l\u00e9bile<\/p>\n<p class=\" wall-content\">Comme un soulagement malgr\u00e9 ce souvenir douloureux, Marc Li\u00e8vremont nous confie \u00e0 la fin de l\u2019\u00e9change sur le sentiment que nous a partag\u00e9 celui qui a pris sa retraite \u00e0 Lyon en 2024 : \u00ab\u00a0Je suis vraiment content et tr\u00e8s heureux qu\u2019il ait v\u00e9cu ces moments-l\u00e0 et qu\u2019il en garde un bon souvenir.\u00a0\u00bb<\/p>\n<p class=\" wall-content\">Effectivement m\u00eame si la France n\u2019a jamais \u00e9t\u00e9 aussi pr\u00e8s de remporter la Coupe du monde, Jean-Marc Doussain a conclu avec nostalgie son propos sur ce souvenir ind\u00e9l\u00e9bile : \u00ab\u00a0C\u2019\u00e9tait incroyable. J\u2019y reviendrais bien\u2026\u00a0\u00bb<\/p>\n<p class=\" wall-content\">Suivez toute l\u2019actualit\u00e9 de vos villes et m\u00e9dias favoris en vous inscrivant \u00e0 <a href=\"https:\/\/moncompte.actu.fr\" title=\"D\u00e9couvez Mon Actu\" rel=\"nofollow noopener\" data-trk=\"{&quot;cta&quot;:{&quot;action&quot;:&quot;https:\\\/\\\/moncompte.actu.fr&quot;,&quot;category&quot;:&quot;mon compte&quot;,&quot;from&quot;:&quot;article footer&quot;,&quot;name&quot;:&quot;Mon actu&quot;,&quot;type&quot;:&quot;cta&quot;}}\" target=\"_blank\">Mon Actu<\/a>.<\/p>\n","protected":false},"excerpt":{"rendered":"Par Nicolas Dendri Publi\u00e9 le 13 mai 2025 \u00e0 17h45 Jean-Marc Doussain se souviendra toujours de sa premi\u00e8re&hellip;\n","protected":false},"author":2,"featured_media":97321,"comment_status":"","ping_status":"","sticky":false,"template":"","format":"standard","meta":{"footnotes":""},"categories":[1416],"tags":[2305,451,1011,27,3788,479,1468,60,513],"class_list":{"0":"post-97320","1":"post","2":"type-post","3":"status-publish","4":"format-standard","5":"has-post-thumbnail","7":"category-rugby","8":"tag-all-blacks","9":"tag-coupe-du-monde","10":"tag-fr","11":"tag-france","12":"tag-pro","13":"tag-rugby","14":"tag-rugby-football","15":"tag-sports","16":"tag-xv-de-france"},"share_on_mastodon":{"url":"https:\/\/pubeurope.com\/@fr\/114501668310497524","error":""},"_links":{"self":[{"href":"https:\/\/www.europesays.com\/fr\/wp-json\/wp\/v2\/posts\/97320","targetHints":{"allow":["GET"]}}],"collection":[{"href":"https:\/\/www.europesays.com\/fr\/wp-json\/wp\/v2\/posts"}],"about":[{"href":"https:\/\/www.europesays.com\/fr\/wp-json\/wp\/v2\/types\/post"}],"author":[{"embeddable":true,"href":"https:\/\/www.europesays.com\/fr\/wp-json\/wp\/v2\/users\/2"}],"replies":[{"embeddable":true,"href":"https:\/\/www.europesays.com\/fr\/wp-json\/wp\/v2\/comments?post=97320"}],"version-history":[{"count":0,"href":"https:\/\/www.europesays.com\/fr\/wp-json\/wp\/v2\/posts\/97320\/revisions"}],"wp:featuredmedia":[{"embeddable":true,"href":"https:\/\/www.europesays.com\/fr\/wp-json\/wp\/v2\/media\/97321"}],"wp:attachment":[{"href":"https:\/\/www.europesays.com\/fr\/wp-json\/wp\/v2\/media?parent=97320"}],"wp:term":[{"taxonomy":"category","embeddable":true,"href":"https:\/\/www.europesays.com\/fr\/wp-json\/wp\/v2\/categories?post=97320"},{"taxonomy":"post_tag","embeddable":true,"href":"https:\/\/www.europesays.com\/fr\/wp-json\/wp\/v2\/tags?post=97320"}],"curies":[{"name":"wp","href":"https:\/\/api.w.org\/{rel}","templated":true}]}}