{"id":97325,"date":"2025-05-13T17:22:11","date_gmt":"2025-05-13T17:22:11","guid":{"rendered":"https:\/\/www.europesays.com\/fr\/97325\/"},"modified":"2025-05-13T17:22:11","modified_gmt":"2025-05-13T17:22:11","slug":"le-gp-tres-mouvemente-de-bastianini","status":"publish","type":"post","link":"https:\/\/www.europesays.com\/fr\/97325\/","title":{"rendered":"le GP tr\u00e8s mouvement\u00e9 de Bastianini"},"content":{"rendered":"<p><a href=\"https:\/\/fr.motorsport.com\/driver\/enea-bastianini\/109398\/\" target=\"_blank\" rel=\"noopener\">Enea Bastianini<\/a> n&rsquo;aura pas franchement profit\u00e9 du Grand Prix \u00e0 domicile de son \u00e9quipe, le team Tech3. Le pilote italien s&rsquo;est en effet fait remarquer pendant le sprint lorsque les commissaires l&rsquo;ont jug\u00e9 <a href=\"https:\/\/fr.motorsport.com\/motogp\/news\/bastianini-penalise-contact-miller-mans\/10721747\/\" target=\"_self\" rel=\"noopener\">coupable d&rsquo;un contact avec Jack Miller<\/a> et l&rsquo;ont oblig\u00e9 \u00e0 rendre deux positions en pleine \u00e9preuve. Dimanche, les choses ne se sont pas franchement arrang\u00e9es.<\/p>\n<p>Bastianini a \u00e9t\u00e9 impliqu\u00e9 dans l&rsquo;accident survenu au d\u00e9part, dans la chicane Dunlop. Il a percut\u00e9 <a href=\"https:\/\/fr.motorsport.com\/driver\/pecco-bagnaia\/109394\/\" target=\"_blank\" rel=\"noopener\">Pecco Bagnaia<\/a>, provoquant la chute de son ancien co\u00e9quipier en m\u00eame temps que la sienne, et entra\u00eenant \u00e9galement un autre contact derri\u00e8re eux entre <a href=\"https:\/\/fr.motorsport.com\/driver\/joan-mir\/289392\/\" target=\"_blank\" rel=\"noopener\">Joan Mir<\/a> (tomb\u00e9 et bless\u00e9 \u00e0 la main) et <a href=\"https:\/\/fr.motorsport.com\/driver\/johann-zarco\/96107\/\" target=\"_blank\" rel=\"noopener\">Johann Zarco<\/a> (pass\u00e9 hors piste).<\/p>\n<p>\u00ab\u00a0Je ne sais pas si Pecco a eu un souci mais il a frein\u00e9 tr\u00e8s t\u00f4t, moi j&rsquo;ai frein\u00e9 normalement et je n&rsquo;avais plus de place pour entrer. Malheureusement, c&rsquo;est comme \u00e7a. Je suis d\u00e9sol\u00e9 qu&rsquo;on soit tous tomb\u00e9s\u00a0\u00bb, a-t-il expliqu\u00e9 apr\u00e8s-coup.<\/p>\n<p>Lire aussi :<\/p>\n<p>Ce n&rsquo;\u00e9tait que le d\u00e9but des m\u00e9saventures d&rsquo;Enea Bastianini dans cette course extr\u00eamement mouvement\u00e9e. Tr\u00e8s vite remont\u00e9 en selle, il a tent\u00e9 tant bien que mal de se relancer, sachant qu&rsquo;il avait adopt\u00e9 la strat\u00e9gie majoritaire, c&rsquo;est-\u00e0-dire qu&rsquo;il avait chang\u00e9 de moto avant le tour de chauffe et pris le d\u00e9part en pneus slicks, avec deux long-laps \u00e0 effectuer.<\/p>\n<p>\u00ab\u00a0Une course dingue\u00a0!\u00a0Je crois que \u00e7a a \u00e9t\u00e9 difficile pour tout le monde parce que la situation en piste \u00e9tait vraiment limite. On a pris la d\u00e9cision de prendre le d\u00e9part en pneus slicks, car c&rsquo;\u00e9tait possible \u00e0 ce moment-l\u00e0\u00a0\u00bb, a-t-il relat\u00e9, admettant sans difficult\u00e9 s&rsquo;\u00eatre un peu perdu dans la compr\u00e9hension des \u00e9v\u00e9nements\u00a0:\u00a0\u00ab\u00a0\u00c7a a \u00e9t\u00e9 vraiment \u00e9trange. Une course \u00e0 laquelle on ne comprenait plus rien \u00e0 un moment donn\u00e9.\u00a0\u00bb<\/p>\n<p>D\u00e8s le quatri\u00e8me tour, le pilote Tech3 \u00e9tait le premier \u00e0 avoir termin\u00e9 d&rsquo;ex\u00e9cuter le double long-lap dont il avait \u00e9cop\u00e9 pour le changement de pneus, <a href=\"https:\/\/fr.motorsport.com\/motogp\/news\/changement-procedure-depart-reglement-motogp\/10720147\/\" target=\"_self\" rel=\"noopener\">selon les termes des nouvelles r\u00e8gles sur la question<\/a>. Et grand bien lui en a pris, car il allait en faire deux autres par la suite, la faute \u00e0 un passage trop rapide dans la pitlane pour changer de moto, dans le sixi\u00e8me tour. Entre-temps, il \u00e9tait tomb\u00e9 une seconde fois, au cinqui\u00e8me tour\u00a0!<\/p>\n<p>\u00ab\u00a0J&rsquo;ai essay\u00e9 de rejoindre la course et de continuer, mais je suis tomb\u00e9 \u00e0 nouveau. J&rsquo;ai eu de la chance parce qu&rsquo;il s&rsquo;est mis \u00e0 pleuvoir quand j&rsquo;ai chang\u00e9 de moto car la mienne \u00e9tait compl\u00e8tement d\u00e9truite. Je me suis dit &lsquo;allez, on va essayer de faire le maximum&rsquo;. Je suis reparti avec la moto pour le mouill\u00e9, sauf que les gars au stand n&rsquo;avaient pas mis le limiteur de vitesse et je suis arriv\u00e9 [trop vite dans la pitlane], donc encore un double long-lap\u00a0!\u00a0\u00bb<\/p>\n<p>Trois points miraculeux \u00e0 l&rsquo;arriv\u00e9e<\/p>\n<p>Cette infraction lui a en effet valu une nouvelle sanction, dont il s&rsquo;est encore acquitt\u00e9 tr\u00e8s rapidement. Lorsque le cap de la mi-course a \u00e9t\u00e9 atteint, Bastianini en avait enfin termin\u00e9 de toutes ses m\u00e9saventures et il occupait la 16e position, \u00e0 un tour du leader et futur vainqueur Johann Zarco. Il finira par passer sous le drapeau \u00e0 damier \u00e0 la 13e place, avec trois points assez inesp\u00e9r\u00e9s dans sa besace.<\/p>\n<p>\u00ab\u00a0\u00c7a fait des erreurs de la part de tout le monde, mais au final on rapporte trois points et on va essayer tous ensemble de faire du bon boulot \u00e0 l&rsquo;avenir\u00a0\u00bb, soulignait le pilote Tech3 apr\u00e8s ce passage plut\u00f4t chaotique par la Sarthe. Et c&rsquo;est sans oublier qu&rsquo;il en est reparti avec une derni\u00e8re p\u00e9nalit\u00e9\u00a0:\u00a0un autre long-lap, que les commissaires lui ont inflig\u00e9 pour l&rsquo;accident du d\u00e9part et qu&rsquo;il devra effectuer au prochain Grand Prix.<\/p>\n<p>   <img decoding=\"async\" draggable=\"false\" src=\"https:\/\/www.europesays.com\/fr\/wp-content\/uploads\/2025\/05\/1747156931_517_enea-bastianini-red-bull-ktm-t.jpg\" alt=\"Enea Bastianini (Tech3).\" width=\"1200\" height=\"800\" loading=\"lazy\"\/> <\/p>\n<p class=\"title\">Enea Bastianini (Tech3).<\/p>\n<p class=\"photographer\">Photo de: Gold and Goose Photography \/ LAT Images \/ via Getty Images<\/p>\n<p>\u00ab\u00a0Cette course me plaisait beaucoup et je suis d\u00e9sol\u00e9 de ne pas avoir obtenu un bon r\u00e9sultat. \u00c0 Silverstone, il y a l&rsquo;occasion de se racheter. Il va falloir que je fasse mon long-lap pendant la course, alors je vais essayer de compter un peu plus sur le sprint\u00a0!\u00a0\u00bb<\/p>\n<p>\u00ab\u00a0Ce que je regrette le plus, c&rsquo;est peut-\u00eatre de ne pas avoir mis les pneus pluie\u00a0\u00bb, observait-il apr\u00e8s l&rsquo;arriv\u00e9e. \u00ab\u00a0Je pense qu&rsquo;en partant avec les pneus pluie, il y avait moyen de figurer parmi les trois ou quatre premiers, le rythme \u00e9tait tr\u00e8s bon. J&rsquo;\u00e9tais assez rapide, donc c&rsquo;est s\u00fbrement une opportunit\u00e9 manqu\u00e9e. On aurait d\u00fb faire l&rsquo;inverse de ce qu&rsquo;on fait les autres, au lieu de \u00e7a on a suivi la majorit\u00e9 et on a certainement fait une erreur.\u00a0\u00bb<\/p>\n<p>Bastianini a n\u00e9anmoins tenu \u00e0 souligner un potentiel int\u00e9ressant sur le mouill\u00e9\u00a0:\u00a0\u00ab\u00a0Les sensations n&rsquo;\u00e9taient pas bonnes parce que la situation \u00e9tait tr\u00e8s critique, l&rsquo;asphalte glissait beaucoup. Mais c&rsquo;\u00e9tait critique pour tout le monde et si je regarde la vitesse que j&rsquo;ai eue en piste, elle a \u00e9t\u00e9 super bonne, probablement meilleure que les hommes du podium. Pas par rapport \u00e0 Johann, qui \u00e9tait tr\u00e8s rapide, mais Marc [M\u00e1rquez] et Ferm\u00edn\u00a0 [Aldeguer] \u00e9taient tr\u00e8s proches de moi.\u00a0\u00bb<\/p>\n<p>Lire aussi :<\/p>\n<p>Dans cet article<\/p>\n<p>    L\u00e9na Buffa\n<\/p>\n<p>    MotoGP\n<\/p>\n<p>    Enea Bastianini\n<\/p>\n<p>    Tech 3\n<\/p>\n<p>Soyez le premier inform\u00e9 et souscrivez aux alertes mails pour recevoir les infos en temps r\u00e9el<\/p>\n<p>    S&rsquo;abonner aux alertes de news<\/p>\n","protected":false},"excerpt":{"rendered":"Enea Bastianini n&rsquo;aura pas franchement profit\u00e9 du Grand Prix \u00e0 domicile de son \u00e9quipe, le team Tech3. Le&hellip;\n","protected":false},"author":2,"featured_media":97326,"comment_status":"","ping_status":"","sticky":false,"template":"","format":"standard","meta":{"footnotes":""},"categories":[1412],"tags":[3377,1451,1452,1453,1454,1455,1011,27,15545,15546,1458,60,3374],"class_list":{"0":"post-97325","1":"post","2":"type-post","3":"status-publish","4":"format-standard","5":"has-post-thumbnail","7":"category-f1","8":"tag-enea-bastianini","9":"tag-f1","10":"tag-formula-1","11":"tag-formula1","12":"tag-formule-1","13":"tag-formule1","14":"tag-fr","15":"tag-france","16":"tag-gp-de-france","17":"tag-le-mans-circuit-bugatti","18":"tag-motogp","19":"tag-sports","20":"tag-tech-3"},"share_on_mastodon":{"url":"https:\/\/pubeurope.com\/@fr\/114501683961321210","error":""},"_links":{"self":[{"href":"https:\/\/www.europesays.com\/fr\/wp-json\/wp\/v2\/posts\/97325","targetHints":{"allow":["GET"]}}],"collection":[{"href":"https:\/\/www.europesays.com\/fr\/wp-json\/wp\/v2\/posts"}],"about":[{"href":"https:\/\/www.europesays.com\/fr\/wp-json\/wp\/v2\/types\/post"}],"author":[{"embeddable":true,"href":"https:\/\/www.europesays.com\/fr\/wp-json\/wp\/v2\/users\/2"}],"replies":[{"embeddable":true,"href":"https:\/\/www.europesays.com\/fr\/wp-json\/wp\/v2\/comments?post=97325"}],"version-history":[{"count":0,"href":"https:\/\/www.europesays.com\/fr\/wp-json\/wp\/v2\/posts\/97325\/revisions"}],"wp:featuredmedia":[{"embeddable":true,"href":"https:\/\/www.europesays.com\/fr\/wp-json\/wp\/v2\/media\/97326"}],"wp:attachment":[{"href":"https:\/\/www.europesays.com\/fr\/wp-json\/wp\/v2\/media?parent=97325"}],"wp:term":[{"taxonomy":"category","embeddable":true,"href":"https:\/\/www.europesays.com\/fr\/wp-json\/wp\/v2\/categories?post=97325"},{"taxonomy":"post_tag","embeddable":true,"href":"https:\/\/www.europesays.com\/fr\/wp-json\/wp\/v2\/tags?post=97325"}],"curies":[{"name":"wp","href":"https:\/\/api.w.org\/{rel}","templated":true}]}}