{"id":973332,"date":"2026-06-02T16:20:16","date_gmt":"2026-06-02T16:20:16","guid":{"rendered":"https:\/\/www.europesays.com\/fr\/973332\/"},"modified":"2026-06-02T16:20:16","modified_gmt":"2026-06-02T16:20:16","slug":"bar-le-duc-la-ville-recherche-ses-jeunes-ambassadeurs-du-patrimoine","status":"publish","type":"post","link":"https:\/\/www.europesays.com\/fr\/973332\/","title":{"rendered":"Bar-le-Duc. La ville recherche ses jeunes ambassadeurs du patrimoine"},"content":{"rendered":"<p>Combien de Barisiens ont d\u00e9j\u00e0 eu l\u2019occasion de p\u00e9n\u00e9trer dans l\u2019\u00e9glise Saint-Antoine\u00a0? Peu certainement. Combien de Barisiens auraient envie de d\u00e9couvrir l\u2019int\u00e9rieur de cette \u00e9glise, dont la toiture a \u00e9t\u00e9 totalement r\u00e9nov\u00e9e voil\u00e0 plusieurs ann\u00e9es\u00a0? Beaucoup probablement.<\/p>\n<p>Quant aux touristes, on imagine la frustration qui peut \u00eatre la leur de trouver porte close, ferm\u00e9e \u00e0 double tour et sans indication d\u2019horaires d\u2019ouverture.<\/p>\n<p>Et pour cause, hormis pour quelques concerts ou les Journ\u00e9es europ\u00e9ennes du patrimoine, cet \u00e9difice religieux n\u2019est jamais ouvert au public.<\/p>\n<p>Une situation qui devrait tr\u00e8s bient\u00f4t faire partie du pass\u00e9 gr\u00e2ce \u00e0 des jeunes qui sont invit\u00e9s \u00e0 devenir des jeunes ambassadeurs du patrimoine gr\u00e2ce \u00e0 l\u2019association \u00e9ponyme.<\/p>\n<p>Vendredi 29\u00a0mai, plusieurs membres de l\u2019association et Beno\u00eet Damant, adjoint au maire en charge de la vie culturelle et du patrimoine, sont all\u00e9s \u00e0 la rencontre de lyc\u00e9ens \u00e0 Poincar\u00e9 et de coll\u00e9giens \u00e0 Theuriet afin de leur pr\u00e9senter <a href=\"https:\/\/www.estrepublicain.fr\/culture-loisirs\/2024\/12\/06\/les-jeunes-ambassadeurs-du-patrimoine-tracent-leur-route\" target=\"_blank\" rel=\"nofollow noopener\"> les missions des jeunes ambassadeurs du patrimoine.<\/a><\/p>\n<p>  A vos inscriptions<\/p>\n<p>Pour devenir JAP, il faut avoir au moins 12 ans. Si \u00e9videmment ceux qui s\u2019int\u00e9ressent au patrimoine, \u00e0 l\u2019histoire\u2026 devraient avoir envie de s\u2019investir pour le patrimoine, tout jeune qui a envie de donner \u00e0 sa ville est le bienvenu.<\/p>\n<p>Pour le lancement du dispositif, les jeunes seront amen\u00e9s \u00e0 proposer des visites guid\u00e9es de l\u2019\u00e9glise Saint-Antoine. \u00ab\u00a0\u00c0 partir de d\u00e9but juillet, celle-ci sera ouverte aux visites du lundi au vendredi de 14\u00a0h \u00e0 18\u00a0h\u00a0\u00bb, se r\u00e9jouit Beno\u00eet Damant.<\/p>\n<p>Une fois inscrits sur le site de l\u2019association (lesjeunesambassadeursupatrimoine.fr), les futurs JAP b\u00e9n\u00e9ficieront d\u2019une petite formation pour leur permettre d\u2019\u00eatre \u00e0 l\u2019aise lors des visites qu\u2019ils effectueront en bin\u00f4me. Et sans le stress du trou de m\u00e9moire puisqu\u2019ils disposeront d\u2019un petit livret explicatif r\u00e9alis\u00e9 par l\u2019association. Flavien, 18 ans, figurera parmi les premiers inscrits. Passionn\u00e9 d\u2019histoire, d\u2019art, d\u2019architecture, il est pr\u00eat \u00e0 rev\u00eatir le T shirt rouge des JAP.<\/p>\n<p>\u00ab\u00a0Notre mission est vraiment de rendre les jeunes acteurs de leur territoire et qu\u2019ils aient conscience qu\u2019on compte sur eux pour assurer la rel\u00e8ve en mati\u00e8re de sauvegarde, de valorisation et de transmission du patrimoine\u00a0\u00bb, insiste Nanou Bouillet, rejointe dans ses propose par Beno\u00eet Dejaiffe. Il rappelle que \u00ab\u00a0le projet de la municipalit\u00e9 est de faire aimer le patrimoine\u00a0\u00bb. \u00c0 Bar-le-Duc, cela devrait bient\u00f4t passer par les jeunes.<\/p>\n<p class=\"note\">Inscriptions jusqu\u2019au 15\u00a0juin sur wwwlesjeunesambassadeursdupatrimoine.fr. Renseignements compl\u00e9mentaires par mail \u00e0 contact@les-jap.fr ou par t\u00e9l\u00e9phone au 06\u00a041\u00a043\u00a010\u00a031.<\/p>\n","protected":false},"excerpt":{"rendered":"Combien de Barisiens ont d\u00e9j\u00e0 eu l\u2019occasion de p\u00e9n\u00e9trer dans l\u2019\u00e9glise Saint-Antoine\u00a0? Peu certainement. Combien de Barisiens auraient&hellip;\n","protected":false},"author":2,"featured_media":973333,"comment_status":"","ping_status":"","sticky":false,"template":"","format":"standard","meta":{"footnotes":"","_share_on_mastodon":"0"},"categories":[9635],"tags":[1111,11,3600,3601,1687,3602,1777,674,1011,27,775,1702,12,2661,25],"class_list":["post-973332","post","type-post","status-publish","format-standard","has-post-thumbnail","category-nancy","tag-actu","tag-actualites","tag-bar-le-duc","tag-bar-le-duc-ville-55a","tag-culture-loisirs","tag-edition-bar-le-duc","tag-eu","tag-europe","tag-fr","tag-france","tag-grand-est","tag-nancy","tag-news","tag-patrimoine-culturel","tag-republique-francaise"],"share_on_mastodon":{"url":"https:\/\/pubeurope.com\/@fr\/116681429984614556","error":""},"_links":{"self":[{"href":"https:\/\/www.europesays.com\/fr\/wp-json\/wp\/v2\/posts\/973332","targetHints":{"allow":["GET"]}}],"collection":[{"href":"https:\/\/www.europesays.com\/fr\/wp-json\/wp\/v2\/posts"}],"about":[{"href":"https:\/\/www.europesays.com\/fr\/wp-json\/wp\/v2\/types\/post"}],"author":[{"embeddable":true,"href":"https:\/\/www.europesays.com\/fr\/wp-json\/wp\/v2\/users\/2"}],"replies":[{"embeddable":true,"href":"https:\/\/www.europesays.com\/fr\/wp-json\/wp\/v2\/comments?post=973332"}],"version-history":[{"count":0,"href":"https:\/\/www.europesays.com\/fr\/wp-json\/wp\/v2\/posts\/973332\/revisions"}],"wp:featuredmedia":[{"embeddable":true,"href":"https:\/\/www.europesays.com\/fr\/wp-json\/wp\/v2\/media\/973333"}],"wp:attachment":[{"href":"https:\/\/www.europesays.com\/fr\/wp-json\/wp\/v2\/media?parent=973332"}],"wp:term":[{"taxonomy":"category","embeddable":true,"href":"https:\/\/www.europesays.com\/fr\/wp-json\/wp\/v2\/categories?post=973332"},{"taxonomy":"post_tag","embeddable":true,"href":"https:\/\/www.europesays.com\/fr\/wp-json\/wp\/v2\/tags?post=973332"}],"curies":[{"name":"wp","href":"https:\/\/api.w.org\/{rel}","templated":true}]}}