{"id":973342,"date":"2026-06-02T16:25:16","date_gmt":"2026-06-02T16:25:16","guid":{"rendered":"https:\/\/www.europesays.com\/fr\/973342\/"},"modified":"2026-06-02T16:25:16","modified_gmt":"2026-06-02T16:25:16","slug":"printemps-des-comediens-3-spectacles-qui-reveillent-montpellier","status":"publish","type":"post","link":"https:\/\/www.europesays.com\/fr\/973342\/","title":{"rendered":"Printemps des Com\u00e9diens : 3 spectacles qui r\u00e9veillent Montpellier"},"content":{"rendered":"<p>Sous la futaie du parc du Domaine d\u2019O, le parcours festivalier s\u2019ouvre sur le cin\u00e9ma, passe par le Chili et s\u2019amuse \u00e0 d\u00e9noncer les poncifs d\u2019une Gaule identitaire.<\/p>\n<p>Avec un hommage amus\u00e9 au cin\u00e9ma fran\u00e7ais du si\u00e8cle dernier, On fera mieux la prochaine fois de Nicolas Heredia \u00e9voque nos stars du pass\u00e9, de <a href=\"https:\/\/www.lesinrocks.com\/cinema\/romy-schneider-lentretien-verite-150157-14-04-2020\/\" rel=\"nofollow noopener\" target=\"_blank\">Romy Schneider<\/a> \u00e0 <a href=\"https:\/\/www.lesinrocks.com\/cinema\/brigitte-bardot-est-morte-evaporation-dun-mythe-controverse-627088-28-12-2025\/\" rel=\"nofollow noopener\" target=\"_blank\">Brigitte Bardot<\/a>, de Jean-Louis Trintignant \u00e0 Patrick Dewaere\u2026 Dans un d\u00e9cor digne d\u2019un studio radio, l\u2019amusant protocole propos\u00e9 \u00e0 des interpr\u00e8tes \u00e9quip\u00e9s de casques audio devient un jeu comique quand il s\u2019agit de doubler en direct des archives sonores r\u00e9unissant des interviews de ces figures de l\u2019\u00e9cran. Certaines parlent trop vite o\u00f9 mangent leurs mots et, dans l\u2019\u00e9preuve, les r\u00e9actions des com\u00e9diens et com\u00e9diennes deviennent aussi importantes que les propos de leurs mod\u00e8les. Un plaisant moment qui nous ram\u00e8ne \u00e0 une \u00e9poque o\u00f9 les vedettes se livraient avec franchise et une belle candeur aux questions de la presse (tourn\u00e9e jusqu\u2019en mai 2027).<\/p>\n<p>On change de continent avec Vania, une proposition inscrivant le chef d\u2019\u0153uvre de <a href=\"https:\/\/www.lesinrocks.com\/arts-et-scenes\/thomas-ostermeier-tchekhov-serait-de-nos-jours-un-militant-des-droits-de-lhomme-74805-11-03-2016\/\" rel=\"nofollow noopener\" target=\"_blank\">Tchekhov<\/a> dans le contexte d\u2019un retour de manivelle o\u00f9 les pays d\u2019Am\u00e9rique latine renouent dans les urnes avec le populisme de l\u2019extr\u00eame droite. Sous la direction de l\u2019Argentin, Guillermo Cacace, une troupe chilienne transforme Oncle Vania, en un c\u00e9r\u00e9monial de possession. Le metteur en sc\u00e8ne s\u2019inspire de la premi\u00e8re version du texte, Le G\u00e9nie de la for\u00eat, o\u00f9 l\u2019auteur convoquait des spectres. Ayant r\u00e9p\u00e9t\u00e9 dans le nord du Chili \u00e0 Antofagasta, ville situ\u00e9e dans l\u2019Atacama, le metteur en sc\u00e8ne s\u2019inspire des l\u00e9gendes locales du d\u00e9sert pour transformer le drame intimiste en une proposition charnelle proche de la transe. M\u00e9taphore politique d\u2019un continent qui cauchemarde du retour de ses d\u00e9mons, Vania devient alors un rituel sorcier ayant valeur d\u2019exorcisme (tourn\u00e9e en pr\u00e9paration).<\/p>\n<p>Une critique d\u00e9licieuse du concept d\u2019identit\u00e9<\/p>\n<p>Retour en Europe avec Les Gaulois de Marion Aubert dans une mise en sc\u00e8ne de Thomas Blanchard et Olivier Martin-Salvan. Avec pour d\u00e9cor un petit chemin de campagne qui grimpe une colline au relief de toboggan, le spectacle commence par l\u2019impayable num\u00e9ro de deux sangliers \u00e0 l\u2019heure du petit d\u00e9jeuner. La mise en bo\u00eete des images d\u2019Epinal d\u2019un \u201croman national\u201d cens\u00e9 r\u00e9unir une France m\u00e9tiss\u00e9e sous la banni\u00e8re d\u2019anc\u00eatres Gaulois. Le couple d\u2019acteurs (Thomas Blanchard et Olivier Martin-Salvan) commence par un clin d\u2019\u0153il aux fameux sangliers de la bande dessin\u00e9e de <a href=\"https:\/\/www.lesinrocks.com\/actu\/documentaire-portrait-de-rene-goscinny-le-geant-de-la-bd-123913-11-10-2017\/\" rel=\"nofollow noopener\" target=\"_blank\">Ren\u00e9 Goscinny<\/a> et <a href=\"https:\/\/www.lesinrocks.com\/livres\/albert-uderzo-dessinateur-dasterix-est-decede-147301-24-03-2020\/\" rel=\"nofollow noopener\" target=\"_blank\">Albert Uderzo<\/a>. Partant d\u2019Ast\u00e9rix et Ob\u00e9lix pour s\u2019amuser d\u2019autres duettistes c\u00e9l\u00e8bres, Laurel et Hardy ou <a href=\"https:\/\/www.lesinrocks.com\/arts-et-scenes\/don-quichotte-au-mucem-le-chevalier-errant-mis-a-lhonneur-par-une-variete-dartistes-684454-20-11-2025\/\" rel=\"nofollow noopener\" target=\"_blank\">Don Quichotte<\/a> et Sancho Panza, le spectacle s\u2019av\u00e8re une critique d\u00e9licieuse du concept d\u2019identit\u00e9. \u00c0 l\u2019approche des \u00e9ch\u00e9ances \u00e9lectorales \u00e0 venir, une salutaire d\u00e9nonciation des enfermements id\u00e9ologiques de l\u2019extr\u00eame droite (En tourn\u00e9e jusqu\u2019en f\u00e9vrier 2027).<\/p>\n<p><strong>40e \u00e9dition du Printemps des Com\u00e9diens au Domaine d\u2019O, jusqu\u2019au 21 juin \u00e0 Montpellier.<\/strong><\/p>\n","protected":false},"excerpt":{"rendered":"Sous la futaie du parc du Domaine d\u2019O, le parcours festivalier s\u2019ouvre sur le cin\u00e9ma, passe par le&hellip;\n","protected":false},"author":2,"featured_media":973343,"comment_status":"","ping_status":"","sticky":false,"template":"","format":"standard","meta":{"footnotes":"","_share_on_mastodon":"0"},"categories":[9599],"tags":[1111,11,8716,1777,674,1011,27,2208,12,2680,25],"class_list":["post-973342","post","type-post","status-publish","format-standard","has-post-thumbnail","category-montpellier","tag-actu","tag-actualites","tag-cafeyn","tag-eu","tag-europe","tag-fr","tag-france","tag-montpellier","tag-news","tag-occitanie","tag-republique-francaise"],"share_on_mastodon":{"url":"https:\/\/pubeurope.com\/@fr\/116681449729031787","error":""},"_links":{"self":[{"href":"https:\/\/www.europesays.com\/fr\/wp-json\/wp\/v2\/posts\/973342","targetHints":{"allow":["GET"]}}],"collection":[{"href":"https:\/\/www.europesays.com\/fr\/wp-json\/wp\/v2\/posts"}],"about":[{"href":"https:\/\/www.europesays.com\/fr\/wp-json\/wp\/v2\/types\/post"}],"author":[{"embeddable":true,"href":"https:\/\/www.europesays.com\/fr\/wp-json\/wp\/v2\/users\/2"}],"replies":[{"embeddable":true,"href":"https:\/\/www.europesays.com\/fr\/wp-json\/wp\/v2\/comments?post=973342"}],"version-history":[{"count":0,"href":"https:\/\/www.europesays.com\/fr\/wp-json\/wp\/v2\/posts\/973342\/revisions"}],"wp:featuredmedia":[{"embeddable":true,"href":"https:\/\/www.europesays.com\/fr\/wp-json\/wp\/v2\/media\/973343"}],"wp:attachment":[{"href":"https:\/\/www.europesays.com\/fr\/wp-json\/wp\/v2\/media?parent=973342"}],"wp:term":[{"taxonomy":"category","embeddable":true,"href":"https:\/\/www.europesays.com\/fr\/wp-json\/wp\/v2\/categories?post=973342"},{"taxonomy":"post_tag","embeddable":true,"href":"https:\/\/www.europesays.com\/fr\/wp-json\/wp\/v2\/tags?post=973342"}],"curies":[{"name":"wp","href":"https:\/\/api.w.org\/{rel}","templated":true}]}}