{"id":973386,"date":"2026-06-02T16:52:22","date_gmt":"2026-06-02T16:52:22","guid":{"rendered":"https:\/\/www.europesays.com\/fr\/973386\/"},"modified":"2026-06-02T16:52:22","modified_gmt":"2026-06-02T16:52:22","slug":"sept-tonnes-de-drogue-en-plein-paris-condamnation-definitive-pour-lex-chef-des-stups-actualites","status":"publish","type":"post","link":"https:\/\/www.europesays.com\/fr\/973386\/","title":{"rendered":"Sept tonnes de drogue en plein Paris : condamnation d\u00e9finitive pour l&rsquo;ex-chef des stups : Actualit\u00e9s"},"content":{"rendered":"<p class=\"lead \">L&rsquo;ex-patron de l&rsquo;Office fran\u00e7ais de r\u00e9pression du trafic de stup\u00e9fiants, condamn\u00e9 en mars \u00e0 un an de prison avec sursis pour complicit\u00e9 dans l&rsquo;acheminement, en plein Paris, de sept tonnes de cannabis en 2015, n&rsquo;a pas fait appel, rendant sa condamnation d\u00e9finitive, a annonc\u00e9 mardi le parquet.<\/p>\n<p class=\"lead \">Dans cette affaire retentissante qui a conduit \u00e0 r\u00e9former la lutte antidrogue en France, le tribunal de Bordeaux avait jug\u00e9 Fran\u00e7ois Thierry coupable d&rsquo;avoir \u00ab\u00a0apport\u00e9 (son) aide \u00e0 un trafic\u00a0\u00bb au profit de son principal informateur, Sophiane Hambli. Le parquet avait requis sa relaxe.<\/p>\n<p class=\"lead \">Contrairement \u00e0 ce que ses avocats avaient annonc\u00e9 \u00e0 l&rsquo;issue du proc\u00e8s, le policier n&rsquo;a \u00ab\u00a0pas interjet\u00e9 appel de sa condamnation\u00a0\u00bb, a d\u00e9clar\u00e9 mardi \u00e0 l&rsquo;AFP le parquet de Bordeaux (sud-ouest).<\/p>\n<p class=\"lead \">Me Francis Szpiner, l&rsquo;un des avocats de Fran\u00e7ois Thierry (58 ans), avait fustig\u00e9 au terme du proc\u00e8s une \u00ab\u00a0condamnation injuste\u00a0\u00bb de son client, qui dirige actuellement le Service de la transformation num\u00e9rique de la police nationale.<\/p>\n<p class=\"lead \">Sophiane Hambli, \u00e2g\u00e9 de 50 ans, d\u00e9tenu au Maroc et jug\u00e9 en son absence, a \u00e9t\u00e9 condamn\u00e9 \u00e0 20 ans de prison. Parmi la quinzaine d&rsquo;autres pr\u00e9venus, des peines allant jusqu&rsquo;\u00e0 8 ans de prison ont \u00e9t\u00e9 prononc\u00e9es.<\/p>\n<p class=\"lead \">Le parquet de Bordeaux a pr\u00e9cis\u00e9 mardi avoir interjet\u00e9 appel des peines prononc\u00e9es concernant Sophiane Hambli et cinq autres mis en cause. <\/p>\n<p class=\"lead \">\u00c0 l&rsquo;audience, l&rsquo;ex-patron de l&rsquo;Office central de r\u00e9pression du trafic illicite de stup\u00e9fiants (Ocrtis) avait d\u00e9fendu la strat\u00e9gie \u00ab\u00a0Myrmidon\u00a0\u00bb, mise en place lorsqu&rsquo;il dirigeait l&rsquo;office, entre 2010 et 2016: infiltrer des fili\u00e8res gr\u00e2ce \u00e0 des \u00ab\u00a0indics\u00a0\u00bb, quitte \u00e0 laisser entrer la drogue sur le territoire, pour appr\u00e9hender les t\u00eates de r\u00e9seau.<\/p>\n<p class=\"lead \">Pour l&rsquo;une de ces op\u00e9rations, il avait organis\u00e9 une garde \u00e0 vue fictive de Sophiane Hambli en 2012, des faits pour lesquels il a \u00e9t\u00e9 acquitt\u00e9 en 2024.<\/p>\n<p class=\"lead \">En 2015, une autre de ces affaires avait conduit les douanes, sur fond de guerre des services, \u00e0 saisir sept tonnes de r\u00e9sine de cannabis dans des fourgonnettes gar\u00e9es dans un quartier hupp\u00e9 de Paris, alors que la livraison \u00e9tait cens\u00e9e \u00eatre \u00ab\u00a0surveill\u00e9e\u00a0\u00bb par l&rsquo;Octris. <\/p>\n<p class=\"lead \">\u00ab\u00a0Un naufrage op\u00e9rationnel\u00a0\u00bb, avait reconnu \u00e0 la barre Fran\u00e7ois Thierry, martelant n&rsquo;avoir jamais \u00ab\u00a0voulu dissimuler quoi que ce soit\u00a0\u00bb.<\/p>\n<p class=\"small font-weight-bold text-gray3 \"> publi\u00e9 le 2 juin \u00e0 17h47, AFP<\/p>\n<p>                             Partager<\/p>\n","protected":false},"excerpt":{"rendered":"L&rsquo;ex-patron de l&rsquo;Office fran\u00e7ais de r\u00e9pression du trafic de stup\u00e9fiants, condamn\u00e9 en mars \u00e0 un an de prison&hellip;\n","protected":false},"author":2,"featured_media":973387,"comment_status":"","ping_status":"","sticky":false,"template":"","format":"standard","meta":{"footnotes":"","_share_on_mastodon":"0"},"categories":[1888],"tags":[1111,1928,11,1927,3992,1777,674,1011,27,303,2223,12,1926,626,1925,1072,4780,25],"class_list":["post-973386","post","type-post","status-publish","format-standard","has-post-thumbnail","category-paris","tag-actu","tag-actu-paris","tag-actualites","tag-actualites-paris","tag-drogues","tag-eu","tag-europe","tag-fr","tag-france","tag-justice","tag-maroc","tag-news","tag-news-paris","tag-paris","tag-paris-news","tag-police","tag-procs","tag-republique-francaise"],"share_on_mastodon":{"url":"https:\/\/pubeurope.com\/@fr\/116681555885416918","error":""},"_links":{"self":[{"href":"https:\/\/www.europesays.com\/fr\/wp-json\/wp\/v2\/posts\/973386","targetHints":{"allow":["GET"]}}],"collection":[{"href":"https:\/\/www.europesays.com\/fr\/wp-json\/wp\/v2\/posts"}],"about":[{"href":"https:\/\/www.europesays.com\/fr\/wp-json\/wp\/v2\/types\/post"}],"author":[{"embeddable":true,"href":"https:\/\/www.europesays.com\/fr\/wp-json\/wp\/v2\/users\/2"}],"replies":[{"embeddable":true,"href":"https:\/\/www.europesays.com\/fr\/wp-json\/wp\/v2\/comments?post=973386"}],"version-history":[{"count":0,"href":"https:\/\/www.europesays.com\/fr\/wp-json\/wp\/v2\/posts\/973386\/revisions"}],"wp:featuredmedia":[{"embeddable":true,"href":"https:\/\/www.europesays.com\/fr\/wp-json\/wp\/v2\/media\/973387"}],"wp:attachment":[{"href":"https:\/\/www.europesays.com\/fr\/wp-json\/wp\/v2\/media?parent=973386"}],"wp:term":[{"taxonomy":"category","embeddable":true,"href":"https:\/\/www.europesays.com\/fr\/wp-json\/wp\/v2\/categories?post=973386"},{"taxonomy":"post_tag","embeddable":true,"href":"https:\/\/www.europesays.com\/fr\/wp-json\/wp\/v2\/tags?post=973386"}],"curies":[{"name":"wp","href":"https:\/\/api.w.org\/{rel}","templated":true}]}}