{"id":973650,"date":"2026-06-02T19:32:27","date_gmt":"2026-06-02T19:32:27","guid":{"rendered":"https:\/\/www.europesays.com\/fr\/973650\/"},"modified":"2026-06-02T19:32:27","modified_gmt":"2026-06-02T19:32:27","slug":"ou-sont-les-riches-en-bretagne-voici-les-5-communes-qui-concentrent-le-plus-de-hauts-revenus","status":"publish","type":"post","link":"https:\/\/www.europesays.com\/fr\/973650\/","title":{"rendered":"O\u00f9 sont les riches en Bretagne\u00a0? Voici les 5 communes qui concentrent le plus de hauts revenus"},"content":{"rendered":"<p>O\u00f9 vivent les riches en France ? Pour cartographier la richesse dans les territoires, l\u2019Observatoire des in\u00e9galit\u00e9s dresse un classement \u00e0 partir des estimations \u00e9tablies par le bureau d\u2019\u00e9tudes Compas. Pour comprendre cette \u00e9tude, celle-ci se focalise sur les communes de France m\u00e9tropolitaine, La R\u00e9union et Martinique, d\u2019au moins 5 000 foyers fiscaux, et en ne retenant que les municipalit\u00e9s o\u00f9 la part de hauts revenus est sup\u00e9rieure ou \u00e9gale \u00e0 10 %.<\/p>\n<p>Dans ce classement, le statut de \u00ab riche \u00bb est d\u00e9fini selon un crit\u00e8re purement statistique : disposer d\u2019un niveau de vie sup\u00e9rieur au double du niveau de vie m\u00e9dian national, soit plus de 4 293 \u20ac par mois pour une personne seule, apr\u00e8s imp\u00f4ts et prestations sociales. \u00c9tablis \u00e0 partir des donn\u00e9es communales 2021 de l\u2019Insee, ces chiffres sont calcul\u00e9s avec un mod\u00e8le qui estime, \u00e0 partir des donn\u00e9es connues pour 2023, comment ont pu \u00e9voluer les revenus de 2021.<\/p>\n<p>Saint-Gr\u00e9goire en t\u00eate<\/p>\n<p>Dans ce classement, on constate que seulement cinq villes bretonnes parviennent \u00e0 se hisser dans ce club tr\u00e8s s\u00e9lect des hauts revenus nationaux. En t\u00eate, la commune de Saint-Gr\u00e9goire (Ille-et-Vilaine). Avec 17 % de sa population consid\u00e9r\u00e9e comme riche, cela signifie que pr\u00e8s d\u2019une personne sur six \u00e0 Saint-Gr\u00e9goire dispose d\u2019un niveau de vie sup\u00e9rieur \u00e0 4 293 \u20ac par mois. Pour l\u2019accompagner, trois autres communes d\u2019Ille-et-Vilaine int\u00e8grent ce classement de l\u2019Observatoire des in\u00e9galit\u00e9s : ses voisines de Rennes M\u00e9tropole, Pac\u00e9 (12 %) et Cesson-S\u00e9vign\u00e9 (12 %), ainsi que Dinard avec 10 % de sa population consid\u00e9r\u00e9e comme riche.<\/p>\n<p>Pour compl\u00e9ter le classement breton,<a href=\"https:\/\/www.letelegramme.fr\/morbihan\/lorient-56100\/larmor-plage-est-elle-devenue-un-ghetto-de-riches-infographie-6755338.php\" target=\"_blank\" rel=\"nofollow noopener\"> la commune morbihannaise de Larmor-Plage, en bord de mer au sud de Lorient<\/a>, arrive en deuxi\u00e8me position. Juste derri\u00e8re Saint-Gr\u00e9goire, 16 % de sa population est consid\u00e9r\u00e9e comme riche.<\/p>\n<p>Comment interpr\u00e9ter ces chiffres bretons ?<\/p>\n<p>Avec quatre communes sur cinq, l\u2019Ille-et-Vilaine \u00e9crase ce classement aid\u00e9 par la premi\u00e8re couronne rennaise o\u00f9 r\u00e9sident des cadres sup\u00e9rieurs et des dirigeants d\u2019entreprises. Autre fait marquant \u00e0 l\u2019\u00e9chelle de la r\u00e9gion, il n\u2019y a aucune commune du Finist\u00e8re et des C\u00f4tes-d\u2019Armor.<\/p>\n<p>Si l\u2019on prend du recul, \u00e0 l\u2019\u00e9chelle nationale, la Bretagne figure en retrait par rapport \u00e0 l\u2019\u00cele-de-France et l\u2019Auvergne-Rh\u00f4ne-Alpes qui trustent les 37 premi\u00e8res places de ce classement. Les deux r\u00e9gions sont port\u00e9es par la banlieue ouest parisienne et les communes frontali\u00e8res de la Suisse. Premi\u00e8re commune de Bretagne, Saint-Gr\u00e9goire se classe, elle, au 93e rang national.<\/p>\n<p>Avec Larmor-Plage, les deux communes affichent donc un taux \u00e9lev\u00e9 pour la r\u00e9gion, cependant elles restent tr\u00e8s \u00e9loign\u00e9es des villes o\u00f9 la part de riches est la plus forte. \u00c0 titre de comparaison\ufeff, Neuilly-sur-Seine (49 %) et Divonne-les-Bains (48 %), premi\u00e8re et deuxi\u00e8me du classement national, affichent un taux o\u00f9 pr\u00e8s de la moiti\u00e9 de la population d\u00e9passe le seuil de richesse.<\/p>\n","protected":false},"excerpt":{"rendered":"O\u00f9 vivent les riches en France ? Pour cartographier la richesse dans les territoires, l\u2019Observatoire des in\u00e9galit\u00e9s dresse&hellip;\n","protected":false},"author":2,"featured_media":973651,"comment_status":"","ping_status":"","sticky":false,"template":"","format":"standard","meta":{"footnotes":"","_share_on_mastodon":"0"},"categories":[2],"tags":[11,829,765,1011,27,848,93461,1781,3729,12,50972,584,25,3215],"class_list":["post-973650","post","type-post","status-publish","format-standard","has-post-thumbnail","category-actualites","tag-actualites","tag-bretagne","tag-en-continu","tag-fr","tag-france","tag-ille-et-vilaine","tag-larmor-plage","tag-lorient","tag-morbihan","tag-news","tag-newsletter-la-rennes-quotidienne","tag-rennes","tag-republique-francaise","tag-revenu"],"share_on_mastodon":{"url":"https:\/\/pubeurope.com\/@fr\/116682185058817890","error":""},"_links":{"self":[{"href":"https:\/\/www.europesays.com\/fr\/wp-json\/wp\/v2\/posts\/973650","targetHints":{"allow":["GET"]}}],"collection":[{"href":"https:\/\/www.europesays.com\/fr\/wp-json\/wp\/v2\/posts"}],"about":[{"href":"https:\/\/www.europesays.com\/fr\/wp-json\/wp\/v2\/types\/post"}],"author":[{"embeddable":true,"href":"https:\/\/www.europesays.com\/fr\/wp-json\/wp\/v2\/users\/2"}],"replies":[{"embeddable":true,"href":"https:\/\/www.europesays.com\/fr\/wp-json\/wp\/v2\/comments?post=973650"}],"version-history":[{"count":0,"href":"https:\/\/www.europesays.com\/fr\/wp-json\/wp\/v2\/posts\/973650\/revisions"}],"wp:featuredmedia":[{"embeddable":true,"href":"https:\/\/www.europesays.com\/fr\/wp-json\/wp\/v2\/media\/973651"}],"wp:attachment":[{"href":"https:\/\/www.europesays.com\/fr\/wp-json\/wp\/v2\/media?parent=973650"}],"wp:term":[{"taxonomy":"category","embeddable":true,"href":"https:\/\/www.europesays.com\/fr\/wp-json\/wp\/v2\/categories?post=973650"},{"taxonomy":"post_tag","embeddable":true,"href":"https:\/\/www.europesays.com\/fr\/wp-json\/wp\/v2\/tags?post=973650"}],"curies":[{"name":"wp","href":"https:\/\/api.w.org\/{rel}","templated":true}]}}