{"id":97390,"date":"2025-05-13T17:55:09","date_gmt":"2025-05-13T17:55:09","guid":{"rendered":"https:\/\/www.europesays.com\/fr\/97390\/"},"modified":"2025-05-13T17:55:09","modified_gmt":"2025-05-13T17:55:09","slug":"dote-dune-amabilite-exceptionnelle-il-a-marque-tous-ceux-et-celles-qui-lont-cotoye-lancien-maire-de-ce-village-du-bassin-cagnois-est-decede","status":"publish","type":"post","link":"https:\/\/www.europesays.com\/fr\/97390\/","title":{"rendered":"\u00ab\u00a0Dot\u00e9 d\u2019une amabilit\u00e9 exceptionnelle, il a marqu\u00e9 tous ceux et celles qui l\u2019ont c\u00f4toy\u00e9\u00a0\u00bb: l\u2019ancien maire de ce village du bassin cagnois est d\u00e9c\u00e9d\u00e9"},"content":{"rendered":"<p>C\u2019est avec beaucoup de tristesse que les habitants du village des Ferres \u2013 \u00e0 une trentaine de kilom\u00e8tres de Vence \u2013 ont appris le d\u00e9c\u00e8s de Claude Berenger survenu \u00e0 85 ans.<\/p>\n<p>Cette figure locale, qui a vu le jour le 9 ao\u00fbt 1940s\u2019est \u00e9teinte \u00e0 Nice dans la nuit du 11 au 12 mai, entour\u00e9 de son \u00e9pouse, enfant et petits-enfants.<\/p>\n<p>Cadre d\u2019EDF \u00e0 la retraite, Claude Berenger avait rejoint l\u2019\u00e9quipe municipale d\u00e8s 1983. Conseiller \u00e0 43 ans, puis premier adjoint en 1995, il avait \u00e9t\u00e9 \u00e9lu premier magistrat de la commune de 2001 \u00e0 2020. Cet \u00ab\u00a0homme g\u00e9n\u00e9reux et chaleureux\u00a0\u00bb, comme le d\u00e9crivent ses proches avait acquis des valeurs de vie qu\u2019il partageait avec tous les administr\u00e9s de son village de c\u0153ur.<\/p>\n<p>La long\u00e9vit\u00e9 de son mandat a permis la r\u00e9alisation de nombreux travaux, tels que le parking du ch\u00e2teau, la station d\u2019\u00e9puration&#8230; Le maire actuel, Georges Tossan salue la m\u00e9moire \u00ab\u00a0d\u2019un homme de conviction, d\u00e9vou\u00e9, efficace, tr\u00e8s investi dans sa fonction, sachant concilier humanit\u00e9 et pragmatisme dans l\u2019accomplissement de ses missions et suivre avec s\u00e9rieux l\u2019ensemble des dossiers dont il avait la charge. Son investissement, sa g\u00e9n\u00e9rosit\u00e9 et son d\u00e9vouement \u00e9taient appr\u00e9ci\u00e9s de tous. Dot\u00e9 d\u2019une amabilit\u00e9 exceptionnelle, il a marqu\u00e9 tous ceux et celles qui l\u2019ont c\u00f4toy\u00e9. Sa disparition laisse un grand vide\u00a0\u00bb.<\/p>\n<p>La c\u00e9r\u00e9monie religieuse se d\u00e9roulera en l\u2019\u00e9glise Saint-Roch vendredi 16 mai \u00e0 14h45.<\/p>\n","protected":false},"excerpt":{"rendered":"C\u2019est avec beaucoup de tristesse que les habitants du village des Ferres \u2013 \u00e0 une trentaine de kilom\u00e8tres&hellip;\n","protected":false},"author":2,"featured_media":97391,"comment_status":"","ping_status":"","sticky":false,"template":"","format":"standard","meta":{"footnotes":""},"categories":[2819],"tags":[1111,11,1777,674,1011,27,12,2401,882,25,3366],"class_list":{"0":"post-97390","1":"post","2":"type-post","3":"status-publish","4":"format-standard","5":"has-post-thumbnail","7":"category-nice","8":"tag-actu","9":"tag-actualites","10":"tag-eu","11":"tag-europe","12":"tag-fr","13":"tag-france","14":"tag-news","15":"tag-nice","16":"tag-provence-alpes-cote-dazur","17":"tag-republique-francaise","18":"tag-vie-locale"},"share_on_mastodon":{"url":"https:\/\/pubeurope.com\/@fr\/114501813785402578","error":""},"_links":{"self":[{"href":"https:\/\/www.europesays.com\/fr\/wp-json\/wp\/v2\/posts\/97390","targetHints":{"allow":["GET"]}}],"collection":[{"href":"https:\/\/www.europesays.com\/fr\/wp-json\/wp\/v2\/posts"}],"about":[{"href":"https:\/\/www.europesays.com\/fr\/wp-json\/wp\/v2\/types\/post"}],"author":[{"embeddable":true,"href":"https:\/\/www.europesays.com\/fr\/wp-json\/wp\/v2\/users\/2"}],"replies":[{"embeddable":true,"href":"https:\/\/www.europesays.com\/fr\/wp-json\/wp\/v2\/comments?post=97390"}],"version-history":[{"count":0,"href":"https:\/\/www.europesays.com\/fr\/wp-json\/wp\/v2\/posts\/97390\/revisions"}],"wp:featuredmedia":[{"embeddable":true,"href":"https:\/\/www.europesays.com\/fr\/wp-json\/wp\/v2\/media\/97391"}],"wp:attachment":[{"href":"https:\/\/www.europesays.com\/fr\/wp-json\/wp\/v2\/media?parent=97390"}],"wp:term":[{"taxonomy":"category","embeddable":true,"href":"https:\/\/www.europesays.com\/fr\/wp-json\/wp\/v2\/categories?post=97390"},{"taxonomy":"post_tag","embeddable":true,"href":"https:\/\/www.europesays.com\/fr\/wp-json\/wp\/v2\/tags?post=97390"}],"curies":[{"name":"wp","href":"https:\/\/api.w.org\/{rel}","templated":true}]}}