{"id":97430,"date":"2025-05-13T18:17:09","date_gmt":"2025-05-13T18:17:09","guid":{"rendered":"https:\/\/www.europesays.com\/fr\/97430\/"},"modified":"2025-05-13T18:17:09","modified_gmt":"2025-05-13T18:17:09","slug":"ce-que-coutera-la-baisse-du-tourisme-aux-etats-unis","status":"publish","type":"post","link":"https:\/\/www.europesays.com\/fr\/97430\/","title":{"rendered":"ce que co\u00fbtera la baisse du tourisme aux \u00c9tats-Unis"},"content":{"rendered":"<p>Les d\u00e9penses des touristes devraient reculer de 7% en moyenne aux \u00c9tats-Unis cette ann\u00e9e. La politique de Donald Trump et la vigueur du dollar d\u00e9tournent des visiteurs \u00e9trangers vers d\u2019autres destinations.<\/p>\n<p class=\"fig-paragraph\">C\u2019\u00e9tait attendu, c\u2019est d\u00e9sormais chiffr\u00e9. Les d\u00e9penses li\u00e9es aux voyages internationaux aux \u00c9tats-Unis devraient diminuer d\u2019environ 7 %, soit 12,5 milliards de dollars de manque \u00e0 gagner en 2025. Les raisons\u00a0? La politique clivante de Donald Trump et la vigueur du dollar incitant certains visiteurs \u00e9trangers, Canadiens et Mexicains en t\u00eate, \u00e0 opter pour d\u2019autres destinations, annonce le World Travel and Tourism Council (WTTC).<\/p>\n<p class=\"fig-paragraph\">Les voyageurs internationaux,\u00a0<a href=\"http:\/\/www.lefigaro.fr\/voyages\/voyages-aux-etats-unis-pourquoi-les-europeens-ralentissent-mais-pas-tout-a-fait-les-francais-20250505\" data-fig-type=\"Article\" data-gtm-custom-categorie=\"navigation\" data-gtm-custom-action=\"crossclick\" data-gtm-custom-label=\"Contextuel\" data-gtm-event=\"customEventSPE\" data-fig-domain=\"LEFIGARO\" target=\"_blank\" rel=\"noopener\">dont certains Fran\u00e7ais<\/a>,\u00a0<a href=\"http:\/\/www.lefigaro.fr\/voyages\/guides\/deja-un-effet-trump-sur-le-tourisme-aux-etats-unis-les-intentions-de-depart-sont-en-baisse-de-25-20250312\" data-fig-type=\"Article\" data-gtm-custom-categorie=\"navigation\" data-gtm-custom-action=\"crossclick\" data-gtm-custom-label=\"Contextuel\" data-gtm-event=\"customEventSPE\" data-fig-domain=\"LEFIGARO\" target=\"_blank\" rel=\"noopener\">boudent les vacances aux \u00c9tats-Unis<\/a>\u00a0en raison des politiques impopulaires de l\u2019administration du pr\u00e9sident Donald Trump, de la peur d\u2019\u00eatre arr\u00eat\u00e9s \u00e0 la fronti\u00e8re et d\u2019un taux de change d\u00e9favorable, a d\u00e9clar\u00e9 Julia Simpson, PDG du WTTC, une organisation repr\u00e9sentant le secteur priv\u00e9 de l\u2019industrie du voyage.<\/p>\n<p class=\"fig-paragraph\">\u00abSur 184 pays, les \u00c9tats-Unis sont les seuls \u00e0 conna\u00eetre un d\u00e9clin absolu des d\u00e9penses des visiteurs internationaux, a d\u00e9clar\u00e9 Mme Simpson. Les \u00c9tats-Unis sont en train de perdre leur couronne dans ce domaine..\u00bb<\/p>\n<p>Empreintes digitales<\/p>\n<p class=\"fig-paragraph\">Les \u00c9tats-Unis sont la plus grande \u00e9conomie du voyage et du tourisme dans le monde, a-t-elle d\u00e9clar\u00e9. Et conserveront quand m\u00eame ce rang, m\u00eame si les d\u00e9penses des visiteurs internationaux devraient passer sous la barre des 169 milliards de dollars cette ann\u00e9e, contre 181 milliards de dollars en 2024 et 22 % de moins que le sommet atteint en 2019.<\/p>\n<p class=\"fig-paragraph\">Un dollar fort, qui rend les\u00a0<a href=\"http:\/\/www.lefigaro.fr\/voyages\/dossier\/etats-unis\" data-fig-type=\"Topic\" data-gtm-custom-categorie=\"navigation\" data-gtm-custom-action=\"crossclick\" data-gtm-custom-label=\"Contextuel\" data-gtm-event=\"customEventSPE\" data-fig-domain=\"LEFIGARO\" target=\"_blank\" rel=\"noopener\">vacances aux \u00c9tats-Unis<\/a>\u00a0plus ch\u00e8res, a entra\u00een\u00e9 une baisse des d\u00e9penses des voyageurs \u00e9trangers dans le pays en 2024, a d\u00e9clar\u00e9 Julia Simpson, mais la politique actuelle et les inqui\u00e9tudes concernant le passage de la fronti\u00e8re ont \u00e9galement pes\u00e9 sur les chiffres des visites aux \u00c9tats-Unis.<\/p>\n<p class=\"fig-paragraph\">En mars, l\u2019Allemagne a mis \u00e0 jour ses conseils aux voyageurs am\u00e9ricains pour insister sur le fait qu\u2019un visa ou une exemption d\u2019entr\u00e9e ne garantit pas l\u2019entr\u00e9e sur le territoire apr\u00e8s que plusieurs Allemands ont \u00e9t\u00e9 d\u00e9tenus \u00e0 la fronti\u00e8re.<\/p>\n<p class=\"fig-paragraph\">L\u2019administration Trump exige que tous les \u00e9trangers \u00e2g\u00e9s de 14 ans ou plus s\u2019enregistrent et soumettent leurs empreintes digitales s\u2019ils restent plus de 30 jours. Cela inclut les Canadiens, qui pouvaient auparavant s\u00e9journer jusqu\u2019\u00e0 six mois sans visa.<\/p>\n<p>Les Canadiens d\u00e9pensiers<\/p>\n<p class=\"fig-paragraph\">\u00abLes autres pays du monde affichent des signes d\u2019ouverture et incitent les gens \u00e0 venir visiter leur pays\u00bb, a d\u00e9clar\u00e9 Mme Simpson \u00e0 l\u2019agence Reuters. \u00c0 l\u2019heure actuelle, les \u00c9tats-Unis affichent fermement un panneau \u00abNous ne sommes pas ouverts aux affaires, nous sommes ferm\u00e9s\u00bb, ce qui est une grande honte..\u00bb juge-t-elle.<\/p>\n<p class=\"fig-paragraph\">Alors que 90 % des d\u00e9penses de voyage et de tourisme aux \u00c9tats-Unis proviennent des touristes nationaux, les voyageurs canadiens d\u00e9pensent trois fois plus pour leurs vacances aux \u00c9tats-Unis que les Am\u00e9ricains, selon la U.S. Travel Association. Les visiteurs \u00e9trangers d\u00e9pensent sept \u00e0 huit fois plus que les voyageurs am\u00e9ricains.<\/p>\n<p class=\"fig-paragraph\">Les voyages en provenance du Canada et du Mexique, la plus grande source de visiteurs aux \u00c9tats-Unis, sont en baisse d\u2019environ 20 % d\u2019une ann\u00e9e sur l\u2019autre, selon l\u2019organisation. Les visites des Britanniques, des Allemands et des Sud-Cor\u00e9ens ont \u00e9galement tendance \u00e0 diminuer.<\/p>\n<p class=\"fig-paragraph\">Dans l\u2019ensemble, les voyages \u00e0 l\u2019\u00e9tranger vers les \u00c9tats-Unis ont chut\u00e9 d\u2019environ 12 % d\u2019une ann\u00e9e sur l\u2019autre en mars, mais ont augment\u00e9 de 8 % en avril, selon les donn\u00e9es de l\u2019Office national du voyage et du tourisme (ONVT) des \u00c9tats-Unis. Pr\u00e8s de 182 700 Fran\u00e7ais \u00e9taient recens\u00e9s le mois dernier.<\/p>\n<p class=\"fig-frame__title\">La baisse de fr\u00e9quentation sera plus importante \u00e0 New York<\/p>\n<p>Les autorit\u00e9s new yorkaise pr\u00e9voient une baisse de fr\u00e9quentation plus importante qu\u2019au niveau national. Les autorit\u00e9s ont r\u00e9duit de 17 % leurs pr\u00e9visions concernant le nombre de touristes internationaux cette ann\u00e9e. La ville estime d\u00e9sormais qu\u2019elle accueillera 12,1 millions de voyageurs non-Am\u00e9ricains en 2025, contre 14,6 millions initialement pr\u00e9vus en d\u00e9cembre, selon un rapport publi\u00e9 la semaine derni\u00e8re par New York City Tourism and Conventions, l\u2019agence de tourisme de la ville.<\/p>\n","protected":false},"excerpt":{"rendered":"Les d\u00e9penses des touristes devraient reculer de 7% en moyenne aux \u00c9tats-Unis cette ann\u00e9e. La politique de Donald&hellip;\n","protected":false},"author":2,"featured_media":97431,"comment_status":"","ping_status":"","sticky":false,"template":"","format":"standard","meta":{"footnotes":""},"categories":[1589],"tags":[608,607,609,610,11,604,605,603,606,75,73,1866,12,611,1864,1865,1863,308],"class_list":{"0":"post-97430","1":"post","2":"type-post","3":"status-publish","4":"format-standard","5":"has-post-thumbnail","7":"category-etats-unis","8":"tag-activite-de-plein-air","9":"tag-activite-loisirs","10":"tag-activite-plein-air-enfant","11":"tag-activites-loisirs","12":"tag-actualites","13":"tag-agenda-brocantes","14":"tag-chasse-et-peche","15":"tag-circuits-randonnees","16":"tag-decouverte-du-patrimoine","17":"tag-donald-trump","18":"tag-etats-unis","19":"tag-etats-unis-damerique","20":"tag-news","21":"tag-sorties-famille","22":"tag-united-states","23":"tag-united-states-of-america","24":"tag-us","25":"tag-usa"},"share_on_mastodon":{"url":"https:\/\/pubeurope.com\/@fr\/114501900239405754","error":""},"_links":{"self":[{"href":"https:\/\/www.europesays.com\/fr\/wp-json\/wp\/v2\/posts\/97430","targetHints":{"allow":["GET"]}}],"collection":[{"href":"https:\/\/www.europesays.com\/fr\/wp-json\/wp\/v2\/posts"}],"about":[{"href":"https:\/\/www.europesays.com\/fr\/wp-json\/wp\/v2\/types\/post"}],"author":[{"embeddable":true,"href":"https:\/\/www.europesays.com\/fr\/wp-json\/wp\/v2\/users\/2"}],"replies":[{"embeddable":true,"href":"https:\/\/www.europesays.com\/fr\/wp-json\/wp\/v2\/comments?post=97430"}],"version-history":[{"count":0,"href":"https:\/\/www.europesays.com\/fr\/wp-json\/wp\/v2\/posts\/97430\/revisions"}],"wp:featuredmedia":[{"embeddable":true,"href":"https:\/\/www.europesays.com\/fr\/wp-json\/wp\/v2\/media\/97431"}],"wp:attachment":[{"href":"https:\/\/www.europesays.com\/fr\/wp-json\/wp\/v2\/media?parent=97430"}],"wp:term":[{"taxonomy":"category","embeddable":true,"href":"https:\/\/www.europesays.com\/fr\/wp-json\/wp\/v2\/categories?post=97430"},{"taxonomy":"post_tag","embeddable":true,"href":"https:\/\/www.europesays.com\/fr\/wp-json\/wp\/v2\/tags?post=97430"}],"curies":[{"name":"wp","href":"https:\/\/api.w.org\/{rel}","templated":true}]}}