{"id":97437,"date":"2025-05-13T18:21:12","date_gmt":"2025-05-13T18:21:12","guid":{"rendered":"https:\/\/www.europesays.com\/fr\/97437\/"},"modified":"2025-05-13T18:21:12","modified_gmt":"2025-05-13T18:21:12","slug":"lunion-europeenne-etablit-une-liste-de-pays-a-risque-objet-de-controverse","status":"publish","type":"post","link":"https:\/\/www.europesays.com\/fr\/97437\/","title":{"rendered":"l&rsquo;Union europ\u00e9enne \u00e9tablit une liste de pays \u00e0 risque, objet de controverse"},"content":{"rendered":"<p class=\"fig-paragraph\">Faible risque pour les Etats-Unis, risque standard pour le Br\u00e9sil et \u00e9lev\u00e9 pour la\u00a0<a href=\"http:\/\/www.lefigaro.fr\/international\/guerre-en-ukraine-les-occidentaux-unis-pour-contraindre-la-russie-au-cessez-le-feu-20250511\" data-fig-type=\"Article\" data-gtm-custom-categorie=\"navigation\" data-gtm-custom-action=\"crossclick\" data-gtm-custom-label=\"Contextuel\" data-gtm-event=\"customEventSPE\" data-fig-domain=\"LEFIGARO\" target=\"_blank\" rel=\"noopener\">Russie<\/a>: l&rsquo;<a href=\"http:\/\/www.lefigaro.fr\/actualite-france\/nathalie-goulet-bloquer-la-contribution-francaise-a-l-union-europeenne-pour-obtenir-l-arret-du-financement-des-freres-musulmans-20250507\" data-fig-type=\"Article\" data-gtm-custom-categorie=\"navigation\" data-gtm-custom-action=\"crossclick\" data-gtm-custom-label=\"Contextuel\" data-gtm-event=\"customEventSPE\" data-fig-domain=\"LEFIGARO\" target=\"_blank\" rel=\"noopener\">Union europ\u00e9enne<\/a>\u00a0a pr\u00e9par\u00e9 une liste de pays plus ou moins sensibles en mati\u00e8re de d\u00e9forestation, qui provoque de premi\u00e8res critiques des \u00e9cologistes mardi.<\/p>\n<p class=\"fig-paragraph\">Pas encore publique, cette liste fait partie du r\u00e8glement sur la d\u00e9forestation cens\u00e9 s&rsquo;appliquer \u00e0 partir du 30 d\u00e9cembre 2025 pour interdire la commercialisation en Europe de produits issus de terres d\u00e9bois\u00e9es apr\u00e8s 2020. Les r\u00e8gles de tra\u00e7abilit\u00e9 pour les entreprises importatrices ainsi que les contr\u00f4les seront plus ou moins exigeants selon la cat\u00e9gorie des pays concern\u00e9s.<\/p>\n<p>La Chine et les \u00c9tats-Unis dans la liste<\/p>\n<p class=\"fig-paragraph\">D&rsquo;apr\u00e8s plusieurs sources europ\u00e9ennes, les 27 ont valid\u00e9 lundi une liste qui fait de tous les pays europ\u00e9ens, mais aussi de la Chine et des \u00c9tats-Unis, des pays \u00e0 faible risque. Le Br\u00e9sil et l&rsquo;Indon\u00e9sie seraient pour leur part des pays \u00e0 risque standard. Et les pays \u00e0 risque les plus \u00e9lev\u00e9s seraient la Russie, le Belarus, la Cor\u00e9e du Nord et le Myanmar, pour des raisons politiques.<\/p>\n<p class=\"fig-paragraph\">L&rsquo;ONG Global Witness a regrett\u00e9 mardi que le Br\u00e9sil ne soit pas class\u00e9 \u00e0 haut risque, alors que \u00abla crise de la d\u00e9forestation touche des for\u00eats essentielles pour le climat en Amazonie\u00bb. L&rsquo;eurod\u00e9put\u00e9e \u00e9cologiste Marie Toussaint s&rsquo;est d\u00e9clar\u00e9e \u00absurprise de la place des Etats-Unis, de l&rsquo;Indon\u00e9sie ou du Br\u00e9sil\u00bb. \u00abOn va attendre de voir les crit\u00e8res et s&rsquo;ils sont objectifs\u00bb, a dit l&rsquo;\u00e9lue fran\u00e7aise.<\/p>\n<p class=\"fig-paragraph\"><a href=\"http:\/\/www.lefigaro.fr\/secteur\/high-tech\/nous-sommes-un-moyen-de-pression-les-signaleurs-de-confiance-les-vigies-de-bruxelles-pour-un-internet-plus-sur-20250512\" data-fig-type=\"Article\" data-gtm-custom-categorie=\"navigation\" data-gtm-custom-action=\"crossclick\" data-gtm-custom-label=\"Contextuel\" data-gtm-event=\"customEventSPE\" data-fig-domain=\"LEFIGARO\" target=\"_blank\" rel=\"noopener\">Bruxelles<\/a>\u00a0doit rendre publique cette liste dans les semaines qui viennent. L&rsquo;Union europ\u00e9enne avait report\u00e9 d&rsquo;un an &#8211; de fin 2024 \u00e0 fin 2025 &#8211; l&rsquo;entr\u00e9e en vigueur de cette loi, sous la pression du Br\u00e9sil, des Etats-Unis et m\u00eame de l&rsquo;Allemagne. Avec ce texte, les entreprises importatrices de produits tels le cacao, le caf\u00e9, soja, huile de palme, bois etc devront prouver la tra\u00e7abilit\u00e9 via des donn\u00e9es de g\u00e9olocalisation fournies par les agriculteurs, associ\u00e9es \u00e0 des photos satellitaires.<\/p>\n<p class=\"fig-paragraph\">Mais cette nouvelle r\u00e9glementation a provoqu\u00e9 une lev\u00e9e de boucliers des milieux d&rsquo;affaires de l&rsquo;agrobusiness et de nombreux Etats africains, asiatiques et sud-am\u00e9ricains, inquiets des co\u00fbts suppl\u00e9mentaires engendr\u00e9s pour les agriculteurs, \u00e9leveurs et exploitants forestiers.<\/p>\n","protected":false},"excerpt":{"rendered":"Faible risque pour les Etats-Unis, risque standard pour le Br\u00e9sil et \u00e9lev\u00e9 pour la\u00a0Russie: l&rsquo;Union europ\u00e9enne\u00a0a pr\u00e9par\u00e9 une&hellip;\n","protected":false},"author":2,"featured_media":97438,"comment_status":"","ping_status":"","sticky":false,"template":"","format":"standard","meta":{"footnotes":""},"categories":[1586],"tags":[1111,47,11,1109,21107,1112,1777,674,1779,118,1108,107,1106,1107,1011,27,1110,1114,14,12,1113,316,25,1778,364],"class_list":{"0":"post-97437","1":"post","2":"type-post","3":"status-publish","4":"format-standard","5":"has-post-thumbnail","7":"category-europe","8":"tag-actu","9":"tag-actualite","10":"tag-actualites","11":"tag-breves","12":"tag-deforestation","13":"tag-depeches","14":"tag-eu","15":"tag-europe","16":"tag-european-union","17":"tag-faits-divers","18":"tag-fil","19":"tag-fil-info","20":"tag-flash","21":"tag-flash-actu","22":"tag-fr","23":"tag-france","24":"tag-informations","25":"tag-infos","26":"tag-international","27":"tag-news","28":"tag-nouvelles","29":"tag-politique","30":"tag-republique-francaise","31":"tag-ue","32":"tag-union-europeenne"},"share_on_mastodon":{"url":"https:\/\/pubeurope.com\/@fr\/114501916026265463","error":""},"_links":{"self":[{"href":"https:\/\/www.europesays.com\/fr\/wp-json\/wp\/v2\/posts\/97437","targetHints":{"allow":["GET"]}}],"collection":[{"href":"https:\/\/www.europesays.com\/fr\/wp-json\/wp\/v2\/posts"}],"about":[{"href":"https:\/\/www.europesays.com\/fr\/wp-json\/wp\/v2\/types\/post"}],"author":[{"embeddable":true,"href":"https:\/\/www.europesays.com\/fr\/wp-json\/wp\/v2\/users\/2"}],"replies":[{"embeddable":true,"href":"https:\/\/www.europesays.com\/fr\/wp-json\/wp\/v2\/comments?post=97437"}],"version-history":[{"count":0,"href":"https:\/\/www.europesays.com\/fr\/wp-json\/wp\/v2\/posts\/97437\/revisions"}],"wp:featuredmedia":[{"embeddable":true,"href":"https:\/\/www.europesays.com\/fr\/wp-json\/wp\/v2\/media\/97438"}],"wp:attachment":[{"href":"https:\/\/www.europesays.com\/fr\/wp-json\/wp\/v2\/media?parent=97437"}],"wp:term":[{"taxonomy":"category","embeddable":true,"href":"https:\/\/www.europesays.com\/fr\/wp-json\/wp\/v2\/categories?post=97437"},{"taxonomy":"post_tag","embeddable":true,"href":"https:\/\/www.europesays.com\/fr\/wp-json\/wp\/v2\/tags?post=97437"}],"curies":[{"name":"wp","href":"https:\/\/api.w.org\/{rel}","templated":true}]}}