{"id":97467,"date":"2025-05-13T18:40:09","date_gmt":"2025-05-13T18:40:09","guid":{"rendered":"https:\/\/www.europesays.com\/fr\/97467\/"},"modified":"2025-05-13T18:40:09","modified_gmt":"2025-05-13T18:40:09","slug":"face-a-la-penurie-dun-antidepresseur-courant-les-pharmaciens-autorises-a-delivrer-des-preparations-officinales","status":"publish","type":"post","link":"https:\/\/www.europesays.com\/fr\/97467\/","title":{"rendered":"Face \u00e0 la p\u00e9nurie d\u2019un antid\u00e9presseur courant, les pharmaciens autoris\u00e9s \u00e0 d\u00e9livrer des pr\u00e9parations officinales"},"content":{"rendered":"<p>Afin de permettre aux patients trait\u00e9s par sertraline (Zoloft et g\u00e9n\u00e9riques) de poursuivre leur traitement, les pharmaciens pourront, \u00ab\u00e0 titre exceptionnel et temporaire\u00bb, leur dispenser directement une pr\u00e9paration artisanale.<\/p>\n<p class=\"fig-paragraph\">Face \u00e0 la\u00a0<a href=\"http:\/\/www.lefigaro.fr\/flash-eco\/medicaments-difficultes-d-approvisionnement-pour-un-traitement-antidepresseur-20250401\" data-fig-type=\"NewsFlash\" data-gtm-custom-categorie=\"navigation\" data-gtm-custom-action=\"crossclick\" data-gtm-custom-label=\"Contextuel\" data-gtm-event=\"customEventSPE\" data-fig-domain=\"LEFIGARO\" target=\"_blank\" rel=\"noopener\">p\u00e9nurie de sertraline, l&rsquo;un des principaux antid\u00e9presseurs<\/a>, les pharmaciens habilit\u00e9s sont autoris\u00e9s, exceptionnellement et temporairement, \u00e0 remplacer le m\u00e9dicament par une pr\u00e9paration artisanale pour permettre aux patients de poursuivre leur traitement, a indiqu\u00e9 mardi l&rsquo;agence du m\u00e9dicament.<\/p>\n<p class=\"fig-paragraph\">Si un patient est trait\u00e9 par sertraline (Zoloft et g\u00e9n\u00e9riques), en cas d&rsquo;indisponibilit\u00e9 de son m\u00e9dicament habituel, le pharmacien pourra, \u00ab\u00e0 titre exceptionnel et temporaire\u00bb, lui dispenser directement une pr\u00e9paration magistrale pour \u00ab\u00e9viter une interruption de traitement\u00bb, selon cette nouvelle mesure pour pallier des tensions d&rsquo;approvisionnement en psychotropes.<\/p>\n<p class=\"fig-paragraph\">Une pr\u00e9paration dite \u00abmagistrale\u00bb est \u00e9labor\u00e9e en pharmacie, \u00absur mesure\u00bb pour un patient donn\u00e9, parce qu&rsquo;il n&rsquo;existe pas le dosage souhait\u00e9 ou en l&rsquo;absence d&rsquo;alternative. Elle a la m\u00eame composition en principe actif que le traitement initialement pr\u00e9vu.<\/p>\n<p>Pas besoin de nouvelle ordonnance<\/p>\n<p class=\"fig-paragraph\">Dans le cas de la sertraline, il n&rsquo;y aura pas besoin d&rsquo;une nouvelle ordonnance pour ce remplacement \u00e9ventuel, et le m\u00e9decin ayant prescrit le traitement sera inform\u00e9, a pr\u00e9cis\u00e9 l&rsquo;Agence nationale de s\u00e9curit\u00e9 du m\u00e9dicament (ANSM) dans un communiqu\u00e9. Pour les patients, \u00abla posologie et la fr\u00e9quence de prise restent la m\u00eame\u00bb, a soulign\u00e9 l&rsquo;ANSM, mais \u00abil est possible que la pr\u00e9paration magistrale soit absorb\u00e9e de fa\u00e7on l\u00e9g\u00e8rement diff\u00e9rente par votre organisme\u00bb.<\/p>\n<p class=\"fig-paragraph\">En cas d&rsquo;effet ind\u00e9sirable ou de sympt\u00f4me clinique inhabituel, en particulier peu de temps apr\u00e8s le changement de m\u00e9dicament, il est conseill\u00e9 de consulter son m\u00e9decin ou de demander conseil \u00e0 son pharmacien.<\/p>\n<p class=\"fig-body-link\">\n            \u00c0 lire aussi<br \/>\n        <a class=\"fig-body-link__link fig-premium-mark\" href=\"http:\/\/sante.lefigaro.fr\/medecine\/a-l-arret-des-antidepresseurs-15-des-patients-souffriraient-d-un-syndrome-de-sevrage-20240607\" data-fig-type=\"Article\" rel=\"nofollow noopener\" data-gtm-custom-categorie=\"navigation\" data-gtm-custom-action=\"crossclick\" data-gtm-custom-label=\"Contextuel\" data-gtm-event=\"customEventSPE\" data-fig-domain=\"SANTE\" target=\"_blank\">\u00c0 l\u2019arr\u00eat des antid\u00e9presseurs, 15 % des patients souffriraient d\u2019un syndrome de sevrage<br \/>\n    <\/a>\n<\/p>\n<p class=\"fig-paragraph\">Depuis d\u00e9but janvier 2025, l&rsquo;Agence nationale de s\u00e9curit\u00e9 du m\u00e9dicament a fait \u00e9tat de 14 tensions d&rsquo;approvisionnement et ruptures de stock en m\u00e9dicaments psychotropes. Fin avril, une reprise timide d&rsquo;approvisionnement se dessinait pour la qu\u00e9tiapine &#8211; neuroleptique tr\u00e8s souvent prescrit pour traiter la schizophr\u00e9nie, la bipolarit\u00e9 ou certaines d\u00e9pressions -, une remise \u00e0 disposition normale de teralithe &#8211; sels de lithium pour traiter la bipolarit\u00e9 &#8211; \u00e9tait attendue pour juin, mais la situation restait tendue pour les antid\u00e9presseurs sertraline et venlafaxine, au vu d&rsquo;un bilan communiqu\u00e9 par l&rsquo;ANSM.<\/p>\n<p>Une dizaine de m\u00e9dicaments en psychiatrie en p\u00e9nurie<\/p>\n<p class=\"fig-paragraph\">La situation de\u00a0<a href=\"http:\/\/sante.lefigaro.fr\/social\/sante-publique\/intenable-un-collectif-de-psychiatres-alerte-sur-les-penuries-de-medicaments-psychotropes-20250424\" data-fig-type=\"NewsFlash\" data-gtm-custom-categorie=\"navigation\" data-gtm-custom-action=\"crossclick\" data-gtm-custom-label=\"Contextuel\" data-gtm-event=\"customEventSPE\" data-fig-domain=\"SANTE\" target=\"_blank\" rel=\"noopener\">p\u00e9nurie d&rsquo;une dizaine de m\u00e9dicaments en psychiatrie<\/a>\u00a0est \u00abintenable\u00bb et \u00abs&rsquo;accentue\u00bb, ont alert\u00e9 peu avant une trentaine d&rsquo;organisations de soignants (syndicats de m\u00e9decins et de pharmaciens, soci\u00e9t\u00e9s savantes). Mi-avril, plusieurs psychiatres ont aussi exprim\u00e9 leurs inqui\u00e9tudes quant aux multiples p\u00e9nuries de m\u00e9dicaments dans leur discipline, dans une tribune publi\u00e9e dans Le Monde.<\/p>\n<p class=\"fig-paragraph\">Pour limiter l&rsquo;impact sur les patients, l&rsquo;agence du m\u00e9dicament assure r\u00e9guli\u00e8rement poursuivre ses efforts, par exemple pour chercher des solutions de remplacement des m\u00e9dicaments qui seraient indisponibles en pharmacie.<\/p>\n","protected":false},"excerpt":{"rendered":"Afin de permettre aux patients trait\u00e9s par sertraline (Zoloft et g\u00e9n\u00e9riques) de poursuivre leur traitement, les pharmaciens pourront,&hellip;\n","protected":false},"author":2,"featured_media":97468,"comment_status":"","ping_status":"","sticky":false,"template":"","format":"standard","meta":{"footnotes":""},"categories":[10],"tags":[237,101,232,231,234,228,1011,27,72,239,230,238,226,224,225,233,229,236,235,71,227],"class_list":{"0":"post-97467","1":"post","2":"type-post","3":"status-publish","4":"format-standard","5":"has-post-thumbnail","7":"category-sante","8":"tag-actualite-sur-les-maladies","9":"tag-cancer","10":"tag-cardiologie","11":"tag-cerveau","12":"tag-diabete","13":"tag-diagnostic","14":"tag-fr","15":"tag-france","16":"tag-health","17":"tag-info-sur-les-maladies","18":"tag-infographie","19":"tag-information-sur-les-maladies","20":"tag-maladie","21":"tag-medecine","22":"tag-medicament","23":"tag-obesite","24":"tag-pathologie","25":"tag-pediatrie","26":"tag-psychiatrie","27":"tag-sante","28":"tag-traitement"},"share_on_mastodon":{"url":"https:\/\/pubeurope.com\/@fr\/114501990755487270","error":""},"_links":{"self":[{"href":"https:\/\/www.europesays.com\/fr\/wp-json\/wp\/v2\/posts\/97467","targetHints":{"allow":["GET"]}}],"collection":[{"href":"https:\/\/www.europesays.com\/fr\/wp-json\/wp\/v2\/posts"}],"about":[{"href":"https:\/\/www.europesays.com\/fr\/wp-json\/wp\/v2\/types\/post"}],"author":[{"embeddable":true,"href":"https:\/\/www.europesays.com\/fr\/wp-json\/wp\/v2\/users\/2"}],"replies":[{"embeddable":true,"href":"https:\/\/www.europesays.com\/fr\/wp-json\/wp\/v2\/comments?post=97467"}],"version-history":[{"count":0,"href":"https:\/\/www.europesays.com\/fr\/wp-json\/wp\/v2\/posts\/97467\/revisions"}],"wp:featuredmedia":[{"embeddable":true,"href":"https:\/\/www.europesays.com\/fr\/wp-json\/wp\/v2\/media\/97468"}],"wp:attachment":[{"href":"https:\/\/www.europesays.com\/fr\/wp-json\/wp\/v2\/media?parent=97467"}],"wp:term":[{"taxonomy":"category","embeddable":true,"href":"https:\/\/www.europesays.com\/fr\/wp-json\/wp\/v2\/categories?post=97467"},{"taxonomy":"post_tag","embeddable":true,"href":"https:\/\/www.europesays.com\/fr\/wp-json\/wp\/v2\/tags?post=97467"}],"curies":[{"name":"wp","href":"https:\/\/api.w.org\/{rel}","templated":true}]}}