{"id":97497,"date":"2025-05-13T18:57:08","date_gmt":"2025-05-13T18:57:08","guid":{"rendered":"https:\/\/www.europesays.com\/fr\/97497\/"},"modified":"2025-05-13T18:57:08","modified_gmt":"2025-05-13T18:57:08","slug":"electoraliste-trop-couteux-le-14-juillet-envisage-par-thomas-jolly-fait-bondir-des-elus-de-rouen","status":"publish","type":"post","link":"https:\/\/www.europesays.com\/fr\/97497\/","title":{"rendered":"\u00ab\u00a0\u00c9lectoraliste \u00bb, trop co\u00fbteux&#8230; Le 14 juillet envisag\u00e9 par Thomas Jolly fait bondir des \u00e9lus de Rouen"},"content":{"rendered":"<p>            Par<br \/>\n        <strong><br \/>\n            <a href=\"https:\/\/actu.fr\/auteur\/thomas-rideau\" title=\"Consulter tous les articles de Thomas Rideau\" target=\"_blank\" rel=\"noopener\">Thomas Rideau<\/a><br \/>\n        <\/strong><\/p>\n<p>        Publi\u00e9 le<\/p>\n<p>            13 mai 2025 \u00e0 20h07        <\/p>\n<p><strong>Une f\u00eate somptueuse<\/strong> s\u2019annonce \u00e0 <a href=\"https:\/\/actu.fr\/normandie\/rouen_76540\" target=\"_blank\" rel=\"noopener\">Rouen (Seine-Maritime)<\/a> pour le 14\u00a0juillet 2025. Un an apr\u00e8s, il y aura comme \u00e0 nouveau un go\u00fbt de Jeux olympiques dans la capitale normande. <a href=\"https:\/\/actu.fr\/normandie\/rouen_76540\/une-fete-digne-des-ceremonies-des-jo-ce-que-l-on-sait-du-projet-de-14-juillet-a-rouen_62627107.html\" target=\"_blank\" rel=\"noopener\">Un projet \u00e0 \u00ab\u2009plusieurs millions d\u2019euros\u2009\u00bb<\/a> de la <a href=\"https:\/\/actu.fr\/tag\/metropole-rouen\" target=\"_blank\" rel=\"noopener\">M\u00e9tropole de Rouen<\/a> qui doit permettre de c\u00e9l\u00e9brer la Seine. Mais, \u00e0 peine le projet \u00e9voqu\u00e9, <strong>des \u00e9lus de la majorit\u00e9 comme de l\u2019opposition grincent des dents<\/strong> et pas qu\u2019un peu.<\/p>\n<p>\u00ab\u2009On nous demande de faire des choix\u2009!\u2009\u00bb : la col\u00e8re de certains \u00e9lus<\/p>\n<p class=\" wall-content\">En effet, avant m\u00eame d\u2019\u00e9voquer cette c\u00e9l\u00e9bration, le co\u00fbt indiqu\u00e9 du projet fait s\u2019\u00e9touffer certains \u00e9lus. \u00ab\u2009On nous demande de <strong>faire des choix<\/strong>. On doit se battre pour des milliers ou des centaines d\u2019euros pour les associations. R\u00e9cemment, on a dit non pour 6\u2009000 euros \u00e0 une association des Sapins qui voulait r\u00e9parer des v\u00e9los\u2009\u00bb, fustige <strong>Jean-Michel B\u00e9r\u00e9govoy<\/strong> (EELV), membre de la majorit\u00e9. Forc\u00e9ment, la venue d\u2019un spectacle a priori<strong> dispendieux<\/strong> coince un peu.<\/p>\n<p class=\" wall-content\"><strong>Laurent Bonnaterre<\/strong> (Horizons), voit dans ce projet un double probl\u00e8me. De fond et de forme. \u00ab\u2009On nous pr\u00e9vient la veille d\u2019un weekend de quatre jours pour une r\u00e9union importante le lundi. C\u2019est tout le contraire de la transparence\u2009! Et l\u00e0, on organise <strong>une f\u00eate \u00e0 11 millions d\u2019euros<\/strong> alors qu\u2019on demande des efforts \u00e0 tout le monde\u2009!\u2009\u00bb<\/p>\n<p>Une f\u00eate \u00ab\u2009\u00e9lectoraliste\u2009\u00bb<\/p>\n<p class=\" wall-content\">De son c\u00f4t\u00e9, l\u2019\u00e9lu \u00e9cologiste d\u00e9nonce une f\u00eate \u00ab\u2009qui fait un peu \u00e9lectoraliste. Il faut faire attention \u00e0 ce qu\u2019on fait. L\u00e0, on parle d\u2019une f\u00eate \u00e0 2 millions d\u2019euros [en fait 11 au total, dont 5 support\u00e9s par les collectivit\u00e9s, NDLR] pour une journ\u00e9e. On a l\u2019impression que rien n\u2019est trop beau alors qu\u2019il y a de la souffrance de l\u2019autre c\u00f4t\u00e9\u2009\u00bb.<\/p>\n<p class=\" wall-content\">Reste \u00e0 voir <strong>les d\u00e9tails de la programmation<\/strong>. Est-ce qu\u2019une d\u00e9lib\u00e9ration va \u00eatre vot\u00e9e\u2009? Est-ce que de l\u2019argent priv\u00e9 va venir financer l\u2019\u00e9v\u00e9nement\u2009? Nous pouvons d\u00e9j\u00e0 signaler que la cha\u00eene de t\u00e9l\u00e9 TF1 est sur le coup.<\/p>\n<p class=\" wall-content\">Laurent Bonnaterre, s\u2019interroge aussi sur <strong>le timing<\/strong>. \u00ab\u2009Lorsque la f\u00eate aura lieu, on ne sera plus tr\u00e8s loin de la p\u00e9riode de r\u00e9serve \u00e9lectorale [<a href=\"https:\/\/actu.fr\/tag\/municipales-2026\" target=\"_blank\" rel=\"noopener\">pour les municipales<\/a>]. En termes de m\u00e9thode\u2026\u2009\u00bb Cette p\u00e9riode de r\u00e9serve d\u00e9bute en effet le 1er\u00a0septembre. En tout cas, le projet, qui est d\u00e9j\u00e0 tr\u00e8s avanc\u00e9, ne conna\u00eet pas <strong>un d\u00e9veloppement tr\u00e8s serein<\/strong>.<\/p>\n<p>Une f\u00eate plus ch\u00e8re que l\u2019Armada\u2009?<\/p>\n<p class=\" wall-content\">Ce mardi 13\u00a0mai 2025, <strong>Marine Caron<\/strong> (\u00e9lue Horizons d\u2019opposition \u00e0 la M\u00e9tropole et \u00e0 la ville de Rouen) ne m\u00e2che pas ses mots. \u00ab\u2009\u00c0 Paris, Nicolas Mayer-Rossignol est prompt \u00e0 d\u00e9noncer les passages en force et la brutalisation de la vie publique. \u00c0 Rouen, il en est le meilleur ambassadeur.\u2009\u00bb<\/p>\n<p class=\" wall-content\">L\u2019organisation de cette f\u00eate ne passe pas du tout. \u00ab\u2009Nicolas Mayer-Rossignol a demand\u00e9 aux seuls \u00e9lus m\u00e9tropolitains, sans consultation des \u00e9lus municipaux rouennais, de signer un ch\u00e8que en blanc de 5\u00a0millions d\u2019euros pour un projet sur lequel le maire-pr\u00e9sident travaille avec une direction artistique depuis des mois.\u2009\u00bb Et d\u2019ailleurs, l\u2019\u00e9lue se permet de souligner que cette f\u00eate ponctuelle<strong> \u00ab\u2009d\u2019une dur\u00e9e d\u20191h30\u2009\u00bb<\/strong> a un co\u00fbt sup\u00e9rieur \u00e0 celui de l\u2019Armada (8,4 millions d\u2019euros pour l\u2019Armada dont 3 millions des collectivit\u00e9s).<\/p>\n<p class=\" wall-content\">L\u2019\u00e9lue demande la convocation d\u2019un conseil municipal extraordinaire.<\/p>\n<p class=\" wall-content\">Les propos sont forc\u00e9ment plus mesur\u00e9s chez <strong>Pascal Delaporte<\/strong>, membre du groupe PS \u00e0 la M\u00e9tropole et maire de Val-de-la-Haye. \u00ab\u2009C\u2019est une belle mise en avant du territoire. C\u2019est un beau projet. Mais effectivement, proportionnellement au temps que \u00e7a va durer, <strong>\u00e7a para\u00eet cher<\/strong>. Alors que partout, on fait des efforts et les dotations baissent\u2009\u00bb, rappelle-t-il.<\/p>\n<p class=\" wall-content\">\u00ab\u2009L\u00e0, maintenant, on va \u00e9changer tous ensemble. Il faut voir de quelles retomb\u00e9es peut profiter le territoire\u2009\u00bb, glisse-t-il. Le vote s\u2019annonce tr\u00e8s serr\u00e9.<\/p>\n<p>\u00ab\u2009Des \u00e9lus qui cherchent \u00e0 exister\u2009\u00bb<\/p>\n<p class=\" wall-content\">Du c\u00f4t\u00e9 de la majorit\u00e9, Marie-Andr\u00e9e Malleville, adjointe \u00e0 la culture \u00e0 la Ville de Rouen, accuse le communiqu\u00e9 de Marine Caron d\u2019\u00eatre un \u00ab\u2009tissu de mensonges par des \u00e9lus qui cherchent \u00e0 exister pour les besoins de leur campagne \u00e9lectorale municipale\u2009\u00bb.<\/p>\n<p class=\" wall-content\">Et tacle le fait que \u00ab\u2009s\u2019ils \u00e9taient simplement venus \u00e0 la r\u00e9union d\u2019information hier, ils auraient eu les bonnes informations. Thomas Jolly \u00e9tait lui-m\u00eame pr\u00e9sent et a donn\u00e9 de nombreux d\u00e9tails. Mais ils ont pr\u00e9f\u00e9r\u00e9 jouer la politique de la chaise vide\u2009\u00bb. Renseignement pris, nous pouvons tout de m\u00eame noter que le groupe de Marine Caron \u00e9tait pr\u00e9sent \u00e0 cette r\u00e9union.<\/p>\n<blockquote class=\"ac-article-quote wall-content\">\n<p>Avec cette m\u00e9thode, ces \u00e9lus font le choix de mettre en danger un projet dont les retomb\u00e9es pour l&rsquo;agglom\u00e9ration rouennaise et Rouen pourraient \u00eatre exceptionnelles. Ils agissent contre l&rsquo;int\u00e9r\u00eat du territoire. Nous le regrettons vivement.<\/p>\n<p>    <strong>Marie-Andr\u00e9e Malleville<\/strong>\n            <\/p><\/blockquote>\n<p class=\" wall-content\">L\u2019ambiance lors des prochaines r\u00e9unions des conseils municipaux et m\u00e9tropolitains risque d\u2019\u00eatre tr\u00e8s tendue entre deux camps qui se rejettent la balle de la <strong>posture \u00e9lectoraliste<\/strong>. En attendant, le projet de f\u00eate exceptionnelle doit encore \u00eatre valid\u00e9 par des votes. En tout cas, sa naissance se fait dans la douleur.<\/p>\n<p>Suivez l\u2019actualit\u00e9 de Rouen <a href=\"https:\/\/www.whatsapp.com\/channel\/0029VaKfnf99hXF2ddApFB1D\" target=\"_blank\" rel=\"noopener\">sur notre cha\u00eene WhatsApp<\/a> et <a href=\"https:\/\/www.tiktok.com\/@76actu.fr?lang=fr\" target=\"_blank\" rel=\"noopener\">sur notre compte TikTok<\/a><\/p>\n<p class=\" wall-content\">Suivez toute l\u2019actualit\u00e9 de vos villes et m\u00e9dias favoris en vous inscrivant \u00e0 <a href=\"https:\/\/moncompte.actu.fr\" title=\"D\u00e9couvez Mon Actu\" rel=\"nofollow noopener\" data-trk=\"{&quot;cta&quot;:{&quot;action&quot;:&quot;https:\\\/\\\/moncompte.actu.fr&quot;,&quot;category&quot;:&quot;mon compte&quot;,&quot;from&quot;:&quot;article footer&quot;,&quot;name&quot;:&quot;Mon actu&quot;,&quot;type&quot;:&quot;cta&quot;}}\" target=\"_blank\">Mon Actu<\/a>.<\/p>\n<ul class=\"ac-article-tag wall-content\">\n<li><a href=\"https:\/\/actu.fr\/tag\/metropole-rouen\" data-trk=\"{&quot;cta&quot;:{&quot;action&quot;:&quot;M\\u00e9tropole Rouen&quot;,&quot;category&quot;:&quot;tag&quot;,&quot;from&quot;:&quot;article footer&quot;,&quot;name&quot;:&quot;M\\u00e9tropole Rouen&quot;,&quot;type&quot;:&quot;cta&quot;}}\" target=\"_blank\" rel=\"noopener\">#M\u00e9tropole Rouen<\/a><\/li>\n<li><a href=\"https:\/\/actu.fr\/tag\/municipales-2026\" data-trk=\"{&quot;cta&quot;:{&quot;action&quot;:&quot;Municipales 2026&quot;,&quot;category&quot;:&quot;tag&quot;,&quot;from&quot;:&quot;article footer&quot;,&quot;name&quot;:&quot;Municipales 2026&quot;,&quot;type&quot;:&quot;cta&quot;}}\" target=\"_blank\" rel=\"noopener\">#Municipales 2026<\/a><\/li>\n<\/ul>\n<p>                    <script async src=\"\/\/www.tiktok.com\/embed.js\"><\/script><\/p>\n","protected":false},"excerpt":{"rendered":"Par Thomas Rideau Publi\u00e9 le 13 mai 2025 \u00e0 20h07 Une f\u00eate somptueuse s\u2019annonce \u00e0 Rouen (Seine-Maritime) pour&hellip;\n","protected":false},"author":2,"featured_media":97498,"comment_status":"","ping_status":"","sticky":false,"template":"","format":"standard","meta":{"footnotes":""},"categories":[9587],"tags":[1111,11,1777,674,1011,27,1652,9725,3434,12,5161,25,9590],"class_list":{"0":"post-97497","1":"post","2":"type-post","3":"status-publish","4":"format-standard","5":"has-post-thumbnail","7":"category-rouen","8":"tag-actu","9":"tag-actualites","10":"tag-eu","11":"tag-europe","12":"tag-fr","13":"tag-france","14":"tag-loisirs-culture","15":"tag-metropole-rouen","16":"tag-municipales-2026","17":"tag-news","18":"tag-normandie","19":"tag-republique-francaise","20":"tag-rouen"},"share_on_mastodon":{"url":"https:\/\/pubeurope.com\/@fr\/114502057532067678","error":""},"_links":{"self":[{"href":"https:\/\/www.europesays.com\/fr\/wp-json\/wp\/v2\/posts\/97497","targetHints":{"allow":["GET"]}}],"collection":[{"href":"https:\/\/www.europesays.com\/fr\/wp-json\/wp\/v2\/posts"}],"about":[{"href":"https:\/\/www.europesays.com\/fr\/wp-json\/wp\/v2\/types\/post"}],"author":[{"embeddable":true,"href":"https:\/\/www.europesays.com\/fr\/wp-json\/wp\/v2\/users\/2"}],"replies":[{"embeddable":true,"href":"https:\/\/www.europesays.com\/fr\/wp-json\/wp\/v2\/comments?post=97497"}],"version-history":[{"count":0,"href":"https:\/\/www.europesays.com\/fr\/wp-json\/wp\/v2\/posts\/97497\/revisions"}],"wp:featuredmedia":[{"embeddable":true,"href":"https:\/\/www.europesays.com\/fr\/wp-json\/wp\/v2\/media\/97498"}],"wp:attachment":[{"href":"https:\/\/www.europesays.com\/fr\/wp-json\/wp\/v2\/media?parent=97497"}],"wp:term":[{"taxonomy":"category","embeddable":true,"href":"https:\/\/www.europesays.com\/fr\/wp-json\/wp\/v2\/categories?post=97497"},{"taxonomy":"post_tag","embeddable":true,"href":"https:\/\/www.europesays.com\/fr\/wp-json\/wp\/v2\/tags?post=97497"}],"curies":[{"name":"wp","href":"https:\/\/api.w.org\/{rel}","templated":true}]}}