{"id":975622,"date":"2026-06-03T15:49:16","date_gmt":"2026-06-03T15:49:16","guid":{"rendered":"https:\/\/www.europesays.com\/fr\/975622\/"},"modified":"2026-06-03T15:49:16","modified_gmt":"2026-06-03T15:49:16","slug":"les-etats-unis-envisagent-de-nouveaux-droits-de-douane-de-10-sur-le-canada","status":"publish","type":"post","link":"https:\/\/www.europesays.com\/fr\/975622\/","title":{"rendered":"Les \u00c9tats-Unis envisagent de nouveaux droits de douane de 10 % sur le Canada"},"content":{"rendered":"<p>WASHINGTON \u2014 Le premier ministre Mark Carney a annonc\u00e9 que son gouvernement pr\u00e9senterait prochainement un projet de loi sur le travail forc\u00e9 dans les cha\u00eenes d\u2019approvisionnement, apr\u00e8s que l\u2019administration Trump a menac\u00e9 d\u2019imposer des droits de douane suppl\u00e9mentaires de 10\u00a0% au Canada et \u00e0 d\u2019autres pays \u00e0 la suite d\u2019une enqu\u00eate sur cette question.<\/p>\n<p>\u00abNous avons une r\u00e9glementation importante, mais un cadre de loi et des outils qui pourraient \u00eatre plus efficaces et qui devraient \u00eatre renforc\u00e9s\u00bb\u00bb, a indiqu\u00e9 M.\u00a0Carney aux journalistes \u00e0 Ottawa mercredi.<\/p>\n<p>\u00abNous partageons cet objectif: l\u2019\u00e9limination du travail forc\u00e9, du travail des enfants, dans notre cha\u00eene d\u2019approvisionnement\u00bb, a-t-il ajout\u00e9.<\/p>\n<p>Le bureau du repr\u00e9sentant am\u00e9ricain au Commerce, Jamieson Greer, a publi\u00e9 mardi soir un rapport pr\u00e9venant que le Canada, le Mexique, le Royaume-Uni et certains autres pays seraient frapp\u00e9s par ces droits de douane, car ils ne font pas assez pour faire respecter les interdictions relatives au travail forc\u00e9.<\/p>\n<p>L\u2019administration Trump a \u00e9galement propos\u00e9 d\u2019imposer des droits de douane de 12,5\u00a0% \u00e0 des dizaines d\u2019autres pays qui n\u2019ont mis en place qu\u2019une interdiction partielle \u2014 ou aucune interdiction \u2014 du travail forc\u00e9 dans leurs cha\u00eenes d\u2019approvisionnement.<\/p>\n<p>\u00abL\u2019incapacit\u00e9 de nos principaux partenaires commerciaux \u00e0 lutter contre l\u2019importation de produits fabriqu\u00e9s par le travail forc\u00e9 est inacceptable\u00bb, a d\u00e9clar\u00e9 M.\u00a0Greer dans un communiqu\u00e9 de presse.<\/p>\n<p>\u00abCela cr\u00e9e une situation o\u00f9 les travailleurs am\u00e9ricains sont contraints de rivaliser \u00e0 l\u2019\u00e9chelle mondiale dans des conditions in\u00e9gales\u00bb, a-t-il ajout\u00e9.<\/p>\n<p>Ces nouveaux droits de douane ne s\u2019appliqueraient pas aux marchandises conformes \u00e0 l\u2019Accord Canada\u2013\u00c9tats-Unis\u2013Mexique, connu sous le nom d\u2019ACEUM.<\/p>\n<p>M.\u00a0Carney a d\u00e9clar\u00e9 que son gouvernement soutenait \u00abl\u2019objectif global\u00bb de lutte contre le travail forc\u00e9 et que la nouvelle l\u00e9gislation \u00e9tait attendue dans les semaines \u00e0 venir. <\/p>\n<p>Les enqu\u00eates sur le travail forc\u00e9 men\u00e9es en vertu de l\u2019article 301\u00a0de la loi sur le commerce de 1974 ont \u00e9t\u00e9 lanc\u00e9es en mars afin de consolider les politiques tarifaires du pr\u00e9sident am\u00e9ricain Donald Trump.<\/p>\n<p>Elles visent \u00e0 fournir \u00e0 M.\u00a0Trump une base juridique pour poursuivre son programme tarifaire mondial, apr\u00e8s que la Cour supr\u00eame des \u00c9tats-Unis a invalid\u00e9 ses droits de douane du \u00abJour de la lib\u00e9ration\u00bb et ceux visant le Canada, le Mexique et la Chine en raison de la crise du fentanyl.<\/p>\n<p>En r\u00e9ponse \u00e0 la d\u00e9cision rendue en f\u00e9vrier par le plus haut tribunal du pays, M.\u00a0Trump a mis en place un droit de douane mondial de 10\u00a0% en vertu de l\u2019article 122\u00a0de la loi sur le commerce de 1974. Mais ces droits expirent automatiquement au bout de 150\u00a0jours, \u00e0 moins que le Congr\u00e8s ne vote leur prolongation.<\/p>\n<p>Les droits de douane li\u00e9s au travail forc\u00e9 pourraient \u00eatre plus durables, mais leur mise en \u0153uvre n\u00e9cessiterait une consultation publique suppl\u00e9mentaire. M.\u00a0Greer doit tenir des audiences sur ces droits de douane en juillet.<\/p>\n<p><b>R\u00e9glementation existante<\/b><\/p>\n<p>Le Canada dispose d\u00e9j\u00e0 d\u2019une l\u00e9gislation visant \u00e0 lutter contre le travail forc\u00e9 dans les cha\u00eenes d\u2019approvisionnement, qui impose la remise de rapports annuels au gouvernement f\u00e9d\u00e9ral.<\/p>\n<p>L\u2019ACEUM contient \u00e9galement des dispositions interdisant le travail forc\u00e9 dans les cha\u00eenes d\u2019approvisionnement, comme l\u2019a soulign\u00e9 M.\u00a0Greer dans son communiqu\u00e9.<\/p>\n<p>\u00abCertains partenaires commerciaux ont pris des mesures initiales pour emp\u00eacher l\u2019importation de produits issus du travail forc\u00e9, notamment par le biais de l\u2019ACEUM et d\u2019engagements pris dans le cadre d\u2019accords de commerce r\u00e9ciproque, a not\u00e9 M.\u00a0Greer. Cependant, chacun de nos partenaires commerciaux doit faire davantage pour garantir que le commerce n\u2019encourage pas et ne renforce pas de mani\u00e8re perverse le travail forc\u00e9 \u00e0 l\u2019\u00e9chelle mondiale.\u00bb<\/p>\n<p>Le rapport indique que, bien que l\u2019interdiction d\u2019importation du Canada \u00absoit entr\u00e9e en vigueur il y a pr\u00e8s de six ans, le nombre de mesures coercitives prises par le Canada pour emp\u00eacher l\u2019entr\u00e9e de produits issus du travail forc\u00e9 est minime\u00bb.<\/p>\n<p>L\u2019Agence des services frontaliers du Canada y est critiqu\u00e9e pour ne pas avoir publi\u00e9 de statistiques ou d\u2019informations sur ses efforts de mise en application et le Canada y est d\u00e9crit comme une \u00abd\u00e9charge\u00bb pour les r\u00e9exportations de produits issus du travail forc\u00e9 interdits aux \u00c9tats-Unis.<\/p>\n<p>Cette nouvelle menace tarifaire est survenue quelques heures apr\u00e8s que M.\u00a0Greer a rencontr\u00e9 le ministre du Commerce Canada\u2013\u00c9tats-Unis, Dominic LeBlanc, \u00e0 Washington, en amont d\u2019une r\u00e9vision de l\u2019accord commercial continental.<\/p>\n<p>Interrog\u00e9 mardi sur la possibilit\u00e9 de nouveaux droits de douane, M.\u00a0LeBlanc a d\u00e9clar\u00e9 qu\u2019Ottawa s\u2019\u00e9tait pr\u00e9par\u00e9 \u00e0 cette enqu\u00eate. M.\u00a0LeBlanc a rapport\u00e9 avoir discut\u00e9 avec M.\u00a0Greer de l\u2019engagement commun du Canada dans la lutte contre le travail forc\u00e9.<\/p>\n<p>\u00abNous avons pr\u00e9sent\u00e9 aux \u00c9tats-Unis des observations qui, selon nous, sont tr\u00e8s importantes pour r\u00e9pondre aux pr\u00e9occupations soulev\u00e9es par les \u00c9tats-Unis depuis plusieurs mois\u00bb, a-t-il affirm\u00e9.<\/p>\n","protected":false},"excerpt":{"rendered":"WASHINGTON \u2014 Le premier ministre Mark Carney a annonc\u00e9 que son gouvernement pr\u00e9senterait prochainement un projet de loi&hellip;\n","protected":false},"author":2,"featured_media":972678,"comment_status":"","ping_status":"","sticky":false,"template":"","format":"standard","meta":{"footnotes":"","_share_on_mastodon":"0"},"categories":[1589],"tags":[11,73,1866,4574,4575,20106,4576,15225,12,1864,1865,1863,308],"class_list":["post-975622","post","type-post","status-publish","format-standard","has-post-thumbnail","category-etats-unis","tag-actualites","tag-etats-unis","tag-etats-unis-damerique","tag-https-lactualite-com-sujet-affaires","tag-https-lactualite-com-sujet-economie","tag-https-lactualite-com-sujet-justice","tag-https-lactualite-com-sujet-politique","tag-https-lactualite-com-sujet-social","tag-news","tag-united-states","tag-united-states-of-america","tag-us","tag-usa"],"share_on_mastodon":{"url":"https:\/\/pubeurope.com\/@fr\/116686970421737865","error":""},"_links":{"self":[{"href":"https:\/\/www.europesays.com\/fr\/wp-json\/wp\/v2\/posts\/975622","targetHints":{"allow":["GET"]}}],"collection":[{"href":"https:\/\/www.europesays.com\/fr\/wp-json\/wp\/v2\/posts"}],"about":[{"href":"https:\/\/www.europesays.com\/fr\/wp-json\/wp\/v2\/types\/post"}],"author":[{"embeddable":true,"href":"https:\/\/www.europesays.com\/fr\/wp-json\/wp\/v2\/users\/2"}],"replies":[{"embeddable":true,"href":"https:\/\/www.europesays.com\/fr\/wp-json\/wp\/v2\/comments?post=975622"}],"version-history":[{"count":0,"href":"https:\/\/www.europesays.com\/fr\/wp-json\/wp\/v2\/posts\/975622\/revisions"}],"wp:featuredmedia":[{"embeddable":true,"href":"https:\/\/www.europesays.com\/fr\/wp-json\/wp\/v2\/media\/972678"}],"wp:attachment":[{"href":"https:\/\/www.europesays.com\/fr\/wp-json\/wp\/v2\/media?parent=975622"}],"wp:term":[{"taxonomy":"category","embeddable":true,"href":"https:\/\/www.europesays.com\/fr\/wp-json\/wp\/v2\/categories?post=975622"},{"taxonomy":"post_tag","embeddable":true,"href":"https:\/\/www.europesays.com\/fr\/wp-json\/wp\/v2\/tags?post=975622"}],"curies":[{"name":"wp","href":"https:\/\/api.w.org\/{rel}","templated":true}]}}