{"id":975644,"date":"2026-06-03T16:07:22","date_gmt":"2026-06-03T16:07:22","guid":{"rendered":"https:\/\/www.europesays.com\/fr\/975644\/"},"modified":"2026-06-03T16:07:22","modified_gmt":"2026-06-03T16:07:22","slug":"grand-paris-sur-lile-seguin-un-nouveau-centre-dart-dedie-a-la-scene-francaise-ouvre-ses-portes-en-octobre","status":"publish","type":"post","link":"https:\/\/www.europesays.com\/fr\/975644\/","title":{"rendered":"Grand Paris : sur l&rsquo;\u00eele Seguin, un nouveau centre d&rsquo;art d\u00e9di\u00e9 \u00e0 la sc\u00e8ne fran\u00e7aise ouvre ses portes en octobre"},"content":{"rendered":"<p>Un vaisseau d\u2019acier aux reflets cuivr\u00e9s s\u2019est pos\u00e9 sur la pointe amont de l\u2019\u00eele Seguin, \u00e0 Boulogne-Billancourt (Hauts-de-Seine). Ce complexe de 53 000 m\u00e8tres carr\u00e9s, aux volumes savamment imbriqu\u00e9s, a \u00e9t\u00e9 baptis\u00e9 \u00ab\u00a0La Pointe des Arts\u00a0\u00bb.<\/p>\n<p>Il abrite bureaux, boutiques, cin\u00e9mas et h\u00f4tel 4 \u00e9toiles, r\u00e9partis le long d\u2019une \u00ab rue \u00bb centrale et surtout, surplombant l\u2019ensemble, un centre d\u2019art contemporain, appel\u00e9 Le Large, joyau de l\u2019op\u00e9ration. Son nom \u00e9voque \u00e0 la fois la topographie insulaire du lieu, cern\u00e9 par les deux bras de la <a href=\"https:\/\/www.connaissancedesarts.com\/arts-expositions\/paris\/paris-un-nouveau-centre-dart-flottant-dedie-a-la-photo-ouvrira-bientot-sur-la-seine-11177960\/\" rel=\"nofollow noopener\" target=\"_blank\">Seine<\/a>, et sa philosophie : \u00ab\u00a0Invitation \u00e0 d\u00e9placer les regards, \u00e0 ouvrir les horizons\u00a0\u00bb, ainsi que son ambition\u00a0: \u00ab Accueillir le public le plus large possible\u00a0\u00bb, expliquait, lors d\u2019une premi\u00e8re pr\u00e9sentation en mai, son initiateur, Laurent Dumas, patron du groupe immobilier Emerige, et collectionneur bien connu. Aujourd\u2019hui, m\u00eame si le chantier, d\u00e9marr\u00e9 en 2022, touche \u00e0 sa fin, les ouvriers s\u2019affairent toujours. Mais promis\u00a0! <a href=\"https:\/\/www.ileseguin-rivesdeseine.fr\/fr\/lile-seguin\" rel=\"nofollow noopener\" target=\"_blank\">Le Large<\/a>, sign\u00e9 par le cabinet catalan RCR, prix Pritzker 2017 et concepteur du mus\u00e9e Soulages de Rodez, ouvrira le 17 octobre prochain\u2026<\/p>\n<p>Un nouveau centre d\u2019art contemporain sur le territoire du Grand Paris<\/p>\n<p>Certains s\u2019interrogeront sur la pertinence d\u2019une telle implantation, sachant que Paris regorge d\u00e9j\u00e0 de centres d\u2019art priv\u00e9s, de la Fondation Vuitton \u00e0 la <a href=\"https:\/\/www.connaissancedesarts.com\/arts-expositions\/art-contemporain\/bourse-de-commerce-collection-pinault-nos-coups-de-coeur-11157188\/\" rel=\"nofollow noopener\" target=\"_blank\">Collection Pinault <\/a>de la Bourse de Commerce et \u00e0 la Fondation Cartier qui vient de r\u00e9emm\u00e9nager place du Palais-Royal, sans oublier la Fondation Pernod Ricard et la Fondation Lafayette Anticipation.<\/p>\n<p><img loading=\"lazy\" width=\"653\" height=\"817\" decoding=\"async\" aria-describedby=\"caption-attachment-213098\" src=\"data:image\/svg+xml,%3Csvg%20xmlns=\" http:=\"\" alt=\"Le Large, vue c\u00f4t\u00e9 Meudon @RCR Arquitectes. Cr\u00e9dit photo : Nicolas Trouillard\" class=\"size-medium wp-image-213098\" data-lazy-src=\"https:\/\/www.europesays.com\/fr\/wp-content\/uploads\/2026\/06\/cdajuin26_le-large_1-tt-width-653-height-817-fill-0-crop-0-bgcolor-eeeeee.jpg\"\/><\/p>\n<p id=\"caption-attachment-213098\" class=\"wp-caption-text\">Le Large, vue c\u00f4t\u00e9 Meudon \u00a9 RCR Arquitectes. Photo : Nicolas Trouillard\/Emerige<\/p>\n<p>Le Large se distingue pourtant de ses homologues parisiens. D\u2019abord, par l\u2019objectif que s\u2019est fix\u00e9 Laurent Dumas\u00a0:\u00a0 d\u00e9fendre la sc\u00e8ne hexagonale. Et bien s\u00fbr, par sa localisation. \u00c0 l\u2019ouest de la capitale, il s\u2019ancre dans le territoire du Grand Paris, en plein d\u00e9veloppement. Qui plus est, il est situ\u00e9 sur l\u2019\u00eele Seguin, embl\u00e8me industriel de la France dont le nom, indissociable de celui de Renault, continue de r\u00e9sonner dans la m\u00e9moire collective. Ici travaillaient 30 000 ouvriers qui ont produit des millions de v\u00e9hicules, dont la fameuse 4 L, jusqu\u2019\u00e0 la fermeture des usines en 1992.<\/p>\n<p>Renault et l\u2019\u00eele Seguin en quelques dates<\/p>\n<p>Un nouveau lieu de la \u00ab\u00a0Vall\u00e9e de la Culture\u00a0\u00bb<\/p>\n<p>Au d\u00e9but des ann\u00e9es 2000, c\u2019est \u00e9galement ici que l\u2019homme d\u2019affaires Fran\u00e7ois Pinault avait esp\u00e9r\u00e9 installer sa collection, avant d\u2019y renoncer, faute d\u2019avoir obtenu le soutien du maire de Boulogne-Billancourt, Jean-Pierre Fourcade. Cette fois, l\u2019inverse s\u2019est produit. C\u2019est son successeur, Pierre-Christophe Baguet qui, en 2016, a propos\u00e9 \u00e0 Laurent Dumas d\u2019investir le site amont de l\u2019\u00eele, et de l\u2019ins\u00e9rer dans le projet d\u2019am\u00e9nagement \u00ab\u00a0Vall\u00e9e de la Culture\u00a0\u00bb lanc\u00e9 en 2008 par le d\u00e9partement des Hauts-de-Seine. L\u2019id\u00e9e \u00e9tant de valoriser culturellement cet environnement, de part et d\u2019autre du fleuve, en contrebalan\u00e7ant l\u2019offre parisienne pl\u00e9thorique.<\/p>\n<p><img loading=\"lazy\" width=\"653\" height=\"436\" decoding=\"async\" aria-describedby=\"caption-attachment-213102\" src=\"data:image\/svg+xml,%3Csvg%20xmlns=\" http:=\"\" alt=\"Le Large- Centre d\u2019art de la Pointe des Arts-Ile Seguin @RCR Arquitectes. Cr\u00e9dit photo : Nicolas Trouillard\" class=\"size-medium wp-image-213102\" data-lazy-src=\"https:\/\/www.europesays.com\/fr\/wp-content\/uploads\/2026\/06\/cdajuin26_le-large_5-tt-width-653-height-436-fill-0-crop-0-bgcolor-eeeeee.jpg\"\/><\/p>\n<p id=\"caption-attachment-213102\" class=\"wp-caption-text\">Le Large-Centre d\u2019art de la Pointe des Arts-\u00cele Seguin \u00a9 RCR Arquitectes. Photo : Nicolas Trouillard\/Emerige<\/p>\n<p>De fait, le projet prend forme, car les atouts sont nombreux. La <a href=\"https:\/\/www.connaissancedesarts.com\/metiers_art\/savoir-faire\/paris-2024-100-ans-apres-les-jeux-de-1924-les-vases-trophees-renaissent-a-la-manufacture-de-sevres-11192079\/\" rel=\"nofollow noopener\" target=\"_blank\">Cit\u00e9 de la c\u00e9ramique<\/a> de S\u00e8vres et le mus\u00e9e des Ann\u00e9es 30 de Boulogne-Billancourt seront bient\u00f4t rejoints par le mus\u00e9e du Grand Si\u00e8cle \u00e0 Saint-Cloud. Les travaux de r\u00e9novation et d\u2019extension du mus\u00e9e-jardin Albert Kahn, \u00e0 Boulogne-Billancourt, achev\u00e9s en 2016, se sont inscrits dans cette dynamique, comme la restauration en 2019, de La Tour aux Figures de Jean Dubuffet, situ\u00e9e sur l\u2019\u00eele Saint-Germain, \u00e0 Issy-les-Moulineaux. Sur l\u2019\u00eele Seguin elle-m\u00eame ont \u00e9t\u00e9 r\u00e9alis\u00e9s des am\u00e9nagements. Sur la pointe aval est implant\u00e9e depuis 2017, la Seine Musicale, dont le rayonnement est international, et dans sa proximit\u00e9 a \u00e9t\u00e9 inaugur\u00e9, en janvier 2026, le parc de sculptures Gauthier-Mougin sur une superficie de 1,6 hectare. Le Large parach\u00e8ve donc la vocation culturelle de l\u2019\u00eele.<\/p>\n<p><strong>Un hommage \u00e0 l\u2019histoire de l\u2019\u00eele, indissociable de Renault<\/strong><\/p>\n<p>Pour arriver au centre d\u2019art, il faut franchir une passerelle, en partant soit du c\u00f4t\u00e9 de Boulogne-Billancourt, soit du c\u00f4t\u00e9 de Meudon. Puis on emprunte la \u00ab\u00a0rue\u00a0\u00bb bord\u00e9e des b\u00e2timents, dans laquelle sont m\u00e9nag\u00e9es de jolies perspectives sur les berges de la Seine. Elle m\u00e8ne \u00e0 un impressionnant atrium, \u00e9quip\u00e9 de gradins. Un escalier m\u00e9canique conduit au 4e \u00e9tage, ouvert \u00e0 tous. On peut venir s\u2019asseoir dans un caf\u00e9, ou simplement admirer le paysage depuis une terrasse panoramique.<\/p>\n<p><img loading=\"lazy\" width=\"653\" height=\"436\" decoding=\"async\" aria-describedby=\"caption-attachment-213104\" src=\"data:image\/svg+xml,%3Csvg%20xmlns=\" http:=\"\" alt=\"Pointe des Arts, vue c\u00f4t\u00e9 Boulogne. Photo Nicolas Trouillard-Emerige \" class=\"size-medium wp-image-213104\" data-lazy-src=\"https:\/\/www.europesays.com\/fr\/wp-content\/uploads\/2026\/06\/cdajuin26_le-large_7-tt-width-653-height-436-fill-0-crop-0-bgcolor-eeeeee.jpg\"\/><\/p>\n<p id=\"caption-attachment-213104\" class=\"wp-caption-text\">Vue de la Pointe des Arts de l\u2019\u00cele Seguin, vue c\u00f4t\u00e9 Boulogne. Photo : Nicolas Trouillard\/Emerige<\/p>\n<p>C\u2019est \u00e0 ce niveau que s\u2019effectue l\u2019entr\u00e9e des expositions, en acc\u00e8s libre pour les moins de 26 ans. S\u2019y d\u00e9ploie une salle modulable de 1 000 m\u00e8tres carr\u00e9s. Impressionnante avec son plafond inclin\u00e9, elle culmine \u00e0 14 m\u00e8tres de hauteur et sa baie vitr\u00e9e donne sur une terrasse plant\u00e9e. Deux autres salles de 500 m\u00e8tres carr\u00e9s chacune se trouvent au 5e et 6e \u00e9tages, offrant une vue plongeante sur la salle principale.<\/p>\n<p><img loading=\"lazy\" width=\"653\" height=\"436\" decoding=\"async\" aria-describedby=\"caption-attachment-213106\" src=\"data:image\/svg+xml,%3Csvg%20xmlns=\" http:=\"\" alt=\"Madeline Hollaander, Sunrise \/ Sunset, 2021. Vue d\u2019installation, Dietch LA, 2022. Photo : Joshua White \" class=\"size-medium wp-image-213106\" data-lazy-src=\"https:\/\/www.europesays.com\/fr\/wp-content\/uploads\/2026\/06\/cdajuin26_le-large_hollander-tt-width-653-height-436-fill-0-crop-0-bgcolor-eeeeee.jpg\"\/><\/p>\n<p id=\"caption-attachment-213106\" class=\"wp-caption-text\">Madeline Hollander, Sunrise \/ Sunset, 2021. Vue d\u2019installation, Dietch LA, 2022. Photo : Joshua White<\/p>\n<p>\u00ab Pour l\u2019exposition inaugurale, il \u00e9tait impensable de ne pas rendre hommage \u00e0 l\u2019histoire du lieu \u00bb, commente Laurent Dumas. D\u2019autant que l\u2019\u00eele Seguin, c\u0153ur industriel de Renault, fut aussi un laboratoire d\u2019exp\u00e9rimentation artistique. \u00c0 la fin des ann\u00e9es 1960, le constructeur automobile avait en effet lanc\u00e9 un programme intitul\u00e9 \u00ab\u00a0Recherche, Art et Industrie\u00a0\u00bb, et invit\u00e9 des artistes tels Dubuffet, Arman, Erro, <a href=\"https:\/\/www.connaissancedesarts.com\/artistes\/qui-etait-jean-tinguely-cet-artiste-aventurier-de-lobjet-11202865\/\" rel=\"nofollow noopener\" target=\"_blank\">Tinguely<\/a>, Rauschenberg ou encore Vasarely, \u00e0 venir travailler dans les ateliers, en profitant des savoir-faire. C\u2019est ainsi qu\u2019au fil des ann\u00e9es, Renault s\u2019est constitu\u00e9 une importante collection<strong>.<\/strong><\/p>\n<p><img loading=\"lazy\" width=\"653\" height=\"797\" decoding=\"async\" aria-describedby=\"caption-attachment-213121\" src=\"data:image\/svg+xml,%3Csvg%20xmlns=\" http:=\"\" alt=\"Th\u00e9o Mercier, Origins of speed, 2026, produite pour \u00ab Moteur imaginaire \u00bb, premi\u00e8re exposition du Large ur l'\u00efle Seguin, du 17 octobre 2026 au 7 mars 2027.\" class=\"size-medium wp-image-213121\" data-lazy-src=\"https:\/\/www.europesays.com\/fr\/wp-content\/uploads\/2026\/06\/cda26_actu_ile_seguin_large_1-tt-width-653-height-797-fill-0-crop-0-bgcolor-eeeeee.jpg\"\/><\/p>\n<p id=\"caption-attachment-213121\" class=\"wp-caption-text\">Th\u00e9o Mercier, Origins of speed, 2026, produite pour \u00ab Moteur imaginaire \u00bb, premi\u00e8re exposition du Large ur l\u2019\u00efle Seguin, du 17 octobre 2026 au 7 mars 2027.<\/p>\n<p>Intitul\u00e9e \u00ab\u00a0Moteur imaginaire\u00a0\u00bb, cette premi\u00e8re exposition (du 17 octobre 2026-7 mars 2027) r\u00e9unira quelque 120 \u0153uvres sign\u00e9es de 55 artistes, dont 50 issues du Fonds Renault, auxquelles s\u2019ajoutent 17 commandes pass\u00e9es \u00e0 des cr\u00e9ateurs contemporains. Comme le r\u00e9sume CeciIia Alemani, la commissaire, directrice artistique de la 59e Biennale de Venise, elle \u00ab\u00a0puise son inspiration dans l\u2019h\u00e9ritage symbolique du site des usines Renault, et explore le mythe de l\u2019automobile, symbole de modernit\u00e9 et t\u00e9moin des mutations de la soci\u00e9t\u00e9\u00a0\u00bb. Vaste programme.<\/p>\n<p>\u00a0<\/p>\n","protected":false},"excerpt":{"rendered":"Un vaisseau d\u2019acier aux reflets cuivr\u00e9s s\u2019est pos\u00e9 sur la pointe amont de l\u2019\u00eele Seguin, \u00e0 Boulogne-Billancourt (Hauts-de-Seine).&hellip;\n","protected":false},"author":2,"featured_media":975645,"comment_status":"","ping_status":"","sticky":false,"template":"","format":"standard","meta":{"footnotes":"","_share_on_mastodon":"0"},"categories":[1358],"tags":[1348,1384,1385,1386,58,59,1011,27],"class_list":["post-975644","post","type-post","status-publish","format-standard","has-post-thumbnail","category-arts-et-design","tag-arts","tag-arts-and-design","tag-arts-et-design","tag-design","tag-divertissement","tag-entertainment","tag-fr","tag-france"],"share_on_mastodon":{"url":"https:\/\/pubeurope.com\/@fr\/116687040904719412","error":""},"_links":{"self":[{"href":"https:\/\/www.europesays.com\/fr\/wp-json\/wp\/v2\/posts\/975644","targetHints":{"allow":["GET"]}}],"collection":[{"href":"https:\/\/www.europesays.com\/fr\/wp-json\/wp\/v2\/posts"}],"about":[{"href":"https:\/\/www.europesays.com\/fr\/wp-json\/wp\/v2\/types\/post"}],"author":[{"embeddable":true,"href":"https:\/\/www.europesays.com\/fr\/wp-json\/wp\/v2\/users\/2"}],"replies":[{"embeddable":true,"href":"https:\/\/www.europesays.com\/fr\/wp-json\/wp\/v2\/comments?post=975644"}],"version-history":[{"count":0,"href":"https:\/\/www.europesays.com\/fr\/wp-json\/wp\/v2\/posts\/975644\/revisions"}],"wp:featuredmedia":[{"embeddable":true,"href":"https:\/\/www.europesays.com\/fr\/wp-json\/wp\/v2\/media\/975645"}],"wp:attachment":[{"href":"https:\/\/www.europesays.com\/fr\/wp-json\/wp\/v2\/media?parent=975644"}],"wp:term":[{"taxonomy":"category","embeddable":true,"href":"https:\/\/www.europesays.com\/fr\/wp-json\/wp\/v2\/categories?post=975644"},{"taxonomy":"post_tag","embeddable":true,"href":"https:\/\/www.europesays.com\/fr\/wp-json\/wp\/v2\/tags?post=975644"}],"curies":[{"name":"wp","href":"https:\/\/api.w.org\/{rel}","templated":true}]}}