{"id":97636,"date":"2025-05-13T20:16:11","date_gmt":"2025-05-13T20:16:11","guid":{"rendered":"https:\/\/www.europesays.com\/fr\/97636\/"},"modified":"2025-05-13T20:16:11","modified_gmt":"2025-05-13T20:16:11","slug":"presentee-comme-leonardo-dicaprio-une-star-snobe-ses-fans-a-nice","status":"publish","type":"post","link":"https:\/\/www.europesays.com\/fr\/97636\/","title":{"rendered":"Pr\u00e9sent\u00e9e comme Leonardo DiCaprio, une star snobe ses fans \u00e0 Nice"},"content":{"rendered":"<p>            Par<br \/>\n        <strong><br \/>\n            <a href=\"https:\/\/actu.fr\/auteur\/fabien-binacchi\" title=\"Consulter tous les articles de Fabien Binacchi\" target=\"_blank\" rel=\"noopener\">Fabien Binacchi<\/a><br \/>\n        <\/strong><\/p>\n<p>        Publi\u00e9 le<\/p>\n<p>            13 mai 2025 \u00e0 19h04        <\/p>\n<p>Casquette et capuche sur la t\u00eate, masque sur la bouche, habill\u00e9 tout en noir\u2009: Leonardo DiCaprio a fait <strong>une arriv\u00e9e incognito, ou presque,<\/strong> \u00e0 l\u2019a\u00e9roport de <a href=\"https:\/\/actu.fr\/nice\/\" target=\"_blank\" rel=\"noopener\">Nice<\/a>, o\u00f9 le d\u00e9fil\u00e9 des stars a commenc\u00e9 juste avant l\u2019ouverture du Festival de Cannes, ce mardi 13\u00a0mai 2025.<\/p>\n<p class=\" wall-content\">Prot\u00e9g\u00e9 par une muraille de bodyguards, <strong>un homme pr\u00e9sent\u00e9 comme l\u2019acteur am\u00e9ricain <\/strong>dans une vid\u00e9o publi\u00e9e par Paris Match a snob\u00e9 les fans qui l\u2019attendaient.<\/p>\n<p>Aucun signe, ni aucun regard<\/p>\n<p class=\" wall-content\"><strong>\u00ab\u2009L\u00e9o please, L\u00e9o please\u2009!\u2009\u00bb.<\/strong> Tenus \u00e0 bonne distance par des agents de s\u00e9curit\u00e9 en nombre, les chasseurs d\u2019autographes pr\u00e9sents ce mardi 13\u00a0mai \u00e0 l\u2019a\u00e9roport de Nice n\u2019ont eu droit \u00e0 aucun signe ni aucun regard de la part de la star.<\/p>\n<p class=\" wall-content\"><a href=\"https:\/\/www.instagram.com\/p\/DJlfRcrsZ--\/embed\" title=\"Ouvrir le lien sur Instagram\" target=\"_blank\" rel=\"noopener\">Visualiser le contenu sur Instagram<\/a><\/p>\n<p class=\" wall-content\">Escort\u00e9 du terminal jusqu\u2019au parking de la plateforme, l\u2019acteur, dont l\u2019identit\u00e9 est mise en doute par certains internautes, s\u2019est <strong>engouffr\u00e9 dans un van noir sans se retourner<\/strong>.<\/p>\n<p class=\" wall-content\">\u00ab\u2009Je ne crois pas du tout que ce soit lui. Il a l\u2019air beaucoup plus jeune [\u2026] et beaucoup moins gros que Leonardo DiCaprio\u2009\u00bb, \u00e9crit notamment une utilisatrice d\u2019Instagram. La star de Titanic et de The Revenant appr\u00e9ciera dans tous les cas.<\/p>\n<p>Vid\u00e9os : en ce moment sur ActuPour rendre hommage \u00e0 De Niro<\/p>\n<p class=\" wall-content\">L\u2019acteur de 50\u00a0ans est attendu sur les marches du Palais des festivals ce mardi soir, \u00e0 l\u2019occasion de la c\u00e9r\u00e9monie d\u2019ouverture du 78e Festival de Cannes.<\/p>\n<p class=\" wall-content\">Il montera m\u00eame sur la sc\u00e8ne du Grand auditorium Louis-Lumi\u00e8re pour rendre hommage \u00e0 Robert de Niro, 81\u00a0ans, avec qui il a plusieurs fois partag\u00e9 l\u2019affiche. Leonardo DiCaprio lui remettra <strong>une Palme d\u2019or d\u2019honneur pour l\u2019ensemble de sa carri\u00e8re.<\/strong><\/p>\n<p class=\" wall-content\">Suivez toute l\u2019actualit\u00e9 de vos villes et m\u00e9dias favoris en vous inscrivant \u00e0 <a href=\"https:\/\/moncompte.actu.fr\" title=\"D\u00e9couvez Mon Actu\" rel=\"nofollow noopener\" data-trk=\"{&quot;cta&quot;:{&quot;action&quot;:&quot;https:\\\/\\\/moncompte.actu.fr&quot;,&quot;category&quot;:&quot;mon compte&quot;,&quot;from&quot;:&quot;article footer&quot;,&quot;name&quot;:&quot;Mon actu&quot;,&quot;type&quot;:&quot;cta&quot;}}\" target=\"_blank\">Mon Actu<\/a>.<\/p>\n<ul class=\"ac-article-tag wall-content\">\n<li><a href=\"https:\/\/actu.fr\/tag\/festival-de-cannes\" data-trk=\"{&quot;cta&quot;:{&quot;action&quot;:&quot;Festival de Cannes&quot;,&quot;category&quot;:&quot;tag&quot;,&quot;from&quot;:&quot;article footer&quot;,&quot;name&quot;:&quot;Festival de Cannes&quot;,&quot;type&quot;:&quot;cta&quot;}}\" target=\"_blank\" rel=\"noopener\">#Festival de Cannes<\/a><\/li>\n<li><a href=\"https:\/\/actu.fr\/tag\/nice-cote-dazur\" data-trk=\"{&quot;cta&quot;:{&quot;action&quot;:&quot;Nice C\\u00f4te d&#039;Azur&quot;,&quot;category&quot;:&quot;tag&quot;,&quot;from&quot;:&quot;article footer&quot;,&quot;name&quot;:&quot;Nice C\\u00f4te d&#039;Azur&quot;,&quot;type&quot;:&quot;cta&quot;}}\" target=\"_blank\" rel=\"noopener\">#Nice C\u00f4te d&rsquo;Azur<\/a><\/li>\n<\/ul>\n<p>                    <script async src=\"\/\/www.instagram.com\/embed.js\"><\/script><\/p>\n","protected":false},"excerpt":{"rendered":"Par Fabien Binacchi Publi\u00e9 le 13 mai 2025 \u00e0 19h04 Casquette et capuche sur la t\u00eate, masque sur&hellip;\n","protected":false},"author":2,"featured_media":97637,"comment_status":"","ping_status":"","sticky":false,"template":"","format":"standard","meta":{"footnotes":""},"categories":[2819],"tags":[1111,11,1777,674,849,5634,1011,27,1652,12,2401,2897,882,25],"class_list":{"0":"post-97636","1":"post","2":"type-post","3":"status-publish","4":"format-standard","5":"has-post-thumbnail","7":"category-nice","8":"tag-actu","9":"tag-actualites","10":"tag-eu","11":"tag-europe","12":"tag-festival","13":"tag-festival-de-cannes","14":"tag-fr","15":"tag-france","16":"tag-loisirs-culture","17":"tag-news","18":"tag-nice","19":"tag-nice-cote-dazur","20":"tag-provence-alpes-cote-dazur","21":"tag-republique-francaise"},"share_on_mastodon":{"url":"https:\/\/pubeurope.com\/@fr\/114502368374518860","error":""},"_links":{"self":[{"href":"https:\/\/www.europesays.com\/fr\/wp-json\/wp\/v2\/posts\/97636","targetHints":{"allow":["GET"]}}],"collection":[{"href":"https:\/\/www.europesays.com\/fr\/wp-json\/wp\/v2\/posts"}],"about":[{"href":"https:\/\/www.europesays.com\/fr\/wp-json\/wp\/v2\/types\/post"}],"author":[{"embeddable":true,"href":"https:\/\/www.europesays.com\/fr\/wp-json\/wp\/v2\/users\/2"}],"replies":[{"embeddable":true,"href":"https:\/\/www.europesays.com\/fr\/wp-json\/wp\/v2\/comments?post=97636"}],"version-history":[{"count":0,"href":"https:\/\/www.europesays.com\/fr\/wp-json\/wp\/v2\/posts\/97636\/revisions"}],"wp:featuredmedia":[{"embeddable":true,"href":"https:\/\/www.europesays.com\/fr\/wp-json\/wp\/v2\/media\/97637"}],"wp:attachment":[{"href":"https:\/\/www.europesays.com\/fr\/wp-json\/wp\/v2\/media?parent=97636"}],"wp:term":[{"taxonomy":"category","embeddable":true,"href":"https:\/\/www.europesays.com\/fr\/wp-json\/wp\/v2\/categories?post=97636"},{"taxonomy":"post_tag","embeddable":true,"href":"https:\/\/www.europesays.com\/fr\/wp-json\/wp\/v2\/tags?post=97636"}],"curies":[{"name":"wp","href":"https:\/\/api.w.org\/{rel}","templated":true}]}}