{"id":976564,"date":"2026-06-04T01:40:26","date_gmt":"2026-06-04T01:40:26","guid":{"rendered":"https:\/\/www.europesays.com\/fr\/976564\/"},"modified":"2026-06-04T01:40:26","modified_gmt":"2026-06-04T01:40:26","slug":"le-programme-complet-des-24-heures-du-mans-2026","status":"publish","type":"post","link":"https:\/\/www.europesays.com\/fr\/976564\/","title":{"rendered":"Le programme complet des 24 Heures du Mans 2026"},"content":{"rendered":"<p>Cette ann\u00e9e encore, <strong>Motorsport.com<\/strong> sera pr\u00e9sent sur place pour vous faire vivre cette 94e \u00e9dition des 24 Heures du Mans, et vous proposer infos, interviews et photos. Comme ces deux derni\u00e8res ann\u00e9es, l&rsquo;accent sera particuli\u00e8rement mis sur la cat\u00e9gorie\u00a0Hypercar, et chaque journ\u00e9e sera \u00e0 suivre en direct sur notre site.<\/p>\n<p>Les festivit\u00e9s d\u00e9buteront d\u00e8s le <strong>vendredi 5 juin<\/strong> avec les traditionnelles v\u00e9rifications administratives et techniques du Pesage, organis\u00e9es en centre-ville, place de la R\u00e9publique. Les op\u00e9rations se poursuivront le <strong>samedi 6 juin<\/strong> au matin, avant un premier temps fort populaire avec le roulage en centre-ville.<\/p>\n<p>Le <strong>dimanche 7 juin<\/strong> marquera les premiers tours de roue sur le circuit des 24 Heures avec la Journ\u00e9e Test, toujours essentielle pour permettre aux \u00e9quipes de pr\u00e9parer au mieux la semaine de comp\u00e9tition.\u00a0<\/p>\n<p>Le <strong>mardi 9 juin <\/strong>sera consacr\u00e9 au public. Sur le circuit, les passionn\u00e9s pourront profiter de la visite des stands, assister au Pit Stop Challenge et rencontrer les pilotes lors de s\u00e9ances de d\u00e9dicaces.\u00a0<\/p>\n<p><strong>Mercredi 10 juin<\/strong>, la comp\u00e9tition reprendra pleinement ses droits.\u00a0Les premiers essais libres et les premi\u00e8res s\u00e9ances qualificatives des 24 Heures du Mans se d\u00e9rouleront au cours de la journ\u00e9e, avant des essais de nuit toujours spectaculaires. Une premi\u00e8re session qualificative pour l&rsquo;Hyperpole viendra compl\u00e9ter le programme.<\/p>\n<p>Le <strong>jeudi 11 juin<\/strong> constituera l&rsquo;un des moments cl\u00e9s de la semaine avec les derni\u00e8res s\u00e9ances qualificatives et l&rsquo;Hyperpole, qui d\u00e9terminera la grille de d\u00e9part des 24 Heures du Mans.\u00a0<\/p>\n<p>La journ\u00e9e du <strong>vendredi 12 juin <\/strong>sera de nouveau tourn\u00e9e vers le public. La piste s&rsquo;ouvrira aux spectateurs, qui pourront parcourir le mythique trac\u00e9 des 24 Heures du Mans \u00e0 pied ou par d&rsquo;autres moyens de mobilit\u00e9 douce. En parall\u00e8le, la traditionnelle parade des pilotes traversera le centre-ville du Mans.<\/p>\n<p>Le moment tant attendu, le d\u00e9part des 24 Heures du Mans, sera donn\u00e9 le <strong>samedi 13 juin<\/strong> \u00e0 16 heures.\u00a0<\/p>\n<p>Rendez-vous enfin le <strong>dimanche 14 juin<\/strong> \u00e0 16 heures pour conna\u00eetre le grand vainqueur de cette 94e \u00e9dition des 24 Heures du Mans.\u00a0<\/p>\n<p>Le programme d\u00e9taill\u00e9<\/p>\n<tr>\n<strong>VENDREDI 5 JUIN<\/strong><br \/>\n<\/tr>\n<tr>\n<td>10h00 &#8211; 19h00<\/td>\n<td>\n<p>V\u00e9rifications administratives et techniques (pesage)<\/p>\n<p>(Place de la R\u00e9publique)<\/p>\n<\/td>\n<\/tr>\n<tr>\n<strong>SAMEDI 6 JUIN<\/strong><br \/>\n<\/tr>\n<tr>\n<td>09h00 &#8211; 14h00<\/td>\n<td>\n<p>V\u00e9rifications administratives et techniques (pesage)<\/p>\n<p>(Place de la R\u00e9publique)<\/p>\n<\/td>\n<\/tr>\n<tr>\n<td>15h00 &#8211; 16h00<\/td>\n<td>\n<p>Roulage en ville<\/p>\n<\/td>\n<\/tr>\n<tr>\n<strong>DIMANCHE 7 JUIN<\/strong><br \/>\n<\/tr>\n<tr>\n<td>\n<p><strong>10h00 &#8211; 13h00<\/strong><\/p>\n<p><strong>15h30 &#8211; 18h30<\/strong><\/p>\n<\/td>\n<td><strong>Journ\u00e9e Test<\/strong><\/td>\n<\/tr>\n<tr>\n<strong>MARDI 9 JUIN<\/strong><br \/>\n<\/tr>\n<tr>\n<td>14h00 &#8211; 17h30<\/td>\n<td>Visite des stands\u00a0<\/td>\n<\/tr>\n<tr>\n<td>14h00 &#8211; 15h15<\/td>\n<td>Pitstop challenge<\/td>\n<\/tr>\n<tr>\n<td>15h30 &#8211; 17h30<\/td>\n<td>S\u00e9ance d&rsquo;autographes (pitlane)<\/td>\n<\/tr>\n<tr>\n<strong>MERCREDI 10 JUIN<\/strong><br \/>\n<\/tr>\n<tr>\n<td><strong>14h00 &#8211; 17h00<\/strong><\/td>\n<td><strong>Essais Libres 1<\/strong><\/td>\n<\/tr>\n<tr>\n<td><strong>18h45 &#8211; 19h15<\/strong><\/td>\n<td><strong>Essais qualificatifs LMP2\/LMGT3<\/strong><\/td>\n<\/tr>\n<tr>\n<td><strong>19h30 &#8211; 20h00<\/strong><\/td>\n<td><strong>Essais qualificatifs Hypercar<\/strong><\/td>\n<\/tr>\n<tr>\n<td><strong>22h00 &#8211; 00h00<\/strong><\/td>\n<td><strong>Essais Libres 2<\/strong><\/td>\n<\/tr>\n<tr>\n<strong>JEUDI 11 JUIN<\/strong><br \/>\n<\/tr>\n<tr>\n<td><strong>14h45 &#8211; 17h45<\/strong><\/td>\n<td><strong>Essais Libres 3<\/strong><\/td>\n<\/tr>\n<tr>\n<td><strong>20h00 &#8211; 20h20<\/strong><\/td>\n<td><strong>Hyperpole 1 LMP2\/LMGT3<\/strong><\/td>\n<\/tr>\n<tr>\n<td><strong>20h35 &#8211; 20h50<\/strong><\/td>\n<td><strong>Hyperpole 2 LMP2\/LMGT3<\/strong><\/td>\n<\/tr>\n<tr>\n<td><strong>21h05 &#8211; 21h25<\/strong><\/td>\n<td><strong>Hyperpole 1 Hypercar<\/strong><\/td>\n<\/tr>\n<tr>\n<td><strong>21h40 &#8211; 21h55<\/strong><\/td>\n<td><strong>Hyperpole 2 Hypercar<\/strong><\/td>\n<\/tr>\n<tr>\n<td><strong>23h00 &#8211; 00h00<\/strong><\/td>\n<td><strong>Essais Libres 4<\/strong><\/td>\n<\/tr>\n<tr>\n<strong>VENDREDI 12 JUIN<\/strong><br \/>\n<\/tr>\n<tr>\n<td>15h30 &#8211; 20h00<\/td>\n<td>Ouverture de la piste au public<\/td>\n<\/tr>\n<tr>\n<td>16h00 &#8211; 19h00<\/td>\n<td>Parade des pilotes (centre-ville)<\/td>\n<\/tr>\n<tr>\n<strong>SAMEDI 13 JUIN<\/strong><br \/>\n<\/tr>\n<tr>\n<td><strong>12h00 &#8211; 12h15<\/strong><\/td>\n<td><strong>Warm-up<\/strong><\/td>\n<\/tr>\n<tr>\n<td><strong>16h00<\/strong><\/td>\n<td><strong>D\u00e9part de la 94e \u00e9dition<\/strong><\/td>\n<\/tr>\n<tr>\n<strong>DIMANCHE 14 JUIN<\/strong><br \/>\n<\/tr>\n<tr>\n<td><strong>16h00<\/strong><\/td>\n<td><strong>Arriv\u00e9e de la 94e \u00e9dition<\/strong><\/td>\n<\/tr>\n<p>            Votre avis nous int\u00e9resse !<\/p>\n<p class=\"mt-auto\">Qu&rsquo;aimeriez-vous voir sur Motorsport.com ?<\/p>\n<p>            <a href=\"#\" class=\"ms-link text-link font-bold\">R\u00e9pondez \u00e0 notre enqu\u00eate en 5 minutes.<\/a><\/p>\n<p class=\"mt-1 text-body\">&#8211; L&rsquo;\u00e9quipe Motorsport.com<\/p>\n","protected":false},"excerpt":{"rendered":"Cette ann\u00e9e encore, Motorsport.com sera pr\u00e9sent sur place pour vous faire vivre cette 94e \u00e9dition des 24 Heures&hellip;\n","protected":false},"author":2,"featured_media":976565,"comment_status":"","ping_status":"","sticky":false,"template":"","format":"standard","meta":{"footnotes":"","_share_on_mastodon":"0"},"categories":[2],"tags":[10312,11,102832,1011,27,102831,12,25,12993],"class_list":["post-976564","post","type-post","status-publish","format-standard","has-post-thumbnail","category-actualites","tag-24-heures-du-mans","tag-actualites","tag-circuit-de-la-sarthe","tag-fr","tag-france","tag-le-programme-complet-des-24-heures-du-mans-2026","tag-news","tag-republique-francaise","tag-wec"],"share_on_mastodon":{"url":"https:\/\/pubeurope.com\/@fr\/116689294365475829","error":""},"_links":{"self":[{"href":"https:\/\/www.europesays.com\/fr\/wp-json\/wp\/v2\/posts\/976564","targetHints":{"allow":["GET"]}}],"collection":[{"href":"https:\/\/www.europesays.com\/fr\/wp-json\/wp\/v2\/posts"}],"about":[{"href":"https:\/\/www.europesays.com\/fr\/wp-json\/wp\/v2\/types\/post"}],"author":[{"embeddable":true,"href":"https:\/\/www.europesays.com\/fr\/wp-json\/wp\/v2\/users\/2"}],"replies":[{"embeddable":true,"href":"https:\/\/www.europesays.com\/fr\/wp-json\/wp\/v2\/comments?post=976564"}],"version-history":[{"count":0,"href":"https:\/\/www.europesays.com\/fr\/wp-json\/wp\/v2\/posts\/976564\/revisions"}],"wp:featuredmedia":[{"embeddable":true,"href":"https:\/\/www.europesays.com\/fr\/wp-json\/wp\/v2\/media\/976565"}],"wp:attachment":[{"href":"https:\/\/www.europesays.com\/fr\/wp-json\/wp\/v2\/media?parent=976564"}],"wp:term":[{"taxonomy":"category","embeddable":true,"href":"https:\/\/www.europesays.com\/fr\/wp-json\/wp\/v2\/categories?post=976564"},{"taxonomy":"post_tag","embeddable":true,"href":"https:\/\/www.europesays.com\/fr\/wp-json\/wp\/v2\/tags?post=976564"}],"curies":[{"name":"wp","href":"https:\/\/api.w.org\/{rel}","templated":true}]}}