{"id":976846,"date":"2026-06-04T04:57:15","date_gmt":"2026-06-04T04:57:15","guid":{"rendered":"https:\/\/www.europesays.com\/fr\/976846\/"},"modified":"2026-06-04T04:57:15","modified_gmt":"2026-06-04T04:57:15","slug":"basse-goulaine-lamicale-laique-forme-dix-huit-adherents-aux-premiers-secours","status":"publish","type":"post","link":"https:\/\/www.europesays.com\/fr\/976846\/","title":{"rendered":"Basse-Goulaine. L\u2019amicale la\u00efque forme dix-huit adh\u00e9rents aux premiers secours"},"content":{"rendered":"<p>Pour la deuxi\u00e8me ann\u00e9e, l\u2019amicale la\u00efque a organis\u00e9 une formation aux premiers secours citoyen pour ses adh\u00e9rents. Dix-huit personnes form\u00e9es\u00a0(dix-sept\u00a0femmes et un homme) ont re\u00e7u leur dipl\u00f4me, lundi, dans les locaux associatifs de la Herdrie.<\/p>\n<p>Deux sessions d\u2019une journ\u00e9e compl\u00e8te avaient \u00e9t\u00e9 organis\u00e9es en mars. \u00a0L\u2019objectif est de toucher le plus d\u2019adh\u00e9rents possibles. Cela nous permet d\u2019avoir beaucoup de gens form\u00e9s dans nos diff\u00e9rentes activit\u00e9s pour assurer la s\u00e9curit\u00e9 des participants\u00a0, explique Didier Guillou, responsable de la section gym adultes. Un recyclage r\u00e9gulier pour les dipl\u00f4m\u00e9s est pr\u00e9vu tous les deux ans.<\/p>\n<p>L\u2019amicale la\u00efque compte 620\u00a0adh\u00e9rents pour quatorze activit\u00e9s artistiques, num\u00e9riques, culturelles et sportives.<\/p>\n<p>\u00a0<\/p>\n","protected":false},"excerpt":{"rendered":"Pour la deuxi\u00e8me ann\u00e9e, l\u2019amicale la\u00efque a organis\u00e9 une formation aux premiers secours citoyen pour ses adh\u00e9rents. Dix-huit&hellip;\n","protected":false},"author":2,"featured_media":976847,"comment_status":"","ping_status":"","sticky":false,"template":"","format":"standard","meta":{"footnotes":"","_share_on_mastodon":"0"},"categories":[2818],"tags":[1111,11,15155,44708,3266,35197,1777,674,4988,1011,27,102862,766,12,2636,25,3272,7342],"class_list":["post-976846","post","type-post","status-publish","format-standard","has-post-thumbnail","category-nantes","tag-actu","tag-actualites","tag-adherents","tag-amicale","tag-basse-goulaine","tag-dix-huit","tag-eu","tag-europe","tag-forme","tag-fr","tag-france","tag-laique","tag-nantes","tag-news","tag-pays-de-la-loire","tag-republique-francaise","tag-saint-nazaire","tag-secours"],"share_on_mastodon":{"url":"https:\/\/pubeurope.com\/@fr\/116690069234493796","error":""},"_links":{"self":[{"href":"https:\/\/www.europesays.com\/fr\/wp-json\/wp\/v2\/posts\/976846","targetHints":{"allow":["GET"]}}],"collection":[{"href":"https:\/\/www.europesays.com\/fr\/wp-json\/wp\/v2\/posts"}],"about":[{"href":"https:\/\/www.europesays.com\/fr\/wp-json\/wp\/v2\/types\/post"}],"author":[{"embeddable":true,"href":"https:\/\/www.europesays.com\/fr\/wp-json\/wp\/v2\/users\/2"}],"replies":[{"embeddable":true,"href":"https:\/\/www.europesays.com\/fr\/wp-json\/wp\/v2\/comments?post=976846"}],"version-history":[{"count":0,"href":"https:\/\/www.europesays.com\/fr\/wp-json\/wp\/v2\/posts\/976846\/revisions"}],"wp:featuredmedia":[{"embeddable":true,"href":"https:\/\/www.europesays.com\/fr\/wp-json\/wp\/v2\/media\/976847"}],"wp:attachment":[{"href":"https:\/\/www.europesays.com\/fr\/wp-json\/wp\/v2\/media?parent=976846"}],"wp:term":[{"taxonomy":"category","embeddable":true,"href":"https:\/\/www.europesays.com\/fr\/wp-json\/wp\/v2\/categories?post=976846"},{"taxonomy":"post_tag","embeddable":true,"href":"https:\/\/www.europesays.com\/fr\/wp-json\/wp\/v2\/tags?post=976846"}],"curies":[{"name":"wp","href":"https:\/\/api.w.org\/{rel}","templated":true}]}}