{"id":977104,"date":"2026-06-04T07:46:15","date_gmt":"2026-06-04T07:46:15","guid":{"rendered":"https:\/\/www.europesays.com\/fr\/977104\/"},"modified":"2026-06-04T07:46:15","modified_gmt":"2026-06-04T07:46:15","slug":"une-bataille-interieure-400-km-en-un-jour-a-velo-pour-voir-notre-dame-de-paris-le","status":"publish","type":"post","link":"https:\/\/www.europesays.com\/fr\/977104\/","title":{"rendered":"\u00ab\u00a0Une bataille int\u00e9rieure\u00a0\u00bb\u00a0: 400\u00a0km en un jour \u00e0 v\u00e9lo pour voir Notre-Dame de Paris, le"},"content":{"rendered":"<p>Samedi 30\u00a0mai 2026, quatre amis se sont lanc\u00e9 un d\u00e9fi sportif un peu fou\u00a0: relier S\u00e8vremoine\u00a0(Maine-et-Loire) \u00e0 Paris \u00e0 v\u00e9lo\u2026 en une seule journ\u00e9e\u00a0!<\/p>\n<p>Ce sont 400\u00a0km \u00e0 parcourir en moins de 24\u00a0heures. Au-del\u00e0 de la performance sportive, ce projet repr\u00e9sente surtout une aventure humaine entre amis\u00a0: plusieurs mois de pr\u00e9paration, beaucoup d\u2019entra\u00eenements, de doutes, mais surtout l\u2019envie de se d\u00e9passer ensemble et de vivre une exp\u00e9rience dont nous nous souviendrons longtemps, expliquent Mathis Pouvreau, Quentin M\u00e9nard, Cyprien Pillet et Robin Dupont.<\/p>\n<p>Tous passionn\u00e9s par le mythique Tour de France, ils r\u00eavaient de r\u00e9aliser quelque chose de spectaculaire, avec une belle photo au pied d\u2019un monument de Paris. Plusieurs membres de ma famille ont eux aussi r\u00e9alis\u00e9 ce d\u00e9fi il y a plusieurs ann\u00e9es. Nous aimons nous challenger autour d\u2019une passion commune cultiv\u00e9e depuis notre enfance, o\u00f9 nous suivions la caravane du Tour de France avec notre grand-p\u00e8re, raconte Quentin M\u00e9nard.<\/p>\n<p>\u00ab\u00a0Il ne faut pas craquer\u00a0\u00bb<\/p>\n<p>Ils \u00e9taient trois sur un v\u00e9lo, aid\u00e9s de Thibaut de Neuville et Robin Dupont pour g\u00e9rer les ravitaillements. En selle d\u00e8s 4\u00a0h pour rallier La Fl\u00e8che\u00a0(Sarthe), sous un soleil d\u00e9j\u00e0 bien pr\u00e9sent. Chacun prenait tour \u00e0 tour son relais, et c\u2019\u00e9tait la premi\u00e8re fois que je roulais ainsi, poursuit Cyprien Pillet. \u00c0 13\u00a0h et d\u00e9j\u00e0 280\u00a0km dans les mollets, d\u00e9jeuner \u00e0 l\u2019ombre de l\u2019\u00e9glise de Coudray-au-Perche\u00a0(Eure-et-Loir), pour se prot\u00e9ger d\u2019un soleil br\u00fblant et plus de 33\u00a0degr\u00e9s\u00a0!<\/p>\n<p>C\u2019est dans ce d\u00e9partement que les premiers signes de fatigue commencent, apr\u00e8s les bosses\u00a0: C\u2019est vraiment fatigant mentalement\u00a0; il ne faut pas craquer et penser \u00e0 notre objectif final. C\u2019est tr\u00e8s \u00e9trange comme sensation. Notre humeur ne fait que changer, c\u2019est une v\u00e9ritable bataille int\u00e9rieure. Une crevaison \u00e0 l\u2019arriv\u00e9e de la derni\u00e8re \u00e9tape est vite r\u00e9par\u00e9e, et permet d\u2019entrer dans la capitale \u00e0 22\u00a0h.<\/p>\n<p>Un jour de victoire europ\u00e9enne\u00a0!<\/p>\n<p>Pas de photo possible devant la Tour Eiffel ou sur les Champs-\u00c9lys\u00e9es, pris d\u2019assaut par les Parisiens apr\u00e8s la victoire du PSG. Le groupe prend la direction de Notre-Dame de Paris\u00a0; Cyprien Pillet, menuisier aux Ateliers Perrault, \u00e0 Mauges-sur-Loire, souligne que certains de mes coll\u00e8gues ont particip\u00e9 \u00e0 sa restauration apr\u00e8s l\u2019incendie. Ce serait une jolie photo, remplie de sens.<\/p>\n<p>Et puis, c\u2019\u00e9tait magnifique d\u2019arriver dans une telle ambiance\u00a0: Tellement galvanisant\u00a0! Cela nous a rappel\u00e9 l\u2019ambiance du Tour de France\u2026<\/p>\n<p>\u00a0<\/p>\n","protected":false},"excerpt":{"rendered":"Samedi 30\u00a0mai 2026, quatre amis se sont lanc\u00e9 un d\u00e9fi sportif un peu fou\u00a0: relier S\u00e8vremoine\u00a0(Maine-et-Loire) \u00e0 Paris&hellip;\n","protected":false},"author":2,"featured_media":977105,"comment_status":"","ping_status":"","sticky":false,"template":"","format":"standard","meta":{"footnotes":"","_share_on_mastodon":"0"},"categories":[1888],"tags":[10851,11,16266,24997,1777,674,1011,27,65342,4432,17714,1307,12,1049,27425,626,25,7530,208,3840],"class_list":["post-977104","post","type-post","status-publish","format-standard","has-post-thumbnail","category-paris","tag-10851","tag-actualites","tag-amis","tag-bataille","tag-eu","tag-europe","tag-fr","tag-france","tag-interieure","tag-jour","tag-km","tag-lille","tag-news","tag-notre-dame","tag-pari","tag-paris","tag-republique-francaise","tag-reussi","tag-velo","tag-voir"],"share_on_mastodon":{"url":"https:\/\/pubeurope.com\/@fr\/116690733753149086","error":""},"_links":{"self":[{"href":"https:\/\/www.europesays.com\/fr\/wp-json\/wp\/v2\/posts\/977104","targetHints":{"allow":["GET"]}}],"collection":[{"href":"https:\/\/www.europesays.com\/fr\/wp-json\/wp\/v2\/posts"}],"about":[{"href":"https:\/\/www.europesays.com\/fr\/wp-json\/wp\/v2\/types\/post"}],"author":[{"embeddable":true,"href":"https:\/\/www.europesays.com\/fr\/wp-json\/wp\/v2\/users\/2"}],"replies":[{"embeddable":true,"href":"https:\/\/www.europesays.com\/fr\/wp-json\/wp\/v2\/comments?post=977104"}],"version-history":[{"count":0,"href":"https:\/\/www.europesays.com\/fr\/wp-json\/wp\/v2\/posts\/977104\/revisions"}],"wp:featuredmedia":[{"embeddable":true,"href":"https:\/\/www.europesays.com\/fr\/wp-json\/wp\/v2\/media\/977105"}],"wp:attachment":[{"href":"https:\/\/www.europesays.com\/fr\/wp-json\/wp\/v2\/media?parent=977104"}],"wp:term":[{"taxonomy":"category","embeddable":true,"href":"https:\/\/www.europesays.com\/fr\/wp-json\/wp\/v2\/categories?post=977104"},{"taxonomy":"post_tag","embeddable":true,"href":"https:\/\/www.europesays.com\/fr\/wp-json\/wp\/v2\/tags?post=977104"}],"curies":[{"name":"wp","href":"https:\/\/api.w.org\/{rel}","templated":true}]}}