{"id":97721,"date":"2025-05-13T21:09:09","date_gmt":"2025-05-13T21:09:09","guid":{"rendered":"https:\/\/www.europesays.com\/fr\/97721\/"},"modified":"2025-05-13T21:09:09","modified_gmt":"2025-05-13T21:09:09","slug":"macron-ecarte-toute-nationalisation-darcelormittal-et-promet-de-sauver-les-sites-de-fos-et-dunkerque","status":"publish","type":"post","link":"https:\/\/www.europesays.com\/fr\/97721\/","title":{"rendered":"Macron \u00e9carte toute nationalisation d&rsquo;ArcelorMittal et promet de \u00absauver\u00bb les sites de Fos et Dunkerque"},"content":{"rendered":"<p>\u00abIl faut mettre en place ce qu\u2019on appelle des clauses de sauvegarde, c\u2019est-\u00e0-dire prot\u00e9ger le march\u00e9 europ\u00e9en\u00bb, a fait valoir le pr\u00e9sident de la R\u00e9publique.<\/p>\n<p class=\"fig-paragraph\">\u00abJe ne vais pas nationaliser ArcelorMittal parce que ce serait d\u00e9penser des milliards d&rsquo;euros\u00bb, a assur\u00e9 mardi\u00a0<a href=\"https:\/\/www.lefigaro.fr\/politique\/en-direct-emmanuel-macron-et-les-defis-de-la-france-suivez-des-20h10-l-interview-du-president-de-la-republique-sur-tf1-20250513\" data-fig-type=\"Live\" data-gtm-custom-categorie=\"navigation\" data-gtm-custom-action=\"crossclick\" data-gtm-custom-label=\"Contextuel\" data-gtm-event=\"customEventSPE\" data-fig-domain=\"LEFIGARO\" target=\"_blank\" rel=\"noopener\">Emmanuel Macron<\/a>, en disant \u00ables yeux dans les yeux\u00bb que les sites de Dunkerque (Nord) et Fos-sur-Mer (Bouches-du-Rh\u00f4ne) seraient \u00absauv\u00e9s\u00bb. \u00abLa r\u00e9ponse, \u00e7a n&rsquo;est pas nationaliser (mais) avoir des garanties de d\u00e9veloppement\u00bb, a fait valoir le chef de l&rsquo;\u00c9tat lors d&rsquo;un entretien sur TF1 o\u00f9 il \u00e9tait confront\u00e9 \u00e0 la secr\u00e9taire g\u00e9n\u00e9rale de la CGT,\u00a0<a href=\"http:\/\/www.lefigaro.fr\/social\/reforme-des-retraites-sophie-binet-appelle-a-une-journee-de-greve-le-5-juin-20250501\" data-fig-type=\"NewsFlash\" data-gtm-custom-categorie=\"navigation\" data-gtm-custom-action=\"crossclick\" data-gtm-custom-label=\"Contextuel\" data-gtm-event=\"customEventSPE\" data-fig-domain=\"LEFIGARO\" target=\"_blank\" rel=\"noopener\">Sophie Binet<\/a>.<\/p>\n<p class=\"fig-paragraph\">\u00abIl faut mettre en place ce qu&rsquo;on appelle des clauses de sauvegarde, c\u2019est-\u00e0-dire prot\u00e9ger le march\u00e9 europ\u00e9en. On a commenc\u00e9 \u00e0 prendre cette d\u00e9cision sous pression fran\u00e7aise: la Commission l&rsquo;a annonc\u00e9 en f\u00e9vrier\u00bb, a fait valoir Emmanuel Macron. Le chef de l\u2019\u00c9tat a toutefois fait une promesse\u00a0: \u00abNous allons sauver et Dunkerque et Fos, je vous le dis les yeux dans les yeux, pas en nationalisant mais en ayant une politique europ\u00e9enne qui prot\u00e8ge notre acier\u00bb.<\/p>\n<p class=\"fig-paragraph\">Plus t\u00f4t ce mardi, plusieurs centaines de salari\u00e9s d\u2019ArcelorMittal ont manifest\u00e9 devant le si\u00e8ge fran\u00e7ais du groupe sid\u00e9rurgiste pour d\u00e9fendre leur emploi et l\u2019avenir de l\u2019acier en France, mettant la pression sur la direction qui envisage la suppression de plus de 600 postes dans le pays. Le pr\u00e9sident d\u2019ArcelorMittal France Alain le Grix de la Salle est quant \u00e0 lui attendu devant la commission d\u2019enqu\u00eate de l\u2019Assembl\u00e9e nationale le 20 mai prochain.<\/p>\n","protected":false},"excerpt":{"rendered":"\u00abIl faut mettre en place ce qu\u2019on appelle des clauses de sauvegarde, c\u2019est-\u00e0-dire prot\u00e9ger le march\u00e9 europ\u00e9en\u00bb, a&hellip;\n","protected":false},"author":2,"featured_media":97722,"comment_status":"","ping_status":"","sticky":false,"template":"","format":"standard","meta":{"footnotes":""},"categories":[6],"tags":[1111,47,11,13620,1117,1109,35,1112,636,33,34,341,257,632,1108,107,1106,1107,1119,1011,27,1116,1110,1114,500,16554,12,1113,1118,137,401,1115],"class_list":{"0":"post-97721","1":"post","2":"type-post","3":"status-publish","4":"format-standard","5":"has-post-thumbnail","7":"category-economie","8":"tag-actu","9":"tag-actualite","10":"tag-actualites","11":"tag-arcelormittal","12":"tag-assurance","13":"tag-breves","14":"tag-business","15":"tag-depeches","16":"tag-devises","17":"tag-economie","18":"tag-economy","19":"tag-emploi","20":"tag-entreprise","21":"tag-fcp","22":"tag-fil","23":"tag-fil-info","24":"tag-flash","25":"tag-flash-actu","26":"tag-formation","27":"tag-fr","28":"tag-france","29":"tag-immobilier","30":"tag-informations","31":"tag-infos","32":"tag-medias","33":"tag-nationalisations","34":"tag-news","35":"tag-nouvelles","36":"tag-placement","37":"tag-retraite","38":"tag-sicav","39":"tag-taux"},"share_on_mastodon":{"url":"https:\/\/pubeurope.com\/@fr\/114502576629767972","error":""},"_links":{"self":[{"href":"https:\/\/www.europesays.com\/fr\/wp-json\/wp\/v2\/posts\/97721","targetHints":{"allow":["GET"]}}],"collection":[{"href":"https:\/\/www.europesays.com\/fr\/wp-json\/wp\/v2\/posts"}],"about":[{"href":"https:\/\/www.europesays.com\/fr\/wp-json\/wp\/v2\/types\/post"}],"author":[{"embeddable":true,"href":"https:\/\/www.europesays.com\/fr\/wp-json\/wp\/v2\/users\/2"}],"replies":[{"embeddable":true,"href":"https:\/\/www.europesays.com\/fr\/wp-json\/wp\/v2\/comments?post=97721"}],"version-history":[{"count":0,"href":"https:\/\/www.europesays.com\/fr\/wp-json\/wp\/v2\/posts\/97721\/revisions"}],"wp:featuredmedia":[{"embeddable":true,"href":"https:\/\/www.europesays.com\/fr\/wp-json\/wp\/v2\/media\/97722"}],"wp:attachment":[{"href":"https:\/\/www.europesays.com\/fr\/wp-json\/wp\/v2\/media?parent=97721"}],"wp:term":[{"taxonomy":"category","embeddable":true,"href":"https:\/\/www.europesays.com\/fr\/wp-json\/wp\/v2\/categories?post=97721"},{"taxonomy":"post_tag","embeddable":true,"href":"https:\/\/www.europesays.com\/fr\/wp-json\/wp\/v2\/tags?post=97721"}],"curies":[{"name":"wp","href":"https:\/\/api.w.org\/{rel}","templated":true}]}}