{"id":97723,"date":"2025-05-13T21:10:11","date_gmt":"2025-05-13T21:10:11","guid":{"rendered":"https:\/\/www.europesays.com\/fr\/97723\/"},"modified":"2025-05-13T21:10:11","modified_gmt":"2025-05-13T21:10:11","slug":"macron-qualifie-de-honte-ce-que-fait-aujourdhui-le-gouvernement-de-benyamin-netanyahou","status":"publish","type":"post","link":"https:\/\/www.europesays.com\/fr\/97723\/","title":{"rendered":"Macron qualifie de \u00abhonte\u00bb ce \u00abque fait aujourd&rsquo;hui le gouvernement de Benyamin Netanyahou\u00bb"},"content":{"rendered":"<p>Le chef de l\u2019Etat a rappel\u00e9 lors d\u2019un entretien sur TF1 qu\u2019il avait \u00e9t\u00e9 \u00abl\u2019un des seuls dirigeants \u00e0 aller \u00e0 la fronti\u00e8re\u00bb entre l\u2019\u00c9gypte et Gaza, \u00abl\u2019une des pires choses qui (lui) aient \u00e9t\u00e9 donn\u00e9es de voir\u00bb.<\/p>\n<p class=\"fig-paragraph\">\u00abCe que fait aujourd&rsquo;hui le gouvernement de\u00a0<a href=\"http:\/\/www.lefigaro.fr\/international\/gaza-liban-syrie-les-guerres-incertaines-de-benyamin-netanyahou-au-moyen-orient-20250507\" data-fig-type=\"Article\" data-gtm-custom-categorie=\"navigation\" data-gtm-custom-action=\"crossclick\" data-gtm-custom-label=\"Contextuel\" data-gtm-event=\"customEventSPE\" data-fig-domain=\"LEFIGARO\" rel=\"nofollow noopener\" target=\"_blank\">Benyamin Netanyahou<\/a> \u00a0(\u00e0\u00a0<a href=\"http:\/\/www.lefigaro.fr\/international\/gaza-l-armee-israelienne-appelle-a-evacuer-immediatement-des-zones-du-nord-de-la-bande-20250513\" data-fig-type=\"NewsFlash\" data-gtm-custom-categorie=\"navigation\" data-gtm-custom-action=\"crossclick\" data-gtm-custom-label=\"Contextuel\" data-gtm-event=\"customEventSPE\" data-fig-domain=\"LEFIGARO\" rel=\"nofollow noopener\" target=\"_blank\">Gaza<\/a> ) est inacceptable\u00bb, \u00abc&rsquo;est une honte\u00bb, a estim\u00e9 mardi 13 mai Emmanuel Macron, en consid\u00e9rant par ailleurs que \u00abce n&rsquo;est pas \u00e0 un pr\u00e9sident de la R\u00e9publique de dire \u201cCeci est un\u00a0<a href=\"http:\/\/www.lefigaro.fr\/flash-actu\/bande-de-gaza-allez-vous-agir-pour-empecher-un-genocide-lance-un-haut-responsable-de-l-onu-20250513\" data-fig-type=\"NewsFlash\" data-gtm-custom-categorie=\"navigation\" data-gtm-custom-action=\"crossclick\" data-gtm-custom-label=\"Contextuel\" data-gtm-event=\"customEventSPE\" data-fig-domain=\"LEFIGARO\" rel=\"nofollow noopener\" target=\"_blank\">g\u00e9nocide<\/a> \u201d, mais aux historiens\u00bb.<\/p>\n<p class=\"fig-paragraph\">Le chef de l&rsquo;Etat a rappel\u00e9 lors d&rsquo;un entretien sur TF1 qu&rsquo;il avait \u00e9t\u00e9 \u00abl&rsquo;un des seuls dirigeants \u00e0 aller \u00e0 la fronti\u00e8re\u00bb entre l&rsquo;\u00c9gypte et Gaza, \u00abl&rsquo;une des pires choses qui (lui) aient \u00e9t\u00e9 donn\u00e9es de voir\u00bb, d\u00e9plorant que \u00abtoute l&rsquo;aide que la France et d&rsquo;autres pays acheminent\u00bb soit \u00abbloqu\u00e9e par les Isra\u00e9liens\u00bb.<\/p>\n<p class=\"fig-paragraph\">Le pr\u00e9sident de la R\u00e9publique a \u00e9galement estim\u00e9 que la question d&rsquo;une r\u00e9vision des \u00abaccords de coop\u00e9ration\u00bb entre UE et Isra\u00ebl \u00e9tait \u00abouverte\u00bb.<\/p>\n","protected":false},"excerpt":{"rendered":"Le chef de l\u2019Etat a rappel\u00e9 lors d\u2019un entretien sur TF1 qu\u2019il avait \u00e9t\u00e9 \u00abl\u2019un des seuls dirigeants&hellip;\n","protected":false},"author":2,"featured_media":97724,"comment_status":"","ping_status":"","sticky":false,"template":"","format":"standard","meta":{"footnotes":""},"categories":[5],"tags":[259,11,260,1011,27,665,14,11514,261,12,262,28],"class_list":{"0":"post-97723","1":"post","2":"type-post","3":"status-publish","4":"format-standard","5":"has-post-thumbnail","7":"category-international","8":"tag-actualite-internationale","9":"tag-actualites","10":"tag-affaires-etrangeres","11":"tag-fr","12":"tag-france","13":"tag-gaza","14":"tag-international","15":"tag-macron","16":"tag-ministere-des-affaires-etrangeres","17":"tag-news","18":"tag-politique-etrangere","19":"tag-world"},"share_on_mastodon":{"url":"https:\/\/pubeurope.com\/@fr\/114502580500856028","error":""},"_links":{"self":[{"href":"https:\/\/www.europesays.com\/fr\/wp-json\/wp\/v2\/posts\/97723","targetHints":{"allow":["GET"]}}],"collection":[{"href":"https:\/\/www.europesays.com\/fr\/wp-json\/wp\/v2\/posts"}],"about":[{"href":"https:\/\/www.europesays.com\/fr\/wp-json\/wp\/v2\/types\/post"}],"author":[{"embeddable":true,"href":"https:\/\/www.europesays.com\/fr\/wp-json\/wp\/v2\/users\/2"}],"replies":[{"embeddable":true,"href":"https:\/\/www.europesays.com\/fr\/wp-json\/wp\/v2\/comments?post=97723"}],"version-history":[{"count":0,"href":"https:\/\/www.europesays.com\/fr\/wp-json\/wp\/v2\/posts\/97723\/revisions"}],"wp:featuredmedia":[{"embeddable":true,"href":"https:\/\/www.europesays.com\/fr\/wp-json\/wp\/v2\/media\/97724"}],"wp:attachment":[{"href":"https:\/\/www.europesays.com\/fr\/wp-json\/wp\/v2\/media?parent=97723"}],"wp:term":[{"taxonomy":"category","embeddable":true,"href":"https:\/\/www.europesays.com\/fr\/wp-json\/wp\/v2\/categories?post=97723"},{"taxonomy":"post_tag","embeddable":true,"href":"https:\/\/www.europesays.com\/fr\/wp-json\/wp\/v2\/tags?post=97723"}],"curies":[{"name":"wp","href":"https:\/\/api.w.org\/{rel}","templated":true}]}}