{"id":97727,"date":"2025-05-13T21:12:09","date_gmt":"2025-05-13T21:12:09","guid":{"rendered":"https:\/\/www.europesays.com\/fr\/97727\/"},"modified":"2025-05-13T21:12:09","modified_gmt":"2025-05-13T21:12:09","slug":"en-direct-emmanuel-macron-favorable-a-une-participation-des-detenus-a-leurs-frais-de-detention","status":"publish","type":"post","link":"https:\/\/www.europesays.com\/fr\/97727\/","title":{"rendered":"EN DIRECT &#8211; Emmanuel Macron favorable \u00e0 une participation des d\u00e9tenus \u00e0 leurs frais de d\u00e9tention"},"content":{"rendered":"<p>                un r\u00e9f\u00e9rendum sur la fin de vie \u00ab\u00a0si\u00a0\u00bb le d\u00e9bat parlementaire \u00ab\u00a0est bloqu\u00e9\u00a0\u00bb<\/p>\n<p>Gr\u00e2ce \u00e0 une voix artificielle, le journaliste Charles Bi\u00e9try, victime de la maladie de Charcot, a interpell\u00e9 Emmanuel Macron sur la fin de vie. \u00ab\u00a0Je souhaite que le texte soit vot\u00e9 parce que j&rsquo;entends des d\u00e9bats opposant la vie et la mort, je suis pour qu&rsquo;on continue la recherche, qu&rsquo;on renforce les soins palliatifs partout\u00a0\u00bb, a d\u00e9clar\u00e9 le chef de l&rsquo;Etat. <\/p>\n<p>\u00ab\u00a0C&rsquo;est une loi de fraternit\u00e9 et d&rsquo;humanit\u00e9\u00a0\u00bb, a-t-il ajout\u00e9. \u00ab\u00a0Si on voit qu&rsquo;il y a un enlisement, \u00e0 ce moment-l\u00e0, le r\u00e9f\u00e9rendum peut \u00eatre une voix pour d\u00e9bloquer, mais je ne le ferais que si c&rsquo;\u00e9tait bloqu\u00e9\u00a0\u00bb, a-t-il annonc\u00e9.<\/p>\n<p>    Partager<\/p>\n","protected":false},"excerpt":{"rendered":"un r\u00e9f\u00e9rendum sur la fin de vie \u00ab\u00a0si\u00a0\u00bb le d\u00e9bat parlementaire \u00ab\u00a0est bloqu\u00e9\u00a0\u00bb Gr\u00e2ce \u00e0 une voix artificielle,&hellip;\n","protected":false},"author":2,"featured_media":97728,"comment_status":"","ping_status":"","sticky":false,"template":"","format":"standard","meta":{"footnotes":""},"categories":[2],"tags":[11,898,1073,107,1011,27,12],"class_list":{"0":"post-97727","1":"post","2":"type-post","3":"status-publish","4":"format-standard","5":"has-post-thumbnail","7":"category-actualites","8":"tag-actualites","9":"tag-alerte","10":"tag-emmanuel-macron","11":"tag-fil-info","12":"tag-fr","13":"tag-france","14":"tag-news"},"share_on_mastodon":{"url":"https:\/\/pubeurope.com\/@fr\/114502588453143987","error":""},"_links":{"self":[{"href":"https:\/\/www.europesays.com\/fr\/wp-json\/wp\/v2\/posts\/97727","targetHints":{"allow":["GET"]}}],"collection":[{"href":"https:\/\/www.europesays.com\/fr\/wp-json\/wp\/v2\/posts"}],"about":[{"href":"https:\/\/www.europesays.com\/fr\/wp-json\/wp\/v2\/types\/post"}],"author":[{"embeddable":true,"href":"https:\/\/www.europesays.com\/fr\/wp-json\/wp\/v2\/users\/2"}],"replies":[{"embeddable":true,"href":"https:\/\/www.europesays.com\/fr\/wp-json\/wp\/v2\/comments?post=97727"}],"version-history":[{"count":0,"href":"https:\/\/www.europesays.com\/fr\/wp-json\/wp\/v2\/posts\/97727\/revisions"}],"wp:featuredmedia":[{"embeddable":true,"href":"https:\/\/www.europesays.com\/fr\/wp-json\/wp\/v2\/media\/97728"}],"wp:attachment":[{"href":"https:\/\/www.europesays.com\/fr\/wp-json\/wp\/v2\/media?parent=97727"}],"wp:term":[{"taxonomy":"category","embeddable":true,"href":"https:\/\/www.europesays.com\/fr\/wp-json\/wp\/v2\/categories?post=97727"},{"taxonomy":"post_tag","embeddable":true,"href":"https:\/\/www.europesays.com\/fr\/wp-json\/wp\/v2\/tags?post=97727"}],"curies":[{"name":"wp","href":"https:\/\/api.w.org\/{rel}","templated":true}]}}