{"id":97729,"date":"2025-05-13T21:13:17","date_gmt":"2025-05-13T21:13:17","guid":{"rendered":"https:\/\/www.europesays.com\/fr\/97729\/"},"modified":"2025-05-13T21:13:17","modified_gmt":"2025-05-13T21:13:17","slug":"loire-nidec-lentreprise-de-roche-la-moliere-a-seduit-le-ministre","status":"publish","type":"post","link":"https:\/\/www.europesays.com\/fr\/97729\/","title":{"rendered":"Loire. Nidec, l\u2019entreprise de Roche-la-Moli\u00e8re, a s\u00e9duit le ministre"},"content":{"rendered":"<p>\u00ab Trente pour cent de l\u2019export fran\u00e7ais vient des investissements \u00e9trangers. Pour notre balance commerciale, \u00e7a m\u2019int\u00e9resse, car vous nourrissez d\u2019autres march\u00e9s. \u00bb Laurent Saint-Martin, ministre d\u00e9l\u00e9gu\u00e9 aupr\u00e8s du ministre de l\u2019Europe et des Affaires \u00e9trang\u00e8res, charg\u00e9 du Commerce ext\u00e9rieur et des Fran\u00e7ais de l\u2019\u00e9tranger, a \u00e9cout\u00e9 attentivement les dirigeants de l\u2019entreprise Nidec exposer leur savoir-faire ce mardi 13 mai. Une soci\u00e9t\u00e9 bas\u00e9e \u00e0 Roche-la-Moli\u00e8re et qui vient de construire un second site \u00e0 La Fouillouse. Un investissement de 17 millions d\u2019euros qui va g\u00e9n\u00e9rer pr\u00e8s de 115 emplois et sans doute beaucoup plus dans un avenir tr\u00e8s proche.<\/p>\n<p>Pass\u00e9e sous pavillon japonais, Nidec ASI s\u2019est d\u00e9j\u00e0 fait remarquer l\u2019an dernier lors du salon \u00ab Choose France \u00bb, le gotha de l\u2019excellence industrielle \u00e0 la fran\u00e7aise qui se tient chaque ann\u00e9e au ch\u00e2teau de Versailles. <a href=\"https:\/\/www.leprogres.fr\/economie\/2024\/05\/13\/au-sommet-choose-france-des-milliards-d-euros-pour-l-industrie-francaise\" target=\"_blank\" rel=\"noopener\">\u00c0 moins d\u2019une semaine de la 7e \u00e9dition du Choose France<\/a>, le ministre d\u00e9l\u00e9gu\u00e9 a mis un point d\u2019honneur \u00e0 aller \u00e0 la rencontre des entreprises qui ont le vent en poupe.<\/p>\n<p>  Les \u00c9tats se tournent vers la technologie de Nidec pour stocker l\u2019\u00e9lectricit\u00e9<\/p>\n<p>L\u2019Irlande avec le syst\u00e8me DS3, l\u2019Estonie, la Su\u00e8de, la Finlande, l\u2019\u00c9cosse, l\u2019Allemagne, l\u2019Afrique du Sud, l\u2019Australie ou encore la Chine peuvent s\u2019appuyer sur la technologie de Nidec. Gr\u00e2ce \u00e0 ses syst\u00e8mes de stockage stationnaires par batteries, un \u00e9quipement strat\u00e9gique pour l\u2019int\u00e9gration des \u00e9nergies renouvelables dans les r\u00e9seaux \u00e9lectriques. Cette capacit\u00e9 \u00e0 stocker ou lib\u00e9rer l\u2019\u00e9lectricit\u00e9 dans le r\u00e9seau apporte une plus grande stabilit\u00e9 \u00e0 celui-ci et permet une gestion fine et rapide de la consommation avec une capacit\u00e9 de r\u00e9ponse de 150 millisecondes.<\/p>\n<p>Une performance notable qui aurait permis \u00e0 l\u2019Espagne et le Portugal d\u2019\u00e9viter la panne g\u00e9ante que ces deux pays ont connue r\u00e9cemment.<\/p>\n<p>Ce stockage \u00e0 grande \u00e9chelle de l\u2019\u00e9nergie a permis \u00e0 l\u2019Estonie de se d\u00e9connecter du r\u00e9seau russe gr\u00e2ce au syst\u00e8me BESS (Battery Energy Storage System). \u00ab Il faut continuer \u00e0 am\u00e9liorer nos usines gr\u00e2ce \u00e0 l\u2019automatisation et \u00e0 renouveler les \u00e9quipements \u00bb, a soulign\u00e9 Franck Girard, pr\u00e9sident du directoire de Nidec ASI.<\/p>\n<p>En 2013, Nidec \u00e0 Roche-la-Moli\u00e8re a \u00e9t\u00e9 la premi\u00e8re entreprise au monde \u00e0 d\u00e9passer le m\u00e9gawatt de stockage et \u00e0 le restituer dans le r\u00e9seau. Aujourd\u2019hui, gr\u00e2ce \u00e0 ces proc\u00e9d\u00e9s de lissage de la puissance active, elle permet de conserver une fr\u00e9quence de 50 hertz sur le r\u00e9seau et d\u2019injecter la quantit\u00e9 n\u00e9cessaire pour qu\u2019il n\u2019y ait pas de perturbations. Gr\u00e2ce \u00e0 un syst\u00e8me de conversion \u00e9lectronique de puissance et de r\u00e9activit\u00e9 garant de la stabilit\u00e9 d\u2019\u00e9nergie.<\/p>\n","protected":false},"excerpt":{"rendered":"\u00ab Trente pour cent de l\u2019export fran\u00e7ais vient des investissements \u00e9trangers. Pour notre balance commerciale, \u00e7a m\u2019int\u00e9resse, car&hellip;\n","protected":false},"author":2,"featured_media":97730,"comment_status":"","ping_status":"","sticky":false,"template":"","format":"standard","meta":{"footnotes":""},"categories":[9653],"tags":[1111,11,2430,33,7539,893,1777,674,1011,27,693,3367,12,316,3370,25,12490,12491,4001],"class_list":{"0":"post-97729","1":"post","2":"type-post","3":"status-publish","4":"format-standard","5":"has-post-thumbnail","7":"category-saint-etienne","8":"tag-actu","9":"tag-actualites","10":"tag-auvergne-rhone-alpes","11":"tag-economie","12":"tag-edition-loire-sud","13":"tag-energie","14":"tag-eu","15":"tag-europe","16":"tag-fr","17":"tag-france","18":"tag-industrie","19":"tag-loire","20":"tag-news","21":"tag-politique","22":"tag-renaissance","23":"tag-republique-francaise","24":"tag-roche-la-moliere","25":"tag-roche-la-moliere-bassin","26":"tag-saint-etienne"},"share_on_mastodon":{"url":"https:\/\/pubeurope.com\/@fr\/114502592387294509","error":""},"_links":{"self":[{"href":"https:\/\/www.europesays.com\/fr\/wp-json\/wp\/v2\/posts\/97729","targetHints":{"allow":["GET"]}}],"collection":[{"href":"https:\/\/www.europesays.com\/fr\/wp-json\/wp\/v2\/posts"}],"about":[{"href":"https:\/\/www.europesays.com\/fr\/wp-json\/wp\/v2\/types\/post"}],"author":[{"embeddable":true,"href":"https:\/\/www.europesays.com\/fr\/wp-json\/wp\/v2\/users\/2"}],"replies":[{"embeddable":true,"href":"https:\/\/www.europesays.com\/fr\/wp-json\/wp\/v2\/comments?post=97729"}],"version-history":[{"count":0,"href":"https:\/\/www.europesays.com\/fr\/wp-json\/wp\/v2\/posts\/97729\/revisions"}],"wp:featuredmedia":[{"embeddable":true,"href":"https:\/\/www.europesays.com\/fr\/wp-json\/wp\/v2\/media\/97730"}],"wp:attachment":[{"href":"https:\/\/www.europesays.com\/fr\/wp-json\/wp\/v2\/media?parent=97729"}],"wp:term":[{"taxonomy":"category","embeddable":true,"href":"https:\/\/www.europesays.com\/fr\/wp-json\/wp\/v2\/categories?post=97729"},{"taxonomy":"post_tag","embeddable":true,"href":"https:\/\/www.europesays.com\/fr\/wp-json\/wp\/v2\/tags?post=97729"}],"curies":[{"name":"wp","href":"https:\/\/api.w.org\/{rel}","templated":true}]}}