{"id":977315,"date":"2026-06-04T10:07:20","date_gmt":"2026-06-04T10:07:20","guid":{"rendered":"https:\/\/www.europesays.com\/fr\/977315\/"},"modified":"2026-06-04T10:07:20","modified_gmt":"2026-06-04T10:07:20","slug":"rendez-vous-aux-jardins-nos-quatre-coups-de-coeur-dans-la-metropole-de-lille-pour-ce-week-end","status":"publish","type":"post","link":"https:\/\/www.europesays.com\/fr\/977315\/","title":{"rendered":"Rendez-vous aux jardins\u00a0: nos quatre coups de c\u0153ur dans la m\u00e9tropole de Lille pour ce week-end"},"content":{"rendered":"<p>Visites guid\u00e9es, ateliers, spectacles et inauguration rythmeront les Rendez-vous aux jardins du 5 au 7 juin dans la m\u00e9tropole lilloise.<\/p>\n<p>&#13;<br \/>\n&#13;<\/p>\n<p>&#13;<br \/>\n&#13;<br \/>\nJardins et th\u00e9rapie \u00e0 l\u2019EPSM d\u2019Armenti\u00e8res<\/p>\n<p>\n  <img decoding=\"async\" data-copyright=\"Photo archives La Voix\" class=\"r-img\"  typeof=\"foaf:Image\" src=\"https:\/\/www.europesays.com\/fr\/wp-content\/uploads\/2026\/06\/43296564.jpeg\" alt=\"De nombreuses animations gratuites seront propos\u00e9es \u00e0 Armenti\u00e8res, vendredi et samedi.\"\/>De nombreuses animations gratuites seront propos\u00e9es \u00e0 Armenti\u00e8res, vendredi et samedi. &#8211; Photo archives La Voix\n<\/p>\n<p>Au sein des quatre <a href=\"https:\/\/www.lavoixdunord.fr\/1599553\/article\/2025-06-25\/les-jardiniers-de-l-ame-prodiguent-leurs-soins-non-medicamenteux-l-epsm-lille\" target=\"_blank\" rel=\"nofollow noopener\">Jardins \u00e0 vivre de l\u2019\u00c9tablissement public de sant\u00e9 mentale (EPSM) d\u2019Armenti\u00e8res<\/a>, dans lesquels s\u2019affairent une dizaine de jardiniers, on ne fait pas les choses \u00e0 moiti\u00e9 pour ces Rendez-vous aux jardins\u00a0! Des animations nombreuses et vari\u00e9es sont en effet organis\u00e9es, ces vendredi et samedi. Sans \u00eatre exhaustif, citons pour vendredi et samedi le march\u00e9 aux fleurs solidaire et associatif de 10\u00a0h \u00e0 18\u00a0h\u00a0; les visites libres ou guid\u00e9es de ces jardins th\u00e9rapeutiques sur la m\u00eame tranche horaire\u00a0; la vente et le montage de nichoirs ainsi qu\u2019un troc de graines avec l\u2019atelier th\u00e9rapeutique Cap Vie de Wambrechies de 10\u00a0h \u00e0 16\u00a0h. Vendredi, une sieste musicale \u00e0 11\u00a0h et midi avec Charlotte Dubois\u00a0; un atelier d\u2019\u00e9criture avec la m\u00e9diath\u00e8que L\u2019Albatros l\u2019apr\u00e8s-midi. Samedi, une rando-spectacle \u00e0 14\u00a0h, 14\u00a0h\u00a030, 15\u00a0h\u00a015 et 15\u00a0h\u00a030 dans le cadre du festival du Cheval bleu, m\u00ealant conte, th\u00e9\u00e2tre et musique. \u00c0 17\u00a0h, un spectacle de beatbox augment\u00e9, participatif, avec Black Adopo.<\/p>\n<p>Vendredi 5 et samedi 6\u00a0juin, \u00e0 l\u2019EPSM Lille-M\u00e9tropole, 104, rue du G\u00e9n\u00e9ral-Leclerc \u00e0 Armenti\u00e8res.\u00a0Entr\u00e9e libre, sans inscription. <a href=\"https:\/\/www.lavoixdunord.fr\/1709070\/article\/2026-06-04\/epsm-lille-metropole.fr\" target=\"_blank\" rel=\"nofollow noopener\">epsm-lille-metropole.fr<\/a><\/p>\n<p>&#13;<br \/>\n&#13;<\/p>\n<p>\n    <a href=\"https:\/\/www.lavoixdunord.fr\/1599553\/article\/2025-06-25\/les-jardiniers-de-l-ame-prodiguent-leurs-soins-non-medicamenteux-l-epsm-lille\" class=\"r-stories-image-link\" rel=\"nofollow noopener\" target=\"_blank\"><\/p>\n<p>  <img decoding=\"async\" data-copyright=\"Photo La Voix\" class=\"r-img\"  typeof=\"foaf:Image\" src=\"https:\/\/www.europesays.com\/fr\/wp-content\/uploads\/2026\/06\/43296563.jpeg\" alt=\"Passionn\u00e9s par leur mission\u00a0: Anne-Charlotte, Olivier (Descamps), Michel, Olivier (Demagt), Guillaume, Am\u00e9lie, et Brandon.\"\/><br \/>\n  <\/a><\/p>\n<p>    \u00c0 lire aussi<\/p>\n<p>        <a href=\"https:\/\/www.lavoixdunord.fr\/1599553\/article\/2025-06-25\/les-jardiniers-de-l-ame-prodiguent-leurs-soins-non-medicamenteux-l-epsm-lille\" class=\"r-stories--link\" rel=\"nofollow noopener\" target=\"_blank\">Les jardiniers de l\u2019\u00e2me prodiguent leurs soins non m\u00e9dicamenteux \u00e0 l\u2019EPSM Lille-M\u00e9tropole<\/a><\/p>\n<p>Une premi\u00e8re pour le mus\u00e9e La Piscine \u00e0 Roubaix<\/p>\n<p>\n  <img decoding=\"async\" data-copyright=\"Repro La Voix\" class=\"r-img\"  typeof=\"foaf:Image\" src=\"https:\/\/www.europesays.com\/fr\/wp-content\/uploads\/2026\/06\/83411558.jpeg\" alt=\"Le mus\u00e9e La Piscine participe pour la premi\u00e8re fois.\"\/>Le mus\u00e9e La Piscine participe pour la premi\u00e8re fois. &#8211; Repro La Voix\n<\/p>\n<p>Pour la premi\u00e8re fois, <a href=\"https:\/\/www.roubaix-lapiscine.com\/\" target=\"_blank\" rel=\"nofollow noopener\">le mus\u00e9e La Piscine<\/a> participe \u00e0 l\u2019\u00e9v\u00e9nement, pour permettre aux visiteurs de s\u2019attarder dans le jardin d\u2019entr\u00e9e Th\u00e9r\u00e8se-Constans avec ses quelques sculptures, mais aussi dans le jardin tinctorial, au c\u0153ur de l\u2019\u00e9tablissement. Couleurs, sons et odeurs, les sens sont en \u00e9veil. Avec quelques animations tout au long des deux apr\u00e8s-midi. Des ateliers \u00ab\u00a0Verdure r\u00e9v\u00e9l\u00e9e\u00a0\u00bb, \u00ab\u00a0Teintures\u00a0\u00bb et \u00ab\u00a0Extrait de jardin\u00a0\u00bb (d\u00e8s 4\u00a0ans)\u00a0; des visites guid\u00e9es sur le th\u00e8me du jardin, samedi \u00e0 14\u00a0h et 16\u00a0h\u00a015, dimanche \u00e0 14\u00a0h\u00a030 et 15\u00a0h\u00a045\u00a0; lectures en famille ou en solo, au sujet de la nature et des jardins samedi \u00e0 partir de 15\u00a0h.<\/p>\n<p>Samedi et dimanche de 14\u00a0h \u00e0 17\u00a0h\u00a030 au mus\u00e9e La Piscine, 23, rue de l\u2019Esp\u00e9rance \u00e0 Roubaix. Entr\u00e9e libre. Inscription aux animations sur place, une demi-heure avant, dans la limite des places disponibles.<\/p>\n<p>&#13;<br \/>\n&#13;<\/p>\n<p>&#13;<br \/>\n&#13;<br \/>\nLa d\u00e9simperm\u00e9abilisation \u00e0 l\u2019honneur \u00e0 Quesnoy-sur-De\u00fble<\/p>\n<p>L\u2019\u00e9v\u00e9nement de Quesnoy est original\u00a0: on visite (et inaugure par la m\u00eame occasion) <a href=\"https:\/\/www.lavoixdunord.fr\/1638786\/article\/2025-10-23\/travaux-place-du-general-de-gaulle-quesnoy-sur-deule-connait-le-planning\" target=\"_blank\" rel=\"nofollow noopener\">la place De Gaulle et le parvis Saint-Michel apr\u00e8s l\u2019enl\u00e8vement de pr\u00e8s de 1\u00a0000\u00a0m\u00b2 de pav\u00e9s et d\u2019enrob\u00e9s<\/a> qui compromettaient la survie des 23 platanes et la s\u00e9curit\u00e9 des usagers. Et la plantation de 45\u00a0v\u00e9g\u00e9taux diff\u00e9rents\u00a0: arbustes, haies basses, rosiers, vivaces et gramin\u00e9es. Un petit square a \u00e9t\u00e9 am\u00e9nag\u00e9 en terrasse compos\u00e9e d\u2019anciens abat-sons du clocher, face \u00e0 la fa\u00e7ade de l\u2019\u00e9glise, dont les vitraux rappellent la v\u00e9g\u00e9tation. Tout un symbole\u00a0!<\/p>\n<p>Samedi 6 juin de 10\u00a0h \u00e0 12\u00a0h, place De Gaulle \u00e0 Quesnoy-sur-De\u00fble.<\/p>\n<p>\n    <a href=\"https:\/\/www.lavoixdunord.fr\/1671892\/article\/2026-02-05\/nos-communes-face-au-defi-climatique-des-actions-inspirantes\" class=\"r-stories-image-link\" rel=\"nofollow noopener\" target=\"_blank\"><\/p>\n<p>  <img decoding=\"async\" data-copyright=\"PHOTO JOHAN BEN AZZOUZ\" class=\"r-img\"  typeof=\"foaf:Image\" src=\"https:\/\/www.europesays.com\/fr\/wp-content\/uploads\/2026\/06\/61873002.jpeg\" alt=\"Sur la plage du Portel, le 17 janvier. Des centaines de sapins sont achemin\u00e9s vers la dune pour la renforcer.\"\/><br \/>\n  <\/a><\/p>\n<p>    \u00c0 lire aussi<\/p>\n<p>        <a href=\"https:\/\/www.lavoixdunord.fr\/1671892\/article\/2026-02-05\/nos-communes-face-au-defi-climatique-des-actions-inspirantes\" class=\"r-stories--link\" rel=\"nofollow noopener\" target=\"_blank\">R\u00e9chauffement climatique : comment les communes du Nord et du Pas-de-Calais s\u2019adaptent<\/a><\/p>\n<p>Le patio du Zeppelin \u00e0 Saint-Andr\u00e9<\/p>\n<p>\n  <img decoding=\"async\" data-copyright=\"Repro La Voix\" class=\"r-img\"  typeof=\"foaf:Image\" src=\"https:\/\/www.europesays.com\/fr\/wp-content\/uploads\/2026\/06\/83411771.jpeg\" alt=\"Deux ateliers et une rencontre sont pr\u00e9vus au Zeppelin \u00e0 Saint-Andr\u00e9.\"\/>Deux ateliers et une rencontre sont pr\u00e9vus au Zeppelin \u00e0 Saint-Andr\u00e9. &#8211; Repro La Voix\n<\/p>\n<p>Depuis dix ans, au sein du<a href=\"https:\/\/lezeppelin.fr\/\" target=\"_blank\" rel=\"nofollow noopener\"> Zeppelin<\/a>, lieu culturel, se trouve un patio am\u00e9nag\u00e9 en partenariat avec le lyc\u00e9e horticole de Lomme. Les visiteurs sont invit\u00e9s \u00e0 (re)d\u00e9couvrir les fleurs et herbes communes, auxquelles on ne pr\u00eate plus attention. Pour ce faire, deux ateliers et une rencontre sont programm\u00e9s samedi\u00a0: plantation de graines sauvages et dessin d\u2019herbier \u00e0 10\u00a0h, pr\u00e9sentation de l\u2019am\u00e9nagement paysager du jardin en 2016 et de sa gestion \u00e0 14\u00a0h\u00a030, atelier de fabrication d\u2019h\u00f4tels \u00e0 insectes \u00e0 16\u00a0h.<\/p>\n<p>Samedi 6 juin de 10\u00a0h \u00e0 18\u00a0h au Zeppelin, 23, rue Alsace-Lorraine \u00e0 Saint-Andr\u00e9.Retrouvez le programme complet sur <a href=\"https:\/\/www.lavoixdunord.fr\/1709070\/article\/2026-06-04\/rendezvousauxjardins.culture.gouv.fr\" target=\"_blank\" rel=\"nofollow noopener\">rendezvousauxjardins.culture.gouv.fr<\/a><\/p>\n","protected":false},"excerpt":{"rendered":"Visites guid\u00e9es, ateliers, spectacles et inauguration rythmeront les Rendez-vous aux jardins du 5 au 7 juin dans la&hellip;\n","protected":false},"author":2,"featured_media":977316,"comment_status":"","ping_status":"","sticky":false,"template":"","format":"standard","meta":{"footnotes":"","_share_on_mastodon":"0"},"categories":[2815],"tags":[1111,11,10036,102896,1777,674,1011,27,811,102899,18621,1307,102897,12,102898,27593,25,4113,102895],"class_list":["post-977315","post","type-post","status-publish","format-standard","has-post-thumbnail","category-lille","tag-actu","tag-actualites","tag-ateliers","tag-epsm-armentieres","tag-eu","tag-europe","tag-fr","tag-france","tag-hauts-de-france","tag-jardin-therapeutique","tag-jardins","tag-lille","tag-musee-de-la-piscine-roubaix","tag-news","tag-quesnoy-sur-deule","tag-rendez-vous-aux-jardins","tag-republique-francaise","tag-saint-andre","tag-visites-guidees"],"share_on_mastodon":{"url":"https:\/\/pubeurope.com\/@fr\/116691289332220197","error":""},"_links":{"self":[{"href":"https:\/\/www.europesays.com\/fr\/wp-json\/wp\/v2\/posts\/977315","targetHints":{"allow":["GET"]}}],"collection":[{"href":"https:\/\/www.europesays.com\/fr\/wp-json\/wp\/v2\/posts"}],"about":[{"href":"https:\/\/www.europesays.com\/fr\/wp-json\/wp\/v2\/types\/post"}],"author":[{"embeddable":true,"href":"https:\/\/www.europesays.com\/fr\/wp-json\/wp\/v2\/users\/2"}],"replies":[{"embeddable":true,"href":"https:\/\/www.europesays.com\/fr\/wp-json\/wp\/v2\/comments?post=977315"}],"version-history":[{"count":0,"href":"https:\/\/www.europesays.com\/fr\/wp-json\/wp\/v2\/posts\/977315\/revisions"}],"wp:featuredmedia":[{"embeddable":true,"href":"https:\/\/www.europesays.com\/fr\/wp-json\/wp\/v2\/media\/977316"}],"wp:attachment":[{"href":"https:\/\/www.europesays.com\/fr\/wp-json\/wp\/v2\/media?parent=977315"}],"wp:term":[{"taxonomy":"category","embeddable":true,"href":"https:\/\/www.europesays.com\/fr\/wp-json\/wp\/v2\/categories?post=977315"},{"taxonomy":"post_tag","embeddable":true,"href":"https:\/\/www.europesays.com\/fr\/wp-json\/wp\/v2\/tags?post=977315"}],"curies":[{"name":"wp","href":"https:\/\/api.w.org\/{rel}","templated":true}]}}