{"id":977326,"date":"2026-06-04T10:14:20","date_gmt":"2026-06-04T10:14:20","guid":{"rendered":"https:\/\/www.europesays.com\/fr\/977326\/"},"modified":"2026-06-04T10:14:20","modified_gmt":"2026-06-04T10:14:20","slug":"breaking-benjamin-pose-ses-valises-a-paris-cet-ete","status":"publish","type":"post","link":"https:\/\/www.europesays.com\/fr\/977326\/","title":{"rendered":"Breaking Benjamin pose ses valises \u00e0 Paris cet \u00e9t\u00e9 !"},"content":{"rendered":"<p>Originaire de Pennsylavnie, <strong>Breaking Benjamin<\/strong>, est un des groupes phares de la sc\u00e8ne hard rock \/ post grunge \/ metal alternatif des ann\u00e9es 2000. Il a marqu\u00e9 les esprits avec des titres tels que \u00ab\u00a0Blow Me Away\u00a0\u00bb, apparu dans le jeu vid\u00e9o <strong>Halo 2<\/strong>, ou encore l&rsquo;iconique \u00ab\u00a0The Diary of Jane\u00a0\u00bb. Autant dire qu&rsquo;il a accompagn\u00e9 beaucoup de fans dans leur vie. Pourtant, c&rsquo;est sa toute premi\u00e8re fois en France, et, pour l&rsquo;occasion, il s&rsquo;offre la sc\u00e8ne du <strong>Bataclan<\/strong>, le 7 juillet prochain pour un concert qui affiche d\u00e9j\u00e0 complet ! Il sera accompagn\u00e9s du groupe de nu-metal am\u00e9ricain <strong>Chevelle<\/strong> en premi\u00e8re partie avec qui il a d\u00e9j\u00e0 tourn\u00e9 aux Etats-Unis en 2019.<\/p>\n","protected":false},"excerpt":{"rendered":"Originaire de Pennsylavnie, Breaking Benjamin, est un des groupes phares de la sc\u00e8ne hard rock \/ post grunge&hellip;\n","protected":false},"author":2,"featured_media":977327,"comment_status":"","ping_status":"","sticky":false,"template":"","format":"standard","meta":{"footnotes":"","_share_on_mastodon":"0"},"categories":[1888],"tags":[1111,1928,11,1927,102900,18543,102901,70598,102902,70599,1777,674,1011,27,12,1926,626,1925,19582,25,102903,102904,102905],"class_list":["post-977326","post","type-post","status-publish","format-standard","has-post-thumbnail","category-paris","tag-actu","tag-actu-paris","tag-actualites","tag-actualites-paris","tag-awaken","tag-bataclan","tag-blow-me-away","tag-breaking-benjamin","tag-brian-medeiros","tag-chevelle","tag-eu","tag-europe","tag-fr","tag-france","tag-news","tag-news-paris","tag-paris","tag-paris-news","tag-red","tag-republique-francaise","tag-shaun-foist","tag-something-wicked","tag-the-diary-of-jane"],"share_on_mastodon":{"url":"https:\/\/pubeurope.com\/@fr\/116691315521447219","error":""},"_links":{"self":[{"href":"https:\/\/www.europesays.com\/fr\/wp-json\/wp\/v2\/posts\/977326","targetHints":{"allow":["GET"]}}],"collection":[{"href":"https:\/\/www.europesays.com\/fr\/wp-json\/wp\/v2\/posts"}],"about":[{"href":"https:\/\/www.europesays.com\/fr\/wp-json\/wp\/v2\/types\/post"}],"author":[{"embeddable":true,"href":"https:\/\/www.europesays.com\/fr\/wp-json\/wp\/v2\/users\/2"}],"replies":[{"embeddable":true,"href":"https:\/\/www.europesays.com\/fr\/wp-json\/wp\/v2\/comments?post=977326"}],"version-history":[{"count":0,"href":"https:\/\/www.europesays.com\/fr\/wp-json\/wp\/v2\/posts\/977326\/revisions"}],"wp:featuredmedia":[{"embeddable":true,"href":"https:\/\/www.europesays.com\/fr\/wp-json\/wp\/v2\/media\/977327"}],"wp:attachment":[{"href":"https:\/\/www.europesays.com\/fr\/wp-json\/wp\/v2\/media?parent=977326"}],"wp:term":[{"taxonomy":"category","embeddable":true,"href":"https:\/\/www.europesays.com\/fr\/wp-json\/wp\/v2\/categories?post=977326"},{"taxonomy":"post_tag","embeddable":true,"href":"https:\/\/www.europesays.com\/fr\/wp-json\/wp\/v2\/tags?post=977326"}],"curies":[{"name":"wp","href":"https:\/\/api.w.org\/{rel}","templated":true}]}}