{"id":97748,"date":"2025-05-13T21:24:16","date_gmt":"2025-05-13T21:24:16","guid":{"rendered":"https:\/\/www.europesays.com\/fr\/97748\/"},"modified":"2025-05-13T21:24:16","modified_gmt":"2025-05-13T21:24:16","slug":"condamnes-pour-viol-en-reunion-les-trois-ex-rugbymen-de-grenoble-seront-rejuges-a-angouleme","status":"publish","type":"post","link":"https:\/\/www.europesays.com\/fr\/97748\/","title":{"rendered":"Condamn\u00e9s pour viol en r\u00e9union, les trois ex-rugbymen de Grenoble seront rejug\u00e9s \u00e0 Angoul\u00eame"},"content":{"rendered":"<p>Les trois ex-rugbymen de Grenoble (Is\u00e8re), condamn\u00e9s le 13\u00a0d\u00e9cembre 2024 par la cour d\u2019assises de Gironde <a target=\"_blank\" href=\"https:\/\/www.lanouvellerepublique.fr\/france-monde\/fc-grenoble-trois-rugbymen-mis-en-examen-pour-viol-sous-controle-judiciaire\" rel=\"noopener\">pour le viol en r\u00e9union d\u2019une \u00e9tudiante de 21\u00a0ans<\/a>, seront rejug\u00e9s en appel du 25\u00a0mars au 3\u00a0avril 2026. Le proc\u00e8s se tiendra cette fois devant la cour d\u2019assises de <a target=\"_blank\" href=\"https:\/\/www.lanouvellerepublique.fr\/charente\" rel=\"noopener\">Charente<\/a>, \u00e0 Angoul\u00eame, rapporte <a target=\"_blank\" href=\"https:\/\/www.francebleu.fr\/infos\/faits-divers-justice\/trois-ex-rugbymen-grenoblois-condamnes-pour-viol-en-reunion-seront-rejuges-en-appel-en-mars-2026-a-angouleme-9655694\" rel=\"noopener\">ici Is\u00e8re<\/a>. Les faits remontent au mois de mars\u00a02017, dans un h\u00f4tel de M\u00e9rignac, apr\u00e8s une rencontre Bordeaux-Grenoble.<\/p>\n<p>Condamn\u00e9s \u00e0 14 et 12\u00a0ans de prison en premi\u00e8re instance<\/p>\n<p>Denis Coulson et Lo\u00efck Jammes, tous deux condamn\u00e9s \u00e0 14\u00a0ans de r\u00e9clusion criminelle en premi\u00e8re instance, ainsi que Rory Grice, condamn\u00e9 \u00e0 12\u00a0ans, sont actuellement incarc\u00e9r\u00e9s \u00e0 la maison d\u2019arr\u00eat de Gradignan (Gironde).<\/p>\n<p>Les deux autres rugbymen mis en cause dans cette affaire n\u2019ont pas fait appel. L\u2019Irlandais Chris Farrell et le N\u00e9o-Z\u00e9landais Dylan Hayes ont \u00e9t\u00e9 condamn\u00e9s respectivement \u00e0 quatre ans de prison, dont deux avec sursis, et deux ans avec sursis pour non-emp\u00eachement de crime.<\/p>\n","protected":false},"excerpt":{"rendered":"Les trois ex-rugbymen de Grenoble (Is\u00e8re), condamn\u00e9s le 13\u00a0d\u00e9cembre 2024 par la cour d\u2019assises de Gironde pour le&hellip;\n","protected":false},"author":2,"featured_media":97749,"comment_status":"","ping_status":"","sticky":false,"template":"","format":"standard","meta":{"footnotes":""},"categories":[9566],"tags":[328,1111,11,2430,7478,1674,20851,1777,674,274,1011,27,2731,12,25,797],"class_list":{"0":"post-97748","1":"post","2":"type-post","3":"status-publish","4":"format-standard","5":"has-post-thumbnail","7":"category-grenoble","8":"tag-a-la-une","9":"tag-actu","10":"tag-actualites","11":"tag-auvergne-rhone-alpes","12":"tag-charente","13":"tag-communes","14":"tag-cour-dassises","15":"tag-eu","16":"tag-europe","17":"tag-faits-divers-justice","18":"tag-fr","19":"tag-france","20":"tag-grenoble","21":"tag-news","22":"tag-republique-francaise","23":"tag-violences-faites-aux-femmes"},"share_on_mastodon":{"url":"https:\/\/pubeurope.com\/@fr\/114502635532435077","error":""},"_links":{"self":[{"href":"https:\/\/www.europesays.com\/fr\/wp-json\/wp\/v2\/posts\/97748","targetHints":{"allow":["GET"]}}],"collection":[{"href":"https:\/\/www.europesays.com\/fr\/wp-json\/wp\/v2\/posts"}],"about":[{"href":"https:\/\/www.europesays.com\/fr\/wp-json\/wp\/v2\/types\/post"}],"author":[{"embeddable":true,"href":"https:\/\/www.europesays.com\/fr\/wp-json\/wp\/v2\/users\/2"}],"replies":[{"embeddable":true,"href":"https:\/\/www.europesays.com\/fr\/wp-json\/wp\/v2\/comments?post=97748"}],"version-history":[{"count":0,"href":"https:\/\/www.europesays.com\/fr\/wp-json\/wp\/v2\/posts\/97748\/revisions"}],"wp:featuredmedia":[{"embeddable":true,"href":"https:\/\/www.europesays.com\/fr\/wp-json\/wp\/v2\/media\/97749"}],"wp:attachment":[{"href":"https:\/\/www.europesays.com\/fr\/wp-json\/wp\/v2\/media?parent=97748"}],"wp:term":[{"taxonomy":"category","embeddable":true,"href":"https:\/\/www.europesays.com\/fr\/wp-json\/wp\/v2\/categories?post=97748"},{"taxonomy":"post_tag","embeddable":true,"href":"https:\/\/www.europesays.com\/fr\/wp-json\/wp\/v2\/tags?post=97748"}],"curies":[{"name":"wp","href":"https:\/\/api.w.org\/{rel}","templated":true}]}}