{"id":97761,"date":"2025-05-13T21:31:17","date_gmt":"2025-05-13T21:31:17","guid":{"rendered":"https:\/\/www.europesays.com\/fr\/97761\/"},"modified":"2025-05-13T21:31:17","modified_gmt":"2025-05-13T21:31:17","slug":"ceux-qui-triment-dans-la-sante-et-le-social-seront-dans-la-rue-ce-jeudi-15-mai-a-nantes","status":"publish","type":"post","link":"https:\/\/www.europesays.com\/fr\/97761\/","title":{"rendered":"Ceux qui triment dans la sant\u00e9 et le social seront dans la rue, ce jeudi 15\u00a0mai, \u00e0 Nantes"},"content":{"rendered":"<p><strong>\u00ab\u00a0Alors que le gouvernement et le patronat s\u2019acharnent \u00e0 d\u00e9manteler le secteur social et m\u00e9dico-social \u00e0 coups de politiques aust\u00e9ritaires, de suppressions de services et de conventions collectives d\u2019un autre \u00e2ge, nous sommes de plus en plus nombreux \u00e0 refuser de nous taire.\u00a0\u00bb<\/strong> L\u2019intersyndicale qui appelle \u00e0 la gr\u00e8ve et aux rassemblements, ce jeudi 15\u00a0mai, en France, pr\u00e9vient\u00a0: ce jour-l\u00e0, <strong>\u00ab\u00a0personne au boulot, on se bat\u00a0!\u00a0\u00bb<\/strong><\/p>\n<p>Pique-nique<\/p>\n<p>En Loire-Atlantique, le mouvement regroupe la CGT, Sant\u00e9 social \u00e9ducation (Conf\u00e9d\u00e9ration nationale du travail), la FSU, Sud sant\u00e9 sociaux et Travail social en lutte. Il pr\u00e9voit un rassemblement place Royale, \u00e0 Nantes, \u00e0 13\u00a0h, avec pique-nique d\u00e8s midi. Dans la liste des revendications\u00a0: une hausse <strong>\u00ab\u00a0significative des salaires qui n\u2019ont jamais \u00e9t\u00e9 revaloris\u00e9s \u00e0 leur juste valeur\u00a0\u00bb, \u00ab\u00a0une politique humaine et non marchande\u00a0\u00bb,<\/strong> de <strong>\u00ab\u00a0r\u00e9els moyens pour la protection de l\u2019enfance, le social, le m\u00e9dico-social et la psychiatrie, des ouvertures de services de p\u00e9dopsychiatrie\u00a0dont nous manquons cruellement\u00a0\u00bb.<\/strong><\/p>\n<p><a href=\"https:\/\/nantes.maville.com\/actu\/actudet_-en-images.-pres-de-1-700-travailleurs-du-secteur-medico-social-reclament-plus-de-moyens-a-nantes-_8-6744828_actu.Htm\" target=\"_self\" rel=\"noopener\">Le 1er\u00a0avril,<\/a> ils \u00e9taient d\u00e9j\u00e0 1\u00a0700 manifestants \u00e0 d\u00e9filer dans les rues de Nantes.<\/p>\n<p>\u00a0<\/p>\n","protected":false},"excerpt":{"rendered":"\u00ab\u00a0Alors que le gouvernement et le patronat s\u2019acharnent \u00e0 d\u00e9manteler le secteur social et m\u00e9dico-social \u00e0 coups de&hellip;\n","protected":false},"author":2,"featured_media":97762,"comment_status":"","ping_status":"","sticky":false,"template":"","format":"standard","meta":{"footnotes":""},"categories":[2818],"tags":[9284,1111,11,1777,674,1011,27,9272,2565,766,12,2636,25,3640,3272,71,801,21160],"class_list":{"0":"post-97761","1":"post","2":"type-post","3":"status-publish","4":"format-standard","5":"has-post-thumbnail","7":"category-nantes","8":"tag-9284","9":"tag-actu","10":"tag-actualites","11":"tag-eu","12":"tag-europe","13":"tag-fr","14":"tag-france","15":"tag-jeudi","16":"tag-mai","17":"tag-nantes","18":"tag-news","19":"tag-pays-de-la-loire","20":"tag-republique-francaise","21":"tag-rue","22":"tag-saint-nazaire","23":"tag-sante","24":"tag-social","25":"tag-triment"},"share_on_mastodon":{"url":"https:\/\/pubeurope.com\/@fr\/114502663266904330","error":""},"_links":{"self":[{"href":"https:\/\/www.europesays.com\/fr\/wp-json\/wp\/v2\/posts\/97761","targetHints":{"allow":["GET"]}}],"collection":[{"href":"https:\/\/www.europesays.com\/fr\/wp-json\/wp\/v2\/posts"}],"about":[{"href":"https:\/\/www.europesays.com\/fr\/wp-json\/wp\/v2\/types\/post"}],"author":[{"embeddable":true,"href":"https:\/\/www.europesays.com\/fr\/wp-json\/wp\/v2\/users\/2"}],"replies":[{"embeddable":true,"href":"https:\/\/www.europesays.com\/fr\/wp-json\/wp\/v2\/comments?post=97761"}],"version-history":[{"count":0,"href":"https:\/\/www.europesays.com\/fr\/wp-json\/wp\/v2\/posts\/97761\/revisions"}],"wp:featuredmedia":[{"embeddable":true,"href":"https:\/\/www.europesays.com\/fr\/wp-json\/wp\/v2\/media\/97762"}],"wp:attachment":[{"href":"https:\/\/www.europesays.com\/fr\/wp-json\/wp\/v2\/media?parent=97761"}],"wp:term":[{"taxonomy":"category","embeddable":true,"href":"https:\/\/www.europesays.com\/fr\/wp-json\/wp\/v2\/categories?post=97761"},{"taxonomy":"post_tag","embeddable":true,"href":"https:\/\/www.europesays.com\/fr\/wp-json\/wp\/v2\/tags?post=97761"}],"curies":[{"name":"wp","href":"https:\/\/api.w.org\/{rel}","templated":true}]}}