{"id":9777,"date":"2025-04-08T08:53:09","date_gmt":"2025-04-08T08:53:09","guid":{"rendered":"https:\/\/www.europesays.com\/fr\/9777\/"},"modified":"2025-04-08T08:53:09","modified_gmt":"2025-04-08T08:53:09","slug":"mobilite-douce-les-10-infractions-les-plus-courantes-des-cyclistes-de-la-moins-chere-a-la-plus-chere","status":"publish","type":"post","link":"https:\/\/www.europesays.com\/fr\/9777\/","title":{"rendered":"Mobilit\u00e9 douce. Les 10 infractions les plus courantes des cyclistes, de la moins ch\u00e8re \u00e0 la plus ch\u00e8re"},"content":{"rendered":"<p>  <strong>1) Rouler sans \u00e9clairage la nuit <br \/><\/strong><\/p>\n<p>A la nuit tomb\u00e9e les feux sont obligatoires.\u00a0En ville, 25 % des accidents impliquant des cyclistes ont lieu de nuit. Sans feux, on risque une amende de 11\u20ac<strong>.<\/strong><\/p>\n<p><strong>2) Oublier de signaler un changement de direction : 35 euros d\u2019amende<\/strong><\/p>\n<p>Lever le bras pour indiquer un virage, c\u2019est simple, mais peu de cyclistes le font, ce qui peut surprendre les automobilistes. Ne pas le faire peut vous co\u00fbter 35 \u20ac. <\/p>\n<p><strong>3) Transporter un passager sur un v\u00e9lo non adapt\u00e9<\/strong><\/p>\n<p>Transporter quelqu&rsquo;un sur le porte-bagages est interdit. Si le v\u00e9lo n\u2019est pas con\u00e7u pour transporter un passager, c\u2019est 35 euros d\u2019amende.\u00a0<\/p>\n<p><strong>4) Rouler \u00e0 plusieurs de front <br \/><\/strong><\/p>\n<p>Voil\u00e0 une grande et dangereuse sp\u00e9cialit\u00e9 des cyclistes&#8230; notamment sur route. Certes cela permet de discuter plus facilement, mais c&rsquo;est une pratique dangereuse et sanctionn\u00e9e par une amende de 35 euros.<\/p>\n<p><strong>5) Le non respect des priorit\u00e9s<\/strong><\/p>\n<p>Passage pi\u00e9ton, stop ou c\u00e9der le passage doivent aussi \u00eatre respect\u00e9s par les cyclistes. C&rsquo;est une amende qui peut co\u00fbter 135 euros. <\/p>\n<p><strong>6) Rouler en sens interdit<\/strong><\/p>\n<p>Certaines rues autorisent les v\u00e9los en contresens, mais pas toutes ! Si rien ne l\u2019indique, c\u2019est interdit. L\u2019amende : 135 euros. <\/p>\n<p><strong>7) Porter des \u00e9couteurs<\/strong><\/p>\n<p>Rouler avec des \u00e9couteurs ou un casque audio r\u00e9duit l\u2019attention et peut provoquer un accident. C&rsquo;est aussi et surtout une infraction qui peut co\u00fbter 135\u20ac.<strong><br \/><\/strong><\/p>\n<p><strong>8) T\u00e9l\u00e9phoner en roulant <br \/><\/strong><\/p>\n<p>Un coup de fil en p\u00e9dalant ? C\u2019est ill\u00e9gal. Tout comme les automobilistes au volant, l&rsquo;utilisation du t\u00e9l\u00e9phone au guidon augmente les temps de r\u00e9action. Cette infraction co\u00fbte 135\u20ac. <strong><br \/><\/strong><\/p>\n<p><strong>9) Rouler sur le trottoir <br \/><\/strong><\/p>\n<p>Les trottoirs sont r\u00e9serv\u00e9s aux pi\u00e9tons (sauf exception pour les enfants de moins de 8 ans). C&rsquo;est pourtant souvent une alternative choisie par les cyclistes pour \u00e9viter de rouler sur la chauss\u00e9e&#8230; plus dangereuse<strong>. <\/strong>Cela peut valoir une amende de 135\u20ac.<strong><br \/><\/strong><\/p>\n<p><strong>10) Griller un feu rouge<\/strong><\/p>\n<p>\u00c0 v\u00e9lo aussi, il faut s\u2019arr\u00eater au feu rouge, sauf si un panneau en autorise le passage. Cette pratique ill\u00e9gale et extr\u00eamement dangereuse est une infraction de 135\u20ac<\/p>\n","protected":false},"excerpt":{"rendered":"1) Rouler sans \u00e9clairage la nuit A la nuit tomb\u00e9e les feux sont obligatoires.\u00a0En ville, 25 % des&hellip;\n","protected":false},"author":2,"featured_media":9778,"comment_status":"","ping_status":"","sticky":false,"template":"","format":"standard","meta":{"footnotes":""},"categories":[1411],"tags":[1154,207,107,1011,27,329,1031,4848,4847,273,60],"class_list":{"0":"post-9777","1":"post","2":"type-post","3":"status-publish","4":"format-standard","5":"has-post-thumbnail","7":"category-cyclisme","8":"tag-cycling","9":"tag-cyclisme","10":"tag-fil-info","11":"tag-fr","12":"tag-france","13":"tag-france-monde","14":"tag-magazine","15":"tag-magazine-automobile","16":"tag-mobilite-douce","17":"tag-selection-de-la-redaction","18":"tag-sports"},"share_on_mastodon":{"url":"https:\/\/pubeurope.com\/@fr\/114301501673519045","error":""},"_links":{"self":[{"href":"https:\/\/www.europesays.com\/fr\/wp-json\/wp\/v2\/posts\/9777","targetHints":{"allow":["GET"]}}],"collection":[{"href":"https:\/\/www.europesays.com\/fr\/wp-json\/wp\/v2\/posts"}],"about":[{"href":"https:\/\/www.europesays.com\/fr\/wp-json\/wp\/v2\/types\/post"}],"author":[{"embeddable":true,"href":"https:\/\/www.europesays.com\/fr\/wp-json\/wp\/v2\/users\/2"}],"replies":[{"embeddable":true,"href":"https:\/\/www.europesays.com\/fr\/wp-json\/wp\/v2\/comments?post=9777"}],"version-history":[{"count":0,"href":"https:\/\/www.europesays.com\/fr\/wp-json\/wp\/v2\/posts\/9777\/revisions"}],"wp:featuredmedia":[{"embeddable":true,"href":"https:\/\/www.europesays.com\/fr\/wp-json\/wp\/v2\/media\/9778"}],"wp:attachment":[{"href":"https:\/\/www.europesays.com\/fr\/wp-json\/wp\/v2\/media?parent=9777"}],"wp:term":[{"taxonomy":"category","embeddable":true,"href":"https:\/\/www.europesays.com\/fr\/wp-json\/wp\/v2\/categories?post=9777"},{"taxonomy":"post_tag","embeddable":true,"href":"https:\/\/www.europesays.com\/fr\/wp-json\/wp\/v2\/tags?post=9777"}],"curies":[{"name":"wp","href":"https:\/\/api.w.org\/{rel}","templated":true}]}}