{"id":97777,"date":"2025-05-13T21:39:09","date_gmt":"2025-05-13T21:39:09","guid":{"rendered":"https:\/\/www.europesays.com\/fr\/97777\/"},"modified":"2025-05-13T21:39:09","modified_gmt":"2025-05-13T21:39:09","slug":"un-homme-tue-par-balle-dans-le-3e-arrondissement-de-marseille","status":"publish","type":"post","link":"https:\/\/www.europesays.com\/fr\/97777\/","title":{"rendered":"Un homme tu\u00e9 par balle dans le 3e arrondissement de Marseille"},"content":{"rendered":"<p>Il \u00e9tait environ 22h, ce mardi 13\u00a0mai 2025, lorsque les coups de feu ont retenti \u00e0 deux pas du quartier de la Belle-de-Mai, sur le boulevard national au niveau de la rue Felix-Pyat, dans le 3e arrondissement de <a href=\"https:\/\/www.laprovence.com\/bouches-du-rhone\/marseille-13055\" target=\"_blank\" rel=\"noopener\">Marseille<\/a>. Un homme qui se trouvait \u00e0 proximit\u00e9 d\u2019un arr\u00eat de bus s\u2019est effondr\u00e9 apr\u00e8s avoir \u00e9t\u00e9 touch\u00e9 par au moins un coup de feu tir\u00e9 dans des circonstances encore floues.<\/p>\n<p>Pris en charge par les marins-pompiers, et notamment une \u00e9quipe de Smur, il a fait l\u2019objet de multiples tentatives des r\u00e9animations, avant que le d\u00e9c\u00e8s ne soit finalement prononc\u00e9 par le m\u00e9decin.<\/p>\n<p>L\u2019identit\u00e9 de la victime et le mode op\u00e9ratoire encore flous<\/p>\n<p>La victime, qui n\u2019a pas encore pu \u00eatre identifi\u00e9e formellement par les services de police, serait toutefois \u00e2g\u00e9e d\u2019une trentaine d\u2019ann\u00e9es.<\/p>\n<p>Les circonstances de la fusillade demeurent \u00e9galement assez ind\u00e9termin\u00e9es a cette heure. Le ou les tueurs pourraient avoir surgi \u00e0 scooter. Un deux-roues suspect prenant la fuite imm\u00e9diatement apr\u00e8s les faits aurait en effet \u00e9t\u00e9 aper\u00e7u par des t\u00e9moins.<\/p>\n<p>Mais les investigations d\u00e9butent tout juste, ce mardi soir, confi\u00e9es aux enqu\u00eateurs de la division de la criminalit\u00e9 organis\u00e9e et sp\u00e9cialis\u00e9e (DCOS), d\u00e9p\u00each\u00e9s sur la sc\u00e8ne de crime aux c\u00f4t\u00e9s des techniciens de la police scientifique.<\/p>\n","protected":false},"excerpt":{"rendered":"Il \u00e9tait environ 22h, ce mardi 13\u00a0mai 2025, lorsque les coups de feu ont retenti \u00e0 deux pas&hellip;\n","protected":false},"author":2,"featured_media":97778,"comment_status":"","ping_status":"","sticky":false,"template":"","format":"standard","meta":{"footnotes":""},"categories":[2814],"tags":[17,1111,11,6195,1446,1777,674,274,1011,27,4933,1922,884,12,5912,1186,882,25,5911],"class_list":{"0":"post-97777","1":"post","2":"type-post","3":"status-publish","4":"format-standard","5":"has-post-thumbnail","7":"category-marseille","8":"tag-17","9":"tag-actu","10":"tag-actualites","11":"tag-balle","12":"tag-dans","13":"tag-eu","14":"tag-europe","15":"tag-faits-divers-justice","16":"tag-fr","17":"tag-france","18":"tag-homme","19":"tag-info","20":"tag-marseille","21":"tag-news","22":"tag-par","23":"tag-provence","24":"tag-provence-alpes-cote-dazur","25":"tag-republique-francaise","26":"tag-tue"},"share_on_mastodon":{"url":"https:\/\/pubeurope.com\/@fr\/114502694550916592","error":""},"_links":{"self":[{"href":"https:\/\/www.europesays.com\/fr\/wp-json\/wp\/v2\/posts\/97777","targetHints":{"allow":["GET"]}}],"collection":[{"href":"https:\/\/www.europesays.com\/fr\/wp-json\/wp\/v2\/posts"}],"about":[{"href":"https:\/\/www.europesays.com\/fr\/wp-json\/wp\/v2\/types\/post"}],"author":[{"embeddable":true,"href":"https:\/\/www.europesays.com\/fr\/wp-json\/wp\/v2\/users\/2"}],"replies":[{"embeddable":true,"href":"https:\/\/www.europesays.com\/fr\/wp-json\/wp\/v2\/comments?post=97777"}],"version-history":[{"count":0,"href":"https:\/\/www.europesays.com\/fr\/wp-json\/wp\/v2\/posts\/97777\/revisions"}],"wp:featuredmedia":[{"embeddable":true,"href":"https:\/\/www.europesays.com\/fr\/wp-json\/wp\/v2\/media\/97778"}],"wp:attachment":[{"href":"https:\/\/www.europesays.com\/fr\/wp-json\/wp\/v2\/media?parent=97777"}],"wp:term":[{"taxonomy":"category","embeddable":true,"href":"https:\/\/www.europesays.com\/fr\/wp-json\/wp\/v2\/categories?post=97777"},{"taxonomy":"post_tag","embeddable":true,"href":"https:\/\/www.europesays.com\/fr\/wp-json\/wp\/v2\/tags?post=97777"}],"curies":[{"name":"wp","href":"https:\/\/api.w.org\/{rel}","templated":true}]}}