{"id":97796,"date":"2025-05-13T21:50:12","date_gmt":"2025-05-13T21:50:12","guid":{"rendered":"https:\/\/www.europesays.com\/fr\/97796\/"},"modified":"2025-05-13T21:50:12","modified_gmt":"2025-05-13T21:50:12","slug":"guerre-en-ukraine-retraites-referendums-ce-quil-faut-retenir-de-linterview-demmanuel-macron-sur-tf1","status":"publish","type":"post","link":"https:\/\/www.europesays.com\/fr\/97796\/","title":{"rendered":"Guerre en Ukraine, retraites, r\u00e9f\u00e9rendums&#8230; Ce qu\u2019il faut retenir de l\u2019interview d\u2019Emmanuel Macron sur TF1"},"content":{"rendered":"<p>Ce mardi soir, le pr\u00e9sident de la R\u00e9publique a r\u00e9pondu pendant plus de trois heures aux questions de Fran\u00e7ais et de personnalit\u00e9s issues de la soci\u00e9t\u00e9 civile.<\/p>\n<p class=\"fig-paragraph\">La soir\u00e9e du 13 mai marquera le grand retour d\u2019<a href=\"https:\/\/www.lefigaro.fr\/tag\/macron\" target=\"_blank\" rel=\"noopener\" data-gtm-custom-categorie=\"navigation\" data-gtm-custom-action=\"crossclick\" data-gtm-custom-label=\"Contextuel\" data-gtm-event=\"customEventSPE\">Emmanuel Macron<\/a>\u00a0sur le devant de la sc\u00e8ne nationale. Dix mois apr\u00e8s les l\u00e9gislatives postdissolution qui ont accouch\u00e9 d\u2019une Assembl\u00e9e ingouvernable \u00e0 la majorit\u00e9 introuvable &#8211; privant ainsi le gouvernement de leviers essentiels pour mener une action publique nationale &#8211; , le pr\u00e9sident de la R\u00e9publique avait donn\u00e9\u00a0<a href=\"http:\/\/www.lefigaro.fr\/vox\/societe\/l-editorial-de-vincent-tremolet-de-villers-emmanuel-macron-sur-tf1-ou-le-pouvoir-desarme-20250513\" data-fig-type=\"Article\" data-gtm-custom-categorie=\"navigation\" data-gtm-custom-action=\"crossclick\" data-gtm-custom-label=\"Contextuel\" data-gtm-event=\"customEventSPE\" data-fig-domain=\"LEFIGARO\" target=\"_blank\" rel=\"noopener\">rendez-vous aux Fran\u00e7ais ce mardi soir sur TF1<\/a>. Huit ans apr\u00e8s son arriv\u00e9e au pouvoir, il a mis \u00e0 profit cette tr\u00e8s longue \u00e9mission, pour se repositionner au centre du jeu politique apr\u00e8s une travers\u00e9e du d\u00e9sert sur le plan int\u00e9rieur, lui qui s\u2019est concentr\u00e9 ces derniers mois sur les sujets internationaux.<\/p>\n<p class=\"fig-paragraph\">Guerre en Ukraine, fin de vie, retraites&#8230; Pendant pr\u00e8s de trois heures, le pr\u00e9sident a r\u00e9pondu aux questions de Gilles Bouleau, des Fran\u00e7ais et, fait exceptionnel, de personnalit\u00e9s issues de la soci\u00e9t\u00e9 civile. \u00abLe d\u00e9fi des d\u00e9fis, dans un monde de plus en plus incertain, c\u2019est de rester libre\u00bb, a lanc\u00e9 en pr\u00e9ambule le pr\u00e9sident, avant d\u2019enjoindre les Fran\u00e7ais \u00e0 l\u2019optimisme\u00a0: \u00abNe doutons pas, regardons devant.\u00bb Le Figaro vous r\u00e9sume ce qu\u2019il faut retenir de la grande \u00e9mission d\u2019Emmanuel Macron.<\/p>\n<p>Ukraine\u00a0: des sanctions \u00abdans les prochains jours\u00bb si la Russie n\u2019accepte pas le cessez-le-feu<\/p>\n<p class=\"fig-paragraph\">Trois jours apr\u00e8s son\u00a0<a href=\"http:\/\/www.lefigaro.fr\/international\/macron-merz-starmer-et-tusk-a-kiev-pour-afficher-l-unite-de-l-union-europeenne-derriere-l-ukraine-20250510\" data-fig-type=\"Article\" data-gtm-custom-categorie=\"navigation\" data-gtm-custom-action=\"crossclick\" data-gtm-custom-label=\"Contextuel\" data-gtm-event=\"customEventSPE\" data-fig-domain=\"LEFIGARO\" target=\"_blank\" rel=\"noopener\">d\u00e9placement \u00e0 Kiev<\/a>\u00a0aux c\u00f4t\u00e9s du premier ministre britannique Keir Starmer et du chancelier allemand Friedrich Merz,\u00a0<a href=\"http:\/\/www.lefigaro.fr\/actualite-france\/corse-nouvelle-caledonie-emmanuel-macron-empetre-dans-les-differentes-lignes-de-son-gouvernement-20250506\" data-fig-type=\"Article\" data-gtm-custom-categorie=\"navigation\" data-gtm-custom-action=\"crossclick\" data-gtm-custom-label=\"Contextuel\" data-gtm-event=\"customEventSPE\" data-fig-domain=\"LEFIGARO\" target=\"_blank\" rel=\"noopener\">Emmanuel Macron<\/a>\u00a0\u00e9tait particuli\u00e8rement attendu sur la question du conflit entre l\u2019Ukraine et la Russie, alors que l\u2019Histoire semble s\u2019acc\u00e9l\u00e9rer avec une possible rencontre au sommet jeudi \u00e0 Istanbul entre Volodymyr Zelensky et Vladimir Poutine, en pr\u00e9sence de\u00a0<a href=\"http:\/\/www.lefigaro.fr\/international\/donald-trump-reserve-sa-premiere-tournee-internationale-au-moyen-orient-20250512\" data-fig-type=\"Article\" data-gtm-custom-categorie=\"navigation\" data-gtm-custom-action=\"crossclick\" data-gtm-custom-label=\"Contextuel\" data-gtm-event=\"customEventSPE\" data-fig-domain=\"LEFIGARO\" target=\"_blank\" rel=\"noopener\">Donald Trump<\/a>. Si le chef de l\u2019\u00c9tat a reconnu ne pas disposer d\u2019\u00abinformations sur la venue du pr\u00e9sident russe\u00bb, il a tenu \u00e0 rappeler l\u2019objectif fix\u00e9 par l\u2019Europe\u00a0: \u00abObtenir un cessez-le-feu de trente jours sur les terres, les airs et les mers pour discuter de la question des territoires et des garanties de s\u00e9curit\u00e9\u00bb. Malgr\u00e9 un ton r\u00e9solument volontaire, Emmanuel Macron a soulign\u00e9 que les Ukrainiens font preuve de \u00ablucidit\u00e9\u00bb, en admettant eux-m\u00eames qu\u2019il sera impossible de r\u00e9cup\u00e9rer tous leurs territoires annex\u00e9s depuis 2014.<\/p>\n<p>\u00a0\u00bb<br \/>\n        data-script=\u00a0\u00bbhttps:\/\/static.lefigaro.fr\/widget-video\/short-ttl\/video\/index.js\u00a0\u00bb<br \/>\n    &gt;<\/p>\n<p class=\"fig-paragraph\">Dans l\u2019hypoth\u00e8se d\u2019un refus de Moscou concernant la proposition de cessez-le-feu, les Europ\u00e9ens \u00abprendront dans les prochains jours de nouvelles sanctions contre la Russie (&#8230;) en liaison \u00e9troite avec les \u00c9tats-Unis d\u2019Am\u00e9rique\u00bb, a fait valoir Emmanuel Macron. Au regard de ce contexte, il a mis en avant la solidit\u00e9 de la \u00abcoalition des volontaires\u00bb, d\u00e9signant l\u2019alliance de la France avec ses alli\u00e9s anglais et allemand. Et assur\u00e9 que lui-m\u00eame et ses partenaires \u00abne souhaitent pas d\u00e9clencher une troisi\u00e8me guerre mondiale\u00bb.<\/p>\n<p class=\"fig-body-link\">\n            \u00c0 lire aussi<br \/>\n        <a class=\"fig-body-link__link fig-premium-mark\" href=\"http:\/\/www.lefigaro.fr\/international\/le-plan-des-europeens-pour-aider-l-ukraine-20250511\" data-fig-type=\"Article\" data-gtm-custom-categorie=\"navigation\" data-gtm-custom-action=\"crossclick\" data-gtm-custom-label=\"Contextuel\" data-gtm-event=\"customEventSPE\" data-fig-domain=\"LEFIGARO\" target=\"_blank\" rel=\"noopener\">Le plan des Europ\u00e9ens pour aider l\u2019Ukraine<br \/>\n    <\/a>\n<\/p>\n<p>\u00a0\u00bb<br \/>\n        data-script=\u00a0\u00bbhttps:\/\/static.lefigaro.fr\/widget-video\/short-ttl\/video\/index.js\u00a0\u00bb<br \/>\n    &gt;<\/p>\n<p>Pas de \u00abcadre l\u00e9gal\u00bb pour saisir les avoirs russes gel\u00e9s<\/p>\n<p class=\"fig-paragraph\">Revenant sur la question des 235 milliards d\u2019euros d\u2019avoirs russes gel\u00e9s, le pr\u00e9sident de la R\u00e9publique s\u2019est oppos\u00e9 \u00e0 une saisie pure et simple de ces biens, comme certains, en France ou en Europe, le souhaitent. \u00abNous n\u2019avons pas le cadre l\u00e9gal pour le faire\u00bb, a-t-il affirm\u00e9, rappelant que les autorit\u00e9s utilisaient d\u00e9j\u00e0 les int\u00e9r\u00eats que rapportent ces biens pour \u00abfinancer notre aide \u00e0 l\u2019Ukraine\u00bb. \u00abOn doit \u00eatre s\u00fbr que si d\u2019aventure, \u00e0 un moment donn\u00e9, il n\u2019y avait plus l\u2019unanimit\u00e9 sur les sanctions, ils ne s\u2019envolent pas\u00bb, a par ailleurs argument\u00e9 le chef de l\u2019\u00c9tat.<\/p>\n<p><strong>Dissuasion nucl\u00e9aire\u00a0: \u00abLa France ne paiera pas pour la s\u00e9curit\u00e9 des autres\u00bb<\/strong><\/p>\n<p class=\"fig-paragraph\">La France peut-elle \u00e9largir sa\u00a0<a href=\"http:\/\/www.lefigaro.fr\/international\/macron-investit-dans-la-dissuasion-nucleaire-20250318\" data-fig-type=\"Article\" data-gtm-custom-categorie=\"navigation\" data-gtm-custom-action=\"crossclick\" data-gtm-custom-label=\"Contextuel\" data-gtm-event=\"customEventSPE\" data-fig-domain=\"LEFIGARO\" target=\"_blank\" rel=\"noopener\">dissuasion nucl\u00e9aire<\/a>\u00a0\u00e0 d\u2019autres pays europ\u00e9ens en r\u00e9ponse au d\u00e9sengagement militaire progressif des \u00c9tats-Unis sur le Vieux continent\u00a0? \u00abIl y a toujours eu une dimension europ\u00e9enne dans la dissuasion nucl\u00e9aire, mais on ne la d\u00e9taille pas pour maintenir l\u2019ambigu\u00eft\u00e9 (strat\u00e9gique)\u00bb a martel\u00e9 Emmanuel Macron, tout en pr\u00e9cisant que des discussions sont en cours avec ses alli\u00e9s europ\u00e9ens sur ce sujet. Si le Vieux continent entend renforcer son arsenal face \u00e0 la menace russe, le pr\u00e9sident a pris soin de poser des limites claires\u00a0: il devra rester le seul d\u00e9cisionnaire du d\u00e9clenchement d\u2019un \u00e9ventuel tir nucl\u00e9aire, \u00abla France ne paiera pas pour la s\u00e9curit\u00e9 des autres\u00bb, et le dispositif ne doit pas \u00eatre con\u00e7u \u00aben soustraction de ce qu\u2019on a pour nous\u00bb.<\/p>\n<p class=\"fig-body-link\">\n            \u00c0 lire aussi<br \/>\n        <a class=\"fig-body-link__link fig-premium-mark\" href=\"http:\/\/www.lefigaro.fr\/conjoncture\/guerre-commerciale-treve-entre-la-chine-et-les-etats-unis-20250512\" data-fig-type=\"Article\" data-gtm-custom-categorie=\"navigation\" data-gtm-custom-action=\"crossclick\" data-gtm-custom-label=\"Contextuel\" data-gtm-event=\"customEventSPE\" data-fig-domain=\"LEFIGARO\" target=\"_blank\" rel=\"noopener\">Guerre commerciale\u00a0: tr\u00eave entre la Chine et les \u00c9tats-Unis<br \/>\n    <\/a>\n<\/p>\n<p>Guerre commerciale\u00a0: \u00abOn se battra jusqu\u2019au bout\u00bb<\/p>\n<p class=\"fig-paragraph\">Le ton est ferme. Le pr\u00e9sident de la R\u00e9publique s\u2019est \u00e9lev\u00e9 fermement contre la guerre commerciale lanc\u00e9e par Donald Trump, estimant que sa politique ab\u00eemait \u00abla croissance am\u00e9ricaine\u00bb. La hausse massive &#8211; pour l\u2019heure suspendue &#8211; des droits de douane am\u00e9ricains et chinois, qui menace le cognac fran\u00e7ais, sera combattue par Bruxelles, a-t-il promis\u00a0: \u00abJe sais combien il y a de la souffrance, de l\u2019anxi\u00e9t\u00e9\u00bb chez les producteurs, mais \u00abon est l\u00e0 et on se battra jusqu\u2019au bout\u00bb, a-t-il indiqu\u00e9. Emmanuel Macron a aussi ajout\u00e9 qu\u2019il \u00e9tait \u00abraisonnablement optimiste\u00bb sur les discussions avec P\u00e9kin. \u00abOn va se battre (&#8230;) pour revenir \u00e0 la situation ant\u00e9rieure\u00bb, a-t-il ensuite comment\u00e9, sur les \u00e9changes avec Washington.<\/p>\n<p>Fin de vie\u00a0: le r\u00e9f\u00e9rendum \u00abpeut \u00eatre une voie\u00bb en cas d\u2019\u00abenlisement\u00bb au Parlement<\/p>\n<p class=\"fig-paragraph\">En r\u00e9ponse \u00e0 l\u2019ancien journaliste sportif Charles Bi\u00e9try, atteint de la maladie de Charcot, incurable, Emmanuel Macron a dit \u00absouhaiter\u00bb que le texte attenant, \u00e9tudi\u00e9 depuis lundi \u00e0 l\u2019Assembl\u00e9e nationale, \u00absoit vot\u00e9\u00bb. Si le chef de l\u2019\u00c9tat d\u00e9fend \u00abun texte d\u2019\u00e9quilibre\u00bb et une \u00abloi d\u2019humanit\u00e9 et de fraternit\u00e9\u00bb, il n\u2019\u00e9carte pas de redonner la parole aux Fran\u00e7ais en cas \u00abd\u2019enlisement\u00bb apr\u00e8s la premi\u00e8re lecture. \u00abJe pense que le r\u00e9f\u00e9rendum peut \u00eatre une voie pour d\u00e9bloquer (&#8230;) Mais je le ferai d\u2019abord avec beaucoup de pr\u00e9caution et je ne le ferai que si c\u2019\u00e9tait bloqu\u00e9\u00bb, a pr\u00e9cis\u00e9 le pr\u00e9sident de la R\u00e9publique.<\/p>\n<p>\u00a0\u00bb<br \/>\n        data-script=\u00a0\u00bbhttps:\/\/static.lefigaro.fr\/widget-video\/short-ttl\/video\/index.js\u00a0\u00bb<br \/>\n    &gt;<\/p>\n<p>Des consultations \u00aben m\u00eame temps\u00bb sur \u00abdes grandes r\u00e9formes \u00e9conomiques, \u00e9ducatives ou sociales\u00bb<\/p>\n<p class=\"fig-paragraph\">En parall\u00e8le d\u2019un hypoth\u00e9tique r\u00e9f\u00e9rendum sur la fin de vie, Emmanuel Macron a dit envisager \u00aborganiser une consultation multiple, c\u2019est-\u00e0-dire plusieurs r\u00e9f\u00e9rendums en m\u00eame temps, dans les mois qui viennent\u00bb sur des \u00abgrandes r\u00e9formes \u00e9conomiques, \u00e9ducatives ou sociales\u00bb voire \u00abinstitutionnelles\u00bb, en excluant toutefois une consultation sur l\u2019immigration. \u00abJe ne veux pas ici donner trop pr\u00e9cis\u00e9ment l\u2019esprit parce que c\u2019est au gouvernement de finir ce travail et apr\u00e8s \u00e0 moi de prendre la d\u00e9cision\u00bb, a-t-il indiqu\u00e9.<\/p>\n<p>\u00a0\u00bb<br \/>\n        data-script=\u00a0\u00bbhttps:\/\/static.lefigaro.fr\/widget-video\/short-ttl\/video\/index.js\u00a0\u00bb<br \/>\n    &gt;<\/p>\n<p><strong>Macron rejette toute nationalisation d\u2019ArcelorMittal<\/strong><\/p>\n<p class=\"fig-paragraph\">Interrog\u00e9 par la secr\u00e9taire g\u00e9n\u00e9rale de la CGT, Sophie Binet, Emmanuel Macron s\u2019est fermement oppos\u00e9 \u00e0 la nationalisation de l\u2019industriel\u00a0<a href=\"http:\/\/www.lefigaro.fr\/politique\/lfi-va-deposer-une-proposition-de-loi-pour-nationaliser-arcelormittal-20250513\" data-fig-type=\"NewsFlash\" data-gtm-custom-categorie=\"navigation\" data-gtm-custom-action=\"crossclick\" data-gtm-custom-label=\"Contextuel\" data-gtm-event=\"customEventSPE\" data-fig-domain=\"LEFIGARO\" target=\"_blank\" rel=\"noopener\">ArcelorMittal<\/a>, qui pr\u00e9voit de supprimer des emplois en France. \u00abJe ne vais pas nationaliser, ce serait d\u00e9penser des milliards d\u2019euros [&#8230;]. Nationaliser une entreprise qui n\u2019arrive pas \u00e0 s\u2019installer sur un march\u00e9, ce n\u2019est pas une bonne utilisation de l\u2019argent de nos compatriotes\u00bb, a-t-il jug\u00e9. Le chef de l\u2019\u00c9tat a toutefois promis, \u00ables yeux dans les yeux\u00bb, de \u00absauver\u00bb les sites de Dunkerque et de Fos-sur-Mer, gr\u00e2ce \u00e0 une \u00abpolitique europ\u00e9enne\u00bb pour prot\u00e9ger l\u2019acier produit sur le vieux continent de la concurrence asiatique.<\/p>\n<p><strong>Retraites\u00a0: Macron d\u00e9fend sa r\u00e9forme et refuse un r\u00e9f\u00e9rendum<\/strong><\/p>\n<p class=\"fig-paragraph\">Attaqu\u00e9 par\u00a0<a href=\"http:\/\/www.lefigaro.fr\/social\/reforme-des-retraites-sophie-binet-appelle-a-une-journee-de-greve-le-5-juin-20250501\" data-fig-type=\"NewsFlash\" data-gtm-custom-categorie=\"navigation\" data-gtm-custom-action=\"crossclick\" data-gtm-custom-label=\"Contextuel\" data-gtm-event=\"customEventSPE\" data-fig-domain=\"LEFIGARO\" target=\"_blank\" rel=\"noopener\">Sophie Binet<\/a>, patronne de la CGT, sur la r\u00e9forme des retraites vot\u00e9e en 2023, Emmanuel Macron a d\u00e9fendu le texte port\u00e9 par \u00c9lisabeth Borne, et rejet\u00e9 l\u2019hypoth\u00e8se d\u2019un r\u00e9f\u00e9rendum sur ce sujet. \u00abOn ne l\u2019a pas faite de ga\u00eet\u00e9 de c\u0153ur, mais pour sauver notre syst\u00e8me par r\u00e9partition, auquel je crois\u00bb, a-t-il argument\u00e9. Et d\u2019ajouter que \u00able pays en a besoin\u00bb. Pas question, donc, de mettre \u00e0 bas ce changement combattu par les syndicats pendant plusieurs mois\u00a0: \u00abSi on abroge la r\u00e9forme, chaque ann\u00e9e, ce sont des dizaines de milliards d\u2019euros qu\u2019il faut trouver. Cet argent, on ne l\u2019a pas, on ne sait pas o\u00f9 le trouver\u00bb, a ajout\u00e9 le pr\u00e9sident de la R\u00e9publique.<\/p>\n<p>\u00a0\u00bb<br \/>\n        data-script=\u00a0\u00bbhttps:\/\/static.lefigaro.fr\/widget-video\/short-ttl\/video\/index.js\u00a0\u00bb<br \/>\n    &gt;<\/p>\n<p class=\"fig-paragraph\">\u00c0 la place, le chef de l\u2019\u00c9tat a dit vouloir attendre les r\u00e9sultats du conclave sur les retraites, qui se tient depuis plusieurs semaines. \u00abOn ne peut pas faire n\u2019importe quoi avec nos retraites. Si (les syndicats et le patronat) peuvent am\u00e9liorer les choses, tr\u00e8s bien\u00bb, a-t-il affirm\u00e9. Le gouvernement est aussi appel\u00e9 \u00e0 organiser \u00abune conf\u00e9rence sociale\u00bb sur \u00able mode de financement de notre mod\u00e8le social\u00bb, qui \u00abrepose beaucoup trop sur le travail\u00bb.<\/p>\n<p><strong>Macron rejette un alourdissement de la taxation des h\u00e9ritages<\/strong><\/p>\n<p class=\"fig-paragraph\">Interrog\u00e9 par C\u00e9cile Duflot, patronne d\u2019Oxfam en France, le chef de l\u2019\u00c9tat s\u2019est oppos\u00e9 \u00e0 un alourdissement de la taxation des h\u00e9ritages des Fran\u00e7ais. Face \u00e0 la mont\u00e9e des in\u00e9galit\u00e9s, \u00abje ne crois pas que la solution soit dans la taxation. La cl\u00e9, c\u2019est d\u2019aider nos compatriotes \u00e0 constituer un patrimoine dans leur vie\u00bb, a-t-il simplement d\u00e9clar\u00e9.<\/p>\n<p class=\"fig-body-link\">\n            \u00c0 lire aussi<br \/>\n        <a class=\"fig-body-link__link fig-premium-mark\" href=\"http:\/\/www.lefigaro.fr\/international\/nous-repondrons-en-annexant-les-colonies-de-cisjordanie-la-menace-voilee-d-israel-a-la-france-si-elle-reconnait-la-palestine-20250509\" data-fig-type=\"Article\" data-gtm-custom-categorie=\"navigation\" data-gtm-custom-action=\"crossclick\" data-gtm-custom-label=\"Contextuel\" data-gtm-event=\"customEventSPE\" data-fig-domain=\"LEFIGARO\" target=\"_blank\" rel=\"noopener\">\u00abNous r\u00e9pondrons en annexant les colonies de Cisjordanie\u00bb\u00a0: la menace voil\u00e9e d\u2019Isra\u00ebl \u00e0 la France si elle reconna\u00eet la Palestine<br \/>\n    <\/a>\n<\/p>\n<p>Un \u00abg\u00e9nocide\u00bb \u00e0 Gaza\u00a0? \u00abCe sont aux historiens le moment venu d\u2019employer ces termes\u00bb<\/p>\n<p class=\"fig-paragraph\">Deux mois apr\u00e8s la reprise de la riposte isra\u00e9lienne \u00e0 Gaza, lanc\u00e9e pour contraindre le Hamas \u00e0 lib\u00e9rer les otages encore d\u00e9tenus dans l\u2019enclave palestinienne, Emmanuel Macron a jug\u00e9 \u00abinacceptable\u00bb la strat\u00e9gie du premier ministre de l\u2019\u00c9tat h\u00e9breu Benyamin Netanyahou.\u00a0Alors qu\u2019Isra\u00ebl a annonc\u00e9 ces derniers jours une nouvelle campagne militaire pr\u00e9voyant \u00abla conqu\u00eate\u00bb de Gaza et n\u00e9cessitant le d\u00e9placement interne de \u00abla plupart\u00bb de ses 2,4 millions d\u2019habitants du territoire, et bloque toute entr\u00e9e d\u2019aide humanitaire depuis d\u00e9but mars, le pr\u00e9sident a tonn\u00e9 que \u00ab(son) boulot \u00e9tait de tout faire pour que \u00e7a s\u2019arr\u00eate\u00bb.<\/p>\n<p>\u00a0\u00bb<br \/>\n        data-script=\u00a0\u00bbhttps:\/\/static.lefigaro.fr\/widget-video\/short-ttl\/video\/index.js\u00a0\u00bb<br \/>\n    &gt;<\/p>\n<p class=\"fig-paragraph\">\u00abOn a besoin des \u00c9tats-Unis (pour cela) car Isra\u00ebl d\u00e9pend des armes am\u00e9ricaines, et non pas europ\u00e9ennes\u00bb, a-t-il dit, ouvrant la porte \u00e0 une r\u00e9vision des \u00abaccords de coop\u00e9ration\u00bb entre UE et Isra\u00ebl. Tout en d\u00e9crivant la situation comme un \u00abdrame\u00bb et quelque chose d\u2019\u00abhorrible\u00bb, le locataire de l\u2019\u00c9lys\u00e9e s\u2019est gard\u00e9 d\u2019employer le terme de \u00abg\u00e9nocide\u00bb pour d\u00e9signer la riposte isra\u00e9lienne aux attaques terroristes du 7 octobre 2023, un mot fr\u00e9quemment utilis\u00e9 par la gauche radicale. \u00abC\u2019est un drame (mais) ce n\u2019est pas \u00e0 un responsable politique d\u2019employer ces termes, ce sont aux historiens le moment venu\u00bb, a-t-il d\u00e9clar\u00e9.<\/p>\n<p><strong>Macron favorable \u00e0 \u00ablouer\u00bb des places de prison \u00e0 l\u2019\u00e9tranger \u00absi besoin \u00e9tait\u00bb<\/strong><\/p>\n<p class=\"fig-paragraph\">Emmanuel Macron a souhait\u00e9 que le gouvernement l\u00e9gif\u00e8re pour \u00e9tendre les pouvoirs de la police municipale \u00e0 certains actes, comme les saisines, les flagrances, les amendes forfaitaires, \u00absous l\u2019autorit\u00e9 du procureur\u00bb pour \u00abpouvoir faire les saisines, les flagrances, les amendes forfaitaires d\u00e9lictuelles\u00bb. En \u00e9voquant \u00ables actes du quotidien qui sont parfois n\u00e9cessaires, que ne peut pas faire une police municipale contre les trafiquants de drogue ou les gens du voyage qui utilisent ill\u00e9galement tel ou tel terrain\u00bb.<\/p>\n<p class=\"fig-paragraph\">Sur le volet carc\u00e9ral, le pr\u00e9sident s\u2019est montr\u00e9 favorable \u00e0 une participation des d\u00e9tenus \u00e0 leurs frais de d\u00e9tention, comme l\u2019a r\u00e9cemment propos\u00e9 le ministre de la Justice G\u00e9rald Darmanin, et \u00e0 la possibilit\u00e9 de \u00ablouer\u00bb des places de prison dans d\u2019autres pays \u00absi besoin \u00e9tait\u00bb afin de lutter contre la surpopulation carc\u00e9rale.<\/p>\n<p><strong>Affaire Notre-Dame-de-B\u00e9tharram\u00a0: Fran\u00e7ois Bayrou garde la \u00abconfiance\u00bb d\u2019Emmanuel Macron<\/strong><\/p>\n<p class=\"fig-paragraph\">Auditionn\u00e9 ce mercredi par la commission d\u2019enqu\u00eate sur les violences dans les \u00e9tablissements scolaires sur l<a href=\"http:\/\/www.lefigaro.fr\/actualite-france\/affaire-notre-dame-de-betharram-francois-bayrou-somme-de-repondre-aux-deputes-20250513\" data-fig-type=\"Article\" data-gtm-custom-categorie=\"navigation\" data-gtm-custom-action=\"crossclick\" data-gtm-custom-label=\"Contextuel\" data-gtm-event=\"customEventSPE\" data-fig-domain=\"LEFIGARO\" target=\"_blank\" rel=\"noopener\">\u2019affaire B\u00e9tharram<\/a>, Fran\u00e7ois Bayrou garde le soutien du pr\u00e9sident de la R\u00e9publique. \u00abDemain, j\u2019ai confiance en lui, il r\u00e9pondra \u00e0 toutes les questions qui lui sont pos\u00e9es. (&#8230;) Je sais qui il est. (&#8230;) Le premier ministre est un homme que je connais depuis de longues ann\u00e9es, je sais qui il est et j\u2019ai confiance en lui\u00bb, a-t-il martel\u00e9.<\/p>\n<p>\u00a0\u00bb<br \/>\n        data-script=\u00a0\u00bbhttps:\/\/static.lefigaro.fr\/widget-video\/short-ttl\/video\/index.js\u00a0\u00bb<br \/>\n    &gt;<\/p>\n<p><strong>Macron contre le port de signes religieux dans les \u00abcomp\u00e9titions\u00bb sportives<\/strong><\/p>\n<p class=\"fig-paragraph\">Emmanuel Macron s\u2019est prononc\u00e9 contre le port de signes religieux, comme le voile islamique, dans les \u00abcomp\u00e9titions\u00bb sportives, en invoquant la charte olympique et \u00abl\u2019\u00e9galit\u00e9 entre les femmes et les hommes\u00bb pour appuyer sa position. Mais il a jug\u00e9 que pour la pratique sportive (hors comp\u00e9titions) c\u2019\u00e9tait aux f\u00e9d\u00e9rations sportives \u00abde d\u00e9cider\u00bb.<\/p>\n","protected":false},"excerpt":{"rendered":"Ce mardi soir, le pr\u00e9sident de la R\u00e9publique a r\u00e9pondu pendant plus de trois heures aux questions de&hellip;\n","protected":false},"author":2,"featured_media":97797,"comment_status":"","ping_status":"","sticky":false,"template":"","format":"standard","meta":{"footnotes":""},"categories":[1590],"tags":[47,1058,1054,1059,1060,1055,11,1057,1073,1777,674,118,131,1061,303,12,1062,13921,656,104,1056,220,809],"class_list":{"0":"post-97796","1":"post","2":"type-post","3":"status-publish","4":"format-standard","5":"has-post-thumbnail","7":"category-ukraine","8":"tag-actualite","9":"tag-actualite-education","10":"tag-actualite-france","11":"tag-actualite-justice","12":"tag-actualite-securite","13":"tag-actualite-societe","14":"tag-actualites","15":"tag-education","16":"tag-emmanuel-macron","17":"tag-eu","18":"tag-europe","19":"tag-faits-divers","20":"tag-guerre-en-ukraine","21":"tag-immigration","22":"tag-justice","23":"tag-news","24":"tag-polemique","25":"tag-referendum","26":"tag-securite","27":"tag-societe","28":"tag-societe-francaise","29":"tag-ukraine","30":"tag-violence"},"share_on_mastodon":{"url":"https:\/\/pubeurope.com\/@fr\/114502737845185884","error":""},"_links":{"self":[{"href":"https:\/\/www.europesays.com\/fr\/wp-json\/wp\/v2\/posts\/97796","targetHints":{"allow":["GET"]}}],"collection":[{"href":"https:\/\/www.europesays.com\/fr\/wp-json\/wp\/v2\/posts"}],"about":[{"href":"https:\/\/www.europesays.com\/fr\/wp-json\/wp\/v2\/types\/post"}],"author":[{"embeddable":true,"href":"https:\/\/www.europesays.com\/fr\/wp-json\/wp\/v2\/users\/2"}],"replies":[{"embeddable":true,"href":"https:\/\/www.europesays.com\/fr\/wp-json\/wp\/v2\/comments?post=97796"}],"version-history":[{"count":0,"href":"https:\/\/www.europesays.com\/fr\/wp-json\/wp\/v2\/posts\/97796\/revisions"}],"wp:featuredmedia":[{"embeddable":true,"href":"https:\/\/www.europesays.com\/fr\/wp-json\/wp\/v2\/media\/97797"}],"wp:attachment":[{"href":"https:\/\/www.europesays.com\/fr\/wp-json\/wp\/v2\/media?parent=97796"}],"wp:term":[{"taxonomy":"category","embeddable":true,"href":"https:\/\/www.europesays.com\/fr\/wp-json\/wp\/v2\/categories?post=97796"},{"taxonomy":"post_tag","embeddable":true,"href":"https:\/\/www.europesays.com\/fr\/wp-json\/wp\/v2\/tags?post=97796"}],"curies":[{"name":"wp","href":"https:\/\/api.w.org\/{rel}","templated":true}]}}