{"id":978103,"date":"2026-06-04T18:09:17","date_gmt":"2026-06-04T18:09:17","guid":{"rendered":"https:\/\/www.europesays.com\/fr\/978103\/"},"modified":"2026-06-04T18:09:17","modified_gmt":"2026-06-04T18:09:17","slug":"grand-nancy-trafic-de-stups-sept-interpellations-a-essey-mouzimpre","status":"publish","type":"post","link":"https:\/\/www.europesays.com\/fr\/978103\/","title":{"rendered":"Grand Nancy. Trafic de stups\u00a0: sept interpellations \u00e0 Essey Mouzimpr\u00e9"},"content":{"rendered":"<p>En possession de renseignements sur un trafic de drogue implant\u00e9 dans <a href=\"https:\/\/www.estrepublicain.fr\/social\/2026\/05\/29\/un-nouveau-souffle-pour-mouzimpre-avec-l-espace-de-vie-sociale\" target=\"_blank\" rel=\"nofollow noopener\">le quartier Mouzimpr\u00e9 \u00e0 Essey-l\u00e8s-Nancy<\/a> depuis au moins un an, les policiers de la brigade des stups de Nancy ont ouvert une enqu\u00eate. Un minutieux travail fait d\u2019observations, de rep\u00e9rages durant un mois afin d\u2019identifier et de loger les suspects.<\/p>\n<p>Mardi, les enqu\u00eateurs renforc\u00e9s par les policiers de la brigade de surveillance et d\u2019interpellation d\u00e9cidaient de passer \u00e0 l\u2019action. <a href=\"https:\/\/www.estrepublicain.fr\/faits-divers-justice\/2024\/04\/28\/tentative-d-homicide-a-essey-les-nancy-victime-exfiltree-hors-de-l-appartement\" target=\"_blank\" rel=\"nofollow noopener\">Plusieurs b\u00e2timents<\/a> \u00e9taient visit\u00e9s par les forces de l\u2019ordre selon les cibles \u00e0 interpeller et en fin de matin\u00e9e, la police \u00e9tait toujours pr\u00e9sente <a href=\"https:\/\/www.estrepublicain.fr\/faits-divers-justice\/2025\/01\/24\/cascade-d-eau-dans-l-immeuble-locataires-prives-d-ascenseur-et-d-eau\" target=\"_blank\" rel=\"nofollow noopener\">dans le quartier<\/a> comme le constatait un r\u00e9sidant de l\u2019 <a href=\"https:\/\/www.estrepublicain.fr\/meurthe-et-moselle\/2013\/08\/04\/il-saute-du-8e-etage\" target=\"_blank\" rel=\"nofollow noopener\">immeuble Tourmaline<\/a>.<\/p>\n<p>  Trilogie de stups<\/p>\n<p>Au final, sept individus \u00e2g\u00e9s d\u2019une vingtaine d\u2019ann\u00e9es \u00e9taient interpell\u00e9s et plac\u00e9s en garde \u00e0 vue. Peu de produits ont \u00e9t\u00e9 saisis, les petites mains de ce r\u00e9seau local travaillaient en flux tendu \u00e0 la revente et la planque n\u2019a pas \u00e9t\u00e9 retrouv\u00e9e.<\/p>\n<p>Reste que le r\u00e9seau offrait une trilogie de stups \u00e0 ses consommateurs si l\u2019on en croit les saisies\u00a0: coca\u00efne (10\u00a0g), h\u00e9ro\u00efne (97\u00a0g) et cannabis (18,5\u00a0g). Des liquidit\u00e9s (1\u00a0600\u00a0\u20ac) ont \u00e9galement \u00e9t\u00e9 plac\u00e9es sous scell\u00e9s.<\/p>\n<p>S\u2019ils ont gard\u00e9 le silence durant leur garde \u00e0 vue, quatre des personnes interpell\u00e9es ont \u00e9t\u00e9 pr\u00e9sent\u00e9es aux magistrats dans la perspective d\u2019un jugement en comparution imm\u00e9diate ce vendredi 5\u00a0juin pour r\u00e9pondre de trafic, transport, acquisition et cession de stup\u00e9fiants.<\/p>\n","protected":false},"excerpt":{"rendered":"En possession de renseignements sur un trafic de drogue implant\u00e9 dans le quartier Mouzimpr\u00e9 \u00e0 Essey-l\u00e8s-Nancy depuis au&hellip;\n","protected":false},"author":2,"featured_media":978104,"comment_status":"","ping_status":"","sticky":false,"template":"","format":"standard","meta":{"footnotes":"","_share_on_mastodon":"0"},"categories":[9635],"tags":[1111,11,271,272,1704,11361,1777,674,274,1011,27,775,11362,3457,1702,12,25],"class_list":["post-978103","post","type-post","status-publish","format-standard","has-post-thumbnail","category-nancy","tag-actu","tag-actualites","tag-crime","tag-delit-et-contravention","tag-edition-nancy-et-agglomeration","tag-essey-les-nancy","tag-eu","tag-europe","tag-faits-divers-justice","tag-fr","tag-france","tag-grand-est","tag-metropole-du-grand-nancy-54b3","tag-meurthe-et-moselle","tag-nancy","tag-news","tag-republique-francaise"],"share_on_mastodon":{"url":"https:\/\/pubeurope.com\/@fr\/116693183124988040","error":""},"_links":{"self":[{"href":"https:\/\/www.europesays.com\/fr\/wp-json\/wp\/v2\/posts\/978103","targetHints":{"allow":["GET"]}}],"collection":[{"href":"https:\/\/www.europesays.com\/fr\/wp-json\/wp\/v2\/posts"}],"about":[{"href":"https:\/\/www.europesays.com\/fr\/wp-json\/wp\/v2\/types\/post"}],"author":[{"embeddable":true,"href":"https:\/\/www.europesays.com\/fr\/wp-json\/wp\/v2\/users\/2"}],"replies":[{"embeddable":true,"href":"https:\/\/www.europesays.com\/fr\/wp-json\/wp\/v2\/comments?post=978103"}],"version-history":[{"count":0,"href":"https:\/\/www.europesays.com\/fr\/wp-json\/wp\/v2\/posts\/978103\/revisions"}],"wp:featuredmedia":[{"embeddable":true,"href":"https:\/\/www.europesays.com\/fr\/wp-json\/wp\/v2\/media\/978104"}],"wp:attachment":[{"href":"https:\/\/www.europesays.com\/fr\/wp-json\/wp\/v2\/media?parent=978103"}],"wp:term":[{"taxonomy":"category","embeddable":true,"href":"https:\/\/www.europesays.com\/fr\/wp-json\/wp\/v2\/categories?post=978103"},{"taxonomy":"post_tag","embeddable":true,"href":"https:\/\/www.europesays.com\/fr\/wp-json\/wp\/v2\/tags?post=978103"}],"curies":[{"name":"wp","href":"https:\/\/api.w.org\/{rel}","templated":true}]}}