{"id":978484,"date":"2026-06-04T22:21:19","date_gmt":"2026-06-04T22:21:19","guid":{"rendered":"https:\/\/www.europesays.com\/fr\/978484\/"},"modified":"2026-06-04T22:21:19","modified_gmt":"2026-06-04T22:21:19","slug":"quatre-morts-a-nantes-depuis-la-fin-avril-sur-fond-de-narcotrafic-actualites","status":"publish","type":"post","link":"https:\/\/www.europesays.com\/fr\/978484\/","title":{"rendered":"Quatre morts \u00e0 Nantes depuis la fin avril sur fond de narcotrafic : Actualit\u00e9s"},"content":{"rendered":"<p class=\"lead \">Une nouvelle fusillade sur fond de narcotrafic et un quatri\u00e8me mort \u00e0 Nantes depuis la fin avril. Jeudi, c&rsquo;est un homme de 18 ans qui a \u00e9t\u00e9 tu\u00e9 par balle, en plein jour, dans le quartier populaire de La Botti\u00e8re.<\/p>\n<p class=\"lead \">Aux alentours de 12h30, ce jeune homme a \u00e9t\u00e9 \u00ab\u00a0la cible d&rsquo;un tir en rafale provenant d&rsquo;individus cagoul\u00e9s mont\u00e9s sur deux motos \u00e9lectriques\u00a0\u00bb, a indiqu\u00e9 en d\u00e9but de soir\u00e9e le procureur de la R\u00e9publique de Nantes, Antoine Leroy. <\/p>\n<p class=\"lead \">Les deux tireurs ont ensuite quitt\u00e9 les lieux \u00ab\u00a0pour revenir imm\u00e9diatement au contact de la victime et lui tirer de nouveau dessus, \u00e0 bout portant\u00a0\u00bb, a-t-il ajout\u00e9 dans un communiqu\u00e9. <\/p>\n<p class=\"lead \">La victime est \u00ab\u00a0imm\u00e9diatement\u00a0\u00bb d\u00e9c\u00e9d\u00e9e. Les premi\u00e8res constatations m\u00e9dicol\u00e9gales \u00ab\u00a0r\u00e9v\u00e8lent la pr\u00e9sence d&rsquo;au moins cinq impacts de balles\u00a0\u00bb, pr\u00e9cise le procureur.<\/p>\n<p class=\"lead \">Cette nouvelle fusillade mortelle, la quatri\u00e8me \u00e0 Nantes depuis la fin avril, s&rsquo;inscrit \u00ab\u00a0sans qu&rsquo;il soit possible d&rsquo;en douter\u00a0\u00bb dans le cadre d&rsquo;un \u00ab\u00a0r\u00e8glement de comptes sur fond de narcotrafic et de guerres de territoires\u00a0\u00bb. \u00ab\u00a0Plus pr\u00e9cis\u00e9ment encore, de guerres de contr\u00f4le et de direction de points de deal\u00a0\u00bb, a soulign\u00e9 Antoine Leroy.<\/p>\n<p class=\"lead \">De nombreux policiers \u00e9taient sur place dans l&rsquo;apr\u00e8s-midi ainsi que des agents de la police scientifique en combinaison blanche, a constat\u00e9 une journaliste de l&rsquo;AFP. <\/p>\n<p class=\"lead \">Des b\u00e2ches blanches \u00e9taient install\u00e9es autour du lieu des faits, un espace arbor\u00e9 aux pieds de barres d&rsquo;immeubles. <\/p>\n<p class=\"lead \">\u00c0 c\u00f4t\u00e9 du p\u00e9rim\u00e8tre d\u00e9limit\u00e9 par de la rubalise, une habitante du quartier explique avoir entendu plusieurs coups de feu.<\/p>\n<p class=\"lead \">\u00ab\u00a0J&rsquo;ai quatre enfants, \u00e7a me fait peur. Si on sort se promener en pleine journ\u00e9e, on peut prendre une balle perdue ? Ce n&rsquo;est pas normal\u00a0\u00bb, s&rsquo;inqui\u00e8te-t-elle.<\/p>\n<p class=\"lead \">&#8211; \u00ab\u00a0Pass\u00e9 un cap\u00a0\u00bb &#8211;<\/p>\n<p class=\"lead \">\u00ab\u00a0\u00c7a a pass\u00e9 un cap depuis un mois. Avant \u00e7a tirait mais \u00e7a ne tuait pas. C&rsquo;est tr\u00e8s inqui\u00e9tant ce qu&rsquo;il se passe. On se demande comment on va faire pour que \u00e7a cesse, on n&rsquo;a pas le droit, pour les jeunes, de baisser les bras\u00a0\u00bb, a d\u00e9clar\u00e9 Wahib, 50 ans, \u00e9ducateur sportif dans le quartier depuis plus de 20 ans. <\/p>\n<p class=\"lead \">Un groupe d&rsquo;habitants r\u00e9unis \u00e0 proximit\u00e9 des lieux des faits confie en d\u00e9but d&rsquo;apr\u00e8s-midi leur \u00ab\u00a0inqui\u00e9tude\u00a0\u00bb. <\/p>\n<p class=\"lead \">\u00ab\u00a0C&rsquo;est un parc o\u00f9 des enfants peuvent tra\u00eener, il y a des \u00e9coles \u00e0 c\u00f4t\u00e9\u00a0\u00bb, dit un homme qui, comme la plupart des habitants rencontr\u00e9s par l&rsquo;AFP, a pr\u00e9f\u00e9r\u00e9 garder l&rsquo;anonymat. <\/p>\n<p class=\"lead \">\u00ab\u00a0On a vu la violence monter depuis plusieurs ann\u00e9es, il y a eu des fusillades, maintenant des morts. Il faut attendre \u00e7a pour commencer \u00e0 nous \u00e9couter ? C&rsquo;est malheureux\u00a0\u00bb, se d\u00e9sole un autre homme.<\/p>\n<p class=\"lead \">Sur place, Denis Talledec, adjoint \u00e0 la s\u00e9curit\u00e9 \u00e0 la mairie de Nantes, assure qu'\u00a0\u00bbon ne banalise pas: \u00e0 chaque fois c&rsquo;est un drame\u00a0\u00bb.<\/p>\n<p class=\"lead \">&#8211; \u00ab\u00a0Spirale meurtri\u00e8re\u00a0\u00bb &#8211;<\/p>\n<p class=\"lead \">Pour la maire socialiste de Nantes, Johanna Rolland, \u00ab\u00a0tous les moyens doivent \u00eatre mis en \u0153uvre pour mettre un terme \u00e0 cette s\u00e9rie de r\u00e8glements de compte\u00a0\u00bb. \u00ab\u00a0La Ville est pleinement mobilis\u00e9e aupr\u00e8s des habitants\u00a0\u00bb, a-t-elle \u00e9crit sur X.<\/p>\n<p class=\"lead \">\u00ab\u00a0Nantes s&rsquo;enfonce dans une spirale meurtri\u00e8re\u00a0\u00bb, a affirm\u00e9 dans un communiqu\u00e9 le syndicat Unsa Police 44, r\u00e9clamant des \u00ab\u00a0renforts imm\u00e9diats\u00a0\u00bb. <\/p>\n<p class=\"lead \">Le 28 avril, un jeune homme a \u00e9t\u00e9 tu\u00e9 par balle, d\u00e9j\u00e0 dans le quartier de la Botti\u00e8re, et un autre gri\u00e8vement bless\u00e9. <\/p>\n<p class=\"lead \">Le 14 mai, c&rsquo;est un adolescent de 14 ans qui a \u00e9t\u00e9 tu\u00e9, et deux jeunes bless\u00e9s, dans le quartier du Port-Boyer, sur un point de deal \u00ab\u00a0tr\u00e8s convoit\u00e9\u00a0\u00bb, d&rsquo;apr\u00e8s les autorit\u00e9s.<\/p>\n<p class=\"lead \">Dans la nuit du 26 au 27 mai, un jeune homme d&rsquo;une vingtaine d&rsquo;ann\u00e9es est mort par balle dans le quartier de la Halv\u00eaque, tout pr\u00e8s du stade de la Beaujoire.<\/p>\n<p class=\"lead \">Le parquet de Rennes sp\u00e9cialis\u00e9 dans la criminalit\u00e9 organis\u00e9e a annonc\u00e9 de son c\u00f4t\u00e9 l&rsquo;interpellation d&rsquo;un homme pour des faits de tentative de meurtre en bande organis\u00e9e, association de malfaiteurs et enl\u00e8vement commis entre le 24 et le 25 mai, toujours \u00e0 Nantes.<\/p>\n<p class=\"lead \">Apr\u00e8s la mort de l&rsquo;adolescent mi-mai, le ministre de l&rsquo;Int\u00e9rieur, Laurent Nu\u00f1ez, s&rsquo;\u00e9tait rendu sur place et avait r\u00e9affirm\u00e9 sa \u00ab\u00a0d\u00e9termination\u00a0\u00bb \u00e0 \u00ab\u00a0gagner\u00a0\u00bb la \u00ab\u00a0guerre\u00a0\u00bb contre le narcotrafic.<\/p>\n<p class=\"small font-weight-bold text-gray3 \"> publi\u00e9 le 4 juin \u00e0 21h41, AFP<\/p>\n<p>                             Partager<\/p>\n","protected":false},"excerpt":{"rendered":"Une nouvelle fusillade sur fond de narcotrafic et un quatri\u00e8me mort \u00e0 Nantes depuis la fin avril. Jeudi,&hellip;\n","protected":false},"author":2,"featured_media":978485,"comment_status":"","ping_status":"","sticky":false,"template":"","format":"standard","meta":{"footnotes":"","_share_on_mastodon":"0"},"categories":[2818],"tags":[1111,11,3992,1769,1777,674,1011,27,2683,766,12,2636,1072,25],"class_list":["post-978484","post","type-post","status-publish","format-standard","has-post-thumbnail","category-nantes","tag-actu","tag-actualites","tag-drogues","tag-enqute","tag-eu","tag-europe","tag-fr","tag-france","tag-homicide","tag-nantes","tag-news","tag-pays-de-la-loire","tag-police","tag-republique-francaise"],"share_on_mastodon":{"url":"https:\/\/pubeurope.com\/@fr\/116694174175806669","error":""},"_links":{"self":[{"href":"https:\/\/www.europesays.com\/fr\/wp-json\/wp\/v2\/posts\/978484","targetHints":{"allow":["GET"]}}],"collection":[{"href":"https:\/\/www.europesays.com\/fr\/wp-json\/wp\/v2\/posts"}],"about":[{"href":"https:\/\/www.europesays.com\/fr\/wp-json\/wp\/v2\/types\/post"}],"author":[{"embeddable":true,"href":"https:\/\/www.europesays.com\/fr\/wp-json\/wp\/v2\/users\/2"}],"replies":[{"embeddable":true,"href":"https:\/\/www.europesays.com\/fr\/wp-json\/wp\/v2\/comments?post=978484"}],"version-history":[{"count":0,"href":"https:\/\/www.europesays.com\/fr\/wp-json\/wp\/v2\/posts\/978484\/revisions"}],"wp:featuredmedia":[{"embeddable":true,"href":"https:\/\/www.europesays.com\/fr\/wp-json\/wp\/v2\/media\/978485"}],"wp:attachment":[{"href":"https:\/\/www.europesays.com\/fr\/wp-json\/wp\/v2\/media?parent=978484"}],"wp:term":[{"taxonomy":"category","embeddable":true,"href":"https:\/\/www.europesays.com\/fr\/wp-json\/wp\/v2\/categories?post=978484"},{"taxonomy":"post_tag","embeddable":true,"href":"https:\/\/www.europesays.com\/fr\/wp-json\/wp\/v2\/tags?post=978484"}],"curies":[{"name":"wp","href":"https:\/\/api.w.org\/{rel}","templated":true}]}}