{"id":97856,"date":"2025-05-13T22:22:22","date_gmt":"2025-05-13T22:22:22","guid":{"rendered":"https:\/\/www.europesays.com\/fr\/97856\/"},"modified":"2025-05-13T22:22:22","modified_gmt":"2025-05-13T22:22:22","slug":"saint-etienne-la-tete-dans-le-guide-vert","status":"publish","type":"post","link":"https:\/\/www.europesays.com\/fr\/97856\/","title":{"rendered":"Saint-Etienne, la t\u00eate dans le Guide vert"},"content":{"rendered":"<p class=\"is-style-chapo\">C\u2019est une premi\u00e8re. Depuis d\u00e9but avril, Michelin a d\u00e9voil\u00e9 la premi\u00e8re \u00e9dition de son Guide vert, d\u00e9di\u00e9 \u00e0 Saint-Etienne et ses alentours. Rebaptis\u00e9 en 2024 guide Michelin voyage &amp; cultures, cela signifie que la capitale lig\u00e9rienne \u00ab\u00a0vaut le d\u00e9tour\u00a0\u00bb, comme la vingtaine de villes auxquelles un guide de la collection a \u00e9t\u00e9 consacr\u00e9.<\/p>\n<p><img fetchpriority=\"high\" decoding=\"async\" width=\"1024\" height=\"576\" src=\"https:\/\/www.europesays.com\/fr\/wp-content\/uploads\/2025\/05\/IMG_1234-1-1024x576.jpg\" alt=\"\" class=\"wp-image-79075\"  \/>Le guide a \u00e9t\u00e9 publi\u00e9 au d\u00e9but du mois d\u2019avril. \u00a9 JT\/ If Saint-Etienne.<\/p>\n<p>Casser les clich\u00e9s. D\u00e8s que l\u2019on d\u00e9couvre la couverture du <a href=\"https:\/\/editions.michelin.com\/le-guide-vert\/\" target=\"_blank\" rel=\"noreferrer noopener\">Guide vert Michelin<\/a> consacr\u00e9 \u00e0 Saint-Etienne, aujourd\u2019hui appel\u00e9 guide Michelin voyage &amp; cultures, on voit que l\u2019on commence par s\u2019attaquer au clich\u00e9 num\u00e9ro 1. Non, Saint-Etienne, n\u2019est plus, depuis longtemps, une ville noire. Preuve en est cette photo du quartier rouge de Ch\u00e2teaucreux, contrastant avec un ciel bleu azur.<\/p>\n<p>Ce mardi 12 mai, Ga\u00ebl Perdriau, maire de Saint-Etienne, son adjoint \u00e0 la culture Marc Chassaub\u00e9n\u00e9, et son ex-adjoint \u00e0 l\u2019\u00e9ducation, mais toujours pr\u00e9sident de l\u2019Office du tourisme, organisaient la pr\u00e9sentation de la premi\u00e8re \u00e9dition du Guide vert consacr\u00e9e \u00e0 Saint-Etienne et \u00e0 ses alentours, en pr\u00e9sence de Jean-Baptiste Pass\u00e9, directeur g\u00e9n\u00e9ral des \u00e9ditions Michelin. Sorti d\u00e9but avril, le guide pratique recense 130 adresses, 30 sites qui m\u00e9ritent d\u2019\u00eatre visit\u00e9s, dont 4 valent le d\u00e9tour en obtenant deux \u00e9toiles.<\/p>\n<p>Taxe de s\u00e9jour en hausse<\/p>\n<p>Imprim\u00e9 en 5 000 exemplaires, le guide est disponible depuis avril dans les librairies de France, mais aussi de Belgique et jusqu\u2019au Qu\u00e9bec. Et le directeur tient \u00e0 le rappeler\u00a0: \u00ab\u00a0Chez Michelin, la question de l\u2019objectivit\u00e9 est une vertu cardinale\u00a0\u00bb. Ainsi, si \u00e0 la gen\u00e8se du projet, ce sont les \u00e9quipes de communication de la Ville qui sollicitent le guide, pour lui, il s\u2019agit de la volont\u00e9 d\u2019une municipalit\u00e9 de promouvoir son territoire, qui rencontre l\u2019envie de Michelin d\u2019ouvrir le champ de ses publications et de proposer des destinations hors des sentiers battus.<\/p>\n<p>En \u00e9change, la Ville s\u2019engage \u00e0 financer deux pages de publicit\u00e9, ainsi que l\u2019Office de tourisme. Pour le reste, la dizaine de r\u00e9dacteurs qui a travaill\u00e9 \u00e0 l\u2019\u00e9laboration de l\u2019ouvrage, ainsi que les trois inspecteurs sur place, sont enti\u00e8rement libres de leurs \u00e9crits. Et selon Robert Karulak, la ville a une carte \u00e0 jouer, car avec des \u00e9v\u00e9nements comme l\u2019Euro, les JO, la Coupe du monde de rugby ou encore le Tour de France, qui ont permis \u00e0 la perception de la taxe de s\u00e9jour de tripler en 10 ans, passant de 300 000 euros \u00e0 pr\u00e8s d\u20191 million d\u2019euros.<\/p>\n<p>Bient\u00f4t de nouvelles Halles\u00a0?<\/p>\n<p>Pour le tarif de 10,95 euros, le visiteur aura acc\u00e8s \u00e0 127 pages de contenu d\u00e9di\u00e9 au territoire\u00a0: escapades dans le Pilat, boutiques, restaurants, mus\u00e9es, architecture\u2026<\/p>\n<p>\u00ab\u00a0Cet \u00e9t\u00e9, sept personnes sur dix resteront en France, rappelle Jean-Baptiste Pass\u00e9. Avec ce guide, nous les invitons \u00e0 passer trois jours, voire six, \u00e0 Saint-Etienne, \u00e0 d\u00e9couvrir de nouveaux horizons\u00a0\u00bb. L\u2019occasion de casser les id\u00e9es re\u00e7ues qui peuvent avoir la vie dure et de montrer que la ville \u00e0 sa place entre Nancy, Caen ou Francfort, \u00e0 quelques jours de l\u2019ouverture de la Biennale internationale design. \u00ab\u00a0C\u2019est la r\u00e9f\u00e9rence absolue pour visiter une ville, estime le maire. A quinze minutes de l\u2019H\u00f4tel-de-Ville, on peut skier en hiver et faire de la planche \u00e0 voile l\u2019\u00e9t\u00e9\u00a0\u00bb.<\/p>\n<p>Seul hic, certaines adresses ont d\u00e9j\u00e0 ferm\u00e9, comme les <a href=\"https:\/\/www.if-saint-etienne.fr\/breves\/halles-mazerat-chronique-dune-mort-non-assumee\" target=\"_blank\" rel=\"noreferrer noopener\">Halles Mazerat<\/a>, ou Les Simones. Toutefois, le guide est r\u00e9actualis\u00e9 tous les 24 mois. \u00ab\u00a0Pour les Halles ce n\u2019est pas obsol\u00e8te, mais visionnaire, a temp\u00e9r\u00e9 Ga\u00ebl Perdriau. Une annonce sera faite \u00e0 ce sujet d\u2019ici quelques jours, ce n\u2019est pas la fin des halles\u00a0\u00bb. A suivre\u2026<\/p>\n","protected":false},"excerpt":{"rendered":"C\u2019est une premi\u00e8re. Depuis d\u00e9but avril, Michelin a d\u00e9voil\u00e9 la premi\u00e8re \u00e9dition de son Guide vert, d\u00e9di\u00e9 \u00e0&hellip;\n","protected":false},"author":2,"featured_media":97857,"comment_status":"","ping_status":"","sticky":false,"template":"","format":"standard","meta":{"footnotes":""},"categories":[9653],"tags":[1111,11,2430,21172,1777,674,1011,27,12242,493,21173,21174,12,25,4001],"class_list":{"0":"post-97856","1":"post","2":"type-post","3":"status-publish","4":"format-standard","5":"has-post-thumbnail","7":"category-saint-etienne","8":"tag-actu","9":"tag-actualites","10":"tag-auvergne-rhone-alpes","11":"tag-communicatif","12":"tag-eu","13":"tag-europe","14":"tag-fr","15":"tag-france","16":"tag-gael-perdriau","17":"tag-guide-michelin","18":"tag-guide-vert-michelin","19":"tag-guide-vert-michelin-saint-etienne","20":"tag-news","21":"tag-republique-francaise","22":"tag-saint-etienne"},"share_on_mastodon":{"url":"https:\/\/pubeurope.com\/@fr\/114502863664986244","error":""},"_links":{"self":[{"href":"https:\/\/www.europesays.com\/fr\/wp-json\/wp\/v2\/posts\/97856","targetHints":{"allow":["GET"]}}],"collection":[{"href":"https:\/\/www.europesays.com\/fr\/wp-json\/wp\/v2\/posts"}],"about":[{"href":"https:\/\/www.europesays.com\/fr\/wp-json\/wp\/v2\/types\/post"}],"author":[{"embeddable":true,"href":"https:\/\/www.europesays.com\/fr\/wp-json\/wp\/v2\/users\/2"}],"replies":[{"embeddable":true,"href":"https:\/\/www.europesays.com\/fr\/wp-json\/wp\/v2\/comments?post=97856"}],"version-history":[{"count":0,"href":"https:\/\/www.europesays.com\/fr\/wp-json\/wp\/v2\/posts\/97856\/revisions"}],"wp:featuredmedia":[{"embeddable":true,"href":"https:\/\/www.europesays.com\/fr\/wp-json\/wp\/v2\/media\/97857"}],"wp:attachment":[{"href":"https:\/\/www.europesays.com\/fr\/wp-json\/wp\/v2\/media?parent=97856"}],"wp:term":[{"taxonomy":"category","embeddable":true,"href":"https:\/\/www.europesays.com\/fr\/wp-json\/wp\/v2\/categories?post=97856"},{"taxonomy":"post_tag","embeddable":true,"href":"https:\/\/www.europesays.com\/fr\/wp-json\/wp\/v2\/tags?post=97856"}],"curies":[{"name":"wp","href":"https:\/\/api.w.org\/{rel}","templated":true}]}}