{"id":978852,"date":"2026-06-05T02:28:19","date_gmt":"2026-06-05T02:28:19","guid":{"rendered":"https:\/\/www.europesays.com\/fr\/978852\/"},"modified":"2026-06-05T02:28:19","modified_gmt":"2026-06-05T02:28:19","slug":"la-chambre-des-representants-adopte-un-projet-de-loi-pour-venir-en-aide-a-lukraine","status":"publish","type":"post","link":"https:\/\/www.europesays.com\/fr\/978852\/","title":{"rendered":"La Chambre des repr\u00e9sentants adopte un projet de loi pour venir en aide \u00e0 l&rsquo;Ukraine"},"content":{"rendered":"<p>La Chambre des repr\u00e9sentants des \u00c9tats-Unis a adopt\u00e9 jeudi un projet de loi visant \u00e0 aider l\u2019Ukraine et \u00e0 sanctionner des secteurs cl\u00e9s de l\u2019\u00e9conomie russe. <\/p>\n<p>Elle a ainsi ignor\u00e9 les objections des dirigeants r\u00e9publicains qui avaient averti que ce texte compromettrait les n\u00e9gociations destin\u00e9es \u00e0 aboutir \u00e0 un r\u00e9sultat similaire, mais plus solide.<\/p>\n<p>Ce projet de loi, pr\u00e9sent\u00e9 par le repr\u00e9sentant d\u00e9mocrate de New York, Gregory Meeks, vise \u00e0 consolider l\u2019aide am\u00e9ricaine \u00e0 l\u2019Ukraine en lui accordant plus d\u2019un milliard de dollars d\u2019aide \u00e0 la s\u00e9curit\u00e9 et \u00e0 la reconstruction. Il permettrait \u00e9galement de mettre \u00e0 la disposition de l\u2019Ukraine 8\u00a0milliards\u00a0$\u00a0US suppl\u00e9mentaires pour sa d\u00e9fense sous forme de pr\u00eats.<\/p>\n<p>Le vote de 226\u00a0voix contre 195\u00a0t\u00e9moigne d\u2019une certaine impatience face \u00e0 l\u2019approche du pr\u00e9sident Donald Trump concernant la guerre et repr\u00e9sente la deuxi\u00e8me rupture majeure de la Chambre avec M.\u00a0Trump en mati\u00e8re de politique \u00e9trang\u00e8re cette semaine.<\/p>\n<p>La veille, la Chambre avait, pour la premi\u00e8re fois, approuv\u00e9 une r\u00e9solution sur les pouvoirs de guerre visant \u00e0 mettre un terme \u00e0 l\u2019action militaire am\u00e9ricaine contre l\u2019Iran.<\/p>\n<p>Les partisans de la mesure ont r\u00e9ussi \u00e0 faire adopter le projet de loi sur l\u2019Ukraine en recueillant 218\u00a0signatures sur une p\u00e9tition de d\u00e9charge, un outil l\u00e9gislatif qui permet \u00e0 une majorit\u00e9 de la Chambre de contourner efficacement la direction du parti.<\/p>\n<p>Bien que cet outil ait rarement abouti par le pass\u00e9, les membres de la Chambre l\u2019ont utilis\u00e9 lors de cette session du Congr\u00e8s pour adopter des projets de loi visant \u00e0 rendre publics les dossiers du gouvernement sur Jeffrey Epstein et \u00e0 \u00e9tendre les subventions de sant\u00e9 \u00e0 de nombreuses personnes b\u00e9n\u00e9ficiant d\u2019une couverture m\u00e9dicale au titre de l\u2019Affordable Care Act, m\u00eame si cette derni\u00e8re mesure a \u00e9chou\u00e9 au S\u00e9nat.<\/p>\n<p>M.\u00a0Meeks a d\u00e9clar\u00e9 que la question pos\u00e9e \u00e0 la Chambre \u00e9tait simple. Cela aiderait-il l\u2019Ukraine \u00e0 n\u00e9gocier en position de force ou aiderait-il la Russie \u00e0 faire durer le conflit au-del\u00e0 de la d\u00e9termination am\u00e9ricaine?<\/p>\n<p>\u00abNous voulons tous que cette guerre cesse, a soulign\u00e9 M.\u00a0Meeks. La question est de savoir comment. Allons-nous abandonner l\u2019Ukraine et la contraindre \u00e0 accepter un accord d\u00e9sastreux? C\u2019est ce sur quoi compte Vladimir Poutine. Ou bien cette assembl\u00e9e tiendra-t-elle les engagements que nous avons pris depuis le d\u00e9but de cette guerre\u00a0?\u00bb<\/p>\n<p>La grande majorit\u00e9 des r\u00e9publicains s\u2019est oppos\u00e9e \u00e0 cette mesure. Le repr\u00e9sentant French Hill, pr\u00e9sident de la commission des services financiers de la Chambre, a indiqu\u00e9 qu\u2019il \u00e9tait un fervent d\u00e9fenseur de l\u2019Ukraine.<\/p>\n<p>Cependant, le r\u00e9publicain de l\u2019Arkansas a dit que la Chambre \u00e9tait confront\u00e9e \u00e0 une mesure imparfaite et d\u00e9pass\u00e9e qui pr\u00e9voit en r\u00e9alit\u00e9 une r\u00e9duction du financement de l\u2019aide \u00e0 la s\u00e9curit\u00e9 de l\u2019Ukraine par rapport \u00e0 ce que le Congr\u00e8s avait approuv\u00e9 dans le cadre de la politique de d\u00e9fense de cette ann\u00e9e. Une autre section pourrait entra\u00eener une diminution des d\u00e9penses de d\u00e9fense de certains membres de l\u2019OTAN, a-t-il averti.<\/p>\n<p>Le repr\u00e9sentant Brian Mast, pr\u00e9sident de la commission des affaires \u00e9trang\u00e8res de la Chambre, a \u00e9nonc\u00e9 qu\u2019il consid\u00e9rait ce projet de loi comme \u00abune arme pour lutter contre le pr\u00e9sident Trump\u00bb. <\/p>\n<p>\u00ab\u00c0 mon avis, ce projet de loi est un projet de loi peu s\u00e9rieux qui a \u00e9t\u00e9 r\u00e9dig\u00e9 il y a pratiquement un an et demi\u00bb, a comment\u00e9 M.\u00a0Mast, r\u00e9publicain de Floride.<\/p>\n<p>Le repr\u00e9sentant Don Bacon, r\u00e9publicain du Nebraska, s\u2019est d\u00e9marqu\u00e9 de la plupart de ses coll\u00e8gues r\u00e9publicains en exprimant son soutien \u00e0 la mesure.<\/p>\n<p>\u00abAllons-nous nous ranger du c\u00f4t\u00e9 du bien ou du mal? C\u2019est de cela qu\u2019il s\u2019agit ce soir\u00bb, a-t-il soulev\u00e9.<\/p>\n<p>Au final, 18\u00a0r\u00e9publicains, 207\u00a0d\u00e9mocrates et un ind\u00e9pendant ont vot\u00e9 en faveur du projet de loi. La repr\u00e9sentante d\u00e9mocrate Ilhan Omar s\u2019est jointe \u00e0 194\u00a0r\u00e9publicains pour voter contre.<\/p>\n<p><b>Les l\u00e9gislateurs veulent envoyer un message<\/b><\/p>\n<p>Les partisans esp\u00e8rent que l\u2019adoption du projet de loi sur l\u2019Ukraine par la Chambre des repr\u00e9sentants incitera le S\u00e9nat \u00e0 faire de m\u00eame. Cependant, ils savent aussi que le S\u00e9nat ne suivra probablement pas, \u00e0 moins que Donald Trump n\u2019approuve le projet de loi. <\/p>\n<p>\u00abIl n\u2019obtiendra probablement pas 60\u00a0voix au S\u00e9nat, mais cela va, esp\u00e9rons-le, forcer le S\u00e9nat \u00e0 se pencher sur la question, a d\u00e9clar\u00e9 le repr\u00e9sentant Brian Fitzpatrick, r\u00e9publicain de Pennsylvanie, qui a sign\u00e9 la p\u00e9tition de d\u00e9charge et vot\u00e9 en faveur du projet de loi. Cela enverra un message fort aux soldats ukrainiens.\u00bb<\/p>\n<p>Il a ajout\u00e9 que ce vote enverrait \u00e9galement un message \u00e0 Vladimir Poutine, lui indiquant que \u00abnous sommes bien vivants, que nous nous soucions de l\u2019Ukraine et que nous allons utiliser notre autorit\u00e9 pour les aider\u00bb.<\/p>\n<p>\u00c0 mesure que la guerre s\u2019\u00e9ternise, il devient plus difficile pour les partisans de l\u2019Ukraine au Congr\u00e8s d\u2019apporter un soutien financier suppl\u00e9mentaire pour aider l\u2019Ukraine \u00e0 se d\u00e9fendre. <\/p>\n<p>Les \u00c9tats-Unis ont approuv\u00e9 quelque 195\u00a0milliards\u00a0$\u00a0US pour l\u2019aide \u00e0 l\u2019Ukraine, selon le dernier rapport trimestriel de l\u2019inspecteur g\u00e9n\u00e9ral de l\u2019op\u00e9ration Atlantic Resolve, dont environ un quart est destin\u00e9 \u00e0 reconstituer les stocks d\u2019armes de l\u2019arm\u00e9e am\u00e9ricaine<\/p>\n<p>La derni\u00e8re l\u00e9gislation majeure visant \u00e0 renforcer l\u2019aide \u00e0 l\u2019Ukraine remonte \u00e0 avril\u00a02024, bien que des montants modestes aient depuis \u00e9t\u00e9 inclus dans les projets de loi de cr\u00e9dits annuels.<\/p>\n<p><b>Les dirigeants r\u00e9publicains ont tent\u00e9 de bloquer le projet de loi<\/b><\/p>\n<p>Les dirigeants r\u00e9publicains ont exhort\u00e9 leurs membres \u00e0 s\u2019opposer \u00e0 cette l\u00e9gislation. Le leader de la majorit\u00e9 \u00e0 la Chambre, Steve Scalise, a avanc\u00e9 que des n\u00e9gociations de bonne foi \u00e9taient en cours entre les membres du Congr\u00e8s et la Maison-Blanche pour soutenir l\u2019Ukraine. Il a qualifi\u00e9 ces n\u00e9gociations de compliqu\u00e9es.<\/p>\n<p>\u00abJe pense qu\u2019elles aboutiront \u00e0 des r\u00e9sultats positifs, mais vous risquez de compromettre ces efforts si vous adoptez une loi qui ne va pas aussi loin que les n\u00e9gociations\u00bb, a expliqu\u00e9 M.\u00a0Scalise.<\/p>\n<p>La guerre qui a suivi l\u2019invasion \u00e0 grande \u00e9chelle de la Russie chez son voisin dure depuis plus de quatre ans, sans qu\u2019une issue ne soit en vue. Ces derniers jours, les deux camps ont cherch\u00e9 \u00e0 prendre l\u2019avantage en lan\u00e7ant des frappes de missiles \u00e0 longue port\u00e9e.<\/p>\n<p>Les efforts de paix men\u00e9s par les \u00c9tats-Unis ont \u00e9chou\u00e9, les parties n\u2019ayant fait aucun progr\u00e8s sur des divergences cl\u00e9s et la guerre en Iran ayant d\u00e9tourn\u00e9 l\u2019attention de Washington. Le pr\u00e9sident ukrainien Volodymyr Zelensky, a accept\u00e9 un cessez-le-feu inconditionnel exig\u00e9 par M.\u00a0Trump, mais M.\u00a0Poutine a refus\u00e9.<\/p>\n<p>Au S\u00e9nat, les discussions sur l\u2019Ukraine ont tourn\u00e9 autour d\u2019un projet de loi visant \u00e0 imposer des droits de douane et des sanctions secondaires aux pays qui ach\u00e8tent du p\u00e9trole, du gaz, de l\u2019uranium et d\u2019autres exportations russes, qui sont essentiels au financement de l\u2019arm\u00e9e russe. Mais, ce projet de loi est rest\u00e9 au point mort.<\/p>\n","protected":false},"excerpt":{"rendered":"La Chambre des repr\u00e9sentants des \u00c9tats-Unis a adopt\u00e9 jeudi un projet de loi visant \u00e0 aider l\u2019Ukraine et&hellip;\n","protected":false},"author":2,"featured_media":972678,"comment_status":"","ping_status":"","sticky":false,"template":"","format":"standard","meta":{"footnotes":"","_share_on_mastodon":"0"},"categories":[1590],"tags":[11,1777,674,1854,20106,4576,74986,12,220],"class_list":["post-978852","post","type-post","status-publish","format-standard","has-post-thumbnail","category-ukraine","tag-actualites","tag-eu","tag-europe","tag-https-lactualite-com-sujet-international","tag-https-lactualite-com-sujet-justice","tag-https-lactualite-com-sujet-politique","tag-https-lactualite-com-sujet-sante","tag-news","tag-ukraine"],"share_on_mastodon":{"url":"https:\/\/pubeurope.com\/@fr\/116695145369852246","error":""},"_links":{"self":[{"href":"https:\/\/www.europesays.com\/fr\/wp-json\/wp\/v2\/posts\/978852","targetHints":{"allow":["GET"]}}],"collection":[{"href":"https:\/\/www.europesays.com\/fr\/wp-json\/wp\/v2\/posts"}],"about":[{"href":"https:\/\/www.europesays.com\/fr\/wp-json\/wp\/v2\/types\/post"}],"author":[{"embeddable":true,"href":"https:\/\/www.europesays.com\/fr\/wp-json\/wp\/v2\/users\/2"}],"replies":[{"embeddable":true,"href":"https:\/\/www.europesays.com\/fr\/wp-json\/wp\/v2\/comments?post=978852"}],"version-history":[{"count":0,"href":"https:\/\/www.europesays.com\/fr\/wp-json\/wp\/v2\/posts\/978852\/revisions"}],"wp:featuredmedia":[{"embeddable":true,"href":"https:\/\/www.europesays.com\/fr\/wp-json\/wp\/v2\/media\/972678"}],"wp:attachment":[{"href":"https:\/\/www.europesays.com\/fr\/wp-json\/wp\/v2\/media?parent=978852"}],"wp:term":[{"taxonomy":"category","embeddable":true,"href":"https:\/\/www.europesays.com\/fr\/wp-json\/wp\/v2\/categories?post=978852"},{"taxonomy":"post_tag","embeddable":true,"href":"https:\/\/www.europesays.com\/fr\/wp-json\/wp\/v2\/tags?post=978852"}],"curies":[{"name":"wp","href":"https:\/\/api.w.org\/{rel}","templated":true}]}}