{"id":97907,"date":"2025-05-13T22:52:12","date_gmt":"2025-05-13T22:52:12","guid":{"rendered":"https:\/\/www.europesays.com\/fr\/97907\/"},"modified":"2025-05-13T22:52:12","modified_gmt":"2025-05-13T22:52:12","slug":"lyon-un-mois-avant-sa-fermeture-la-presquile-deja-en-mode-survie","status":"publish","type":"post","link":"https:\/\/www.europesays.com\/fr\/97907\/","title":{"rendered":"Lyon. Un mois avant sa fermeture, la Presqu\u2019\u00eele d\u00e9j\u00e0 en mode survie &#8211;"},"content":{"rendered":"<p>\t\t\t\t<img fetchpriority=\"high\" decoding=\"async\" width=\"900\" height=\"675\" src=\"https:\/\/www.europesays.com\/fr\/wp-content\/uploads\/2025\/05\/01-travaux-ZTL-1.jpg\" alt=\"\" title=\"01 travaux ZTL-1\"   class=\"wp-image-159383\"\/><\/p>\n<p>Photos HMC DR \/ Lyon People <\/p>\n<p><strong>Texte\u00a0: Marco Polisson \u2013<\/strong> Pas d\u00e9j\u00e0 ferm\u00e9 mais d\u00e9j\u00e0 compl\u00e8tement chamboul\u00e9. Le centre-ville de Lyon, <a href=\"https:\/\/www.lyonpeople.com\/actualites-lyon\/saccage-lyon-une-trentaine-de-rues-en-travaux-dans-la-seule-presquile-2025-03-24.html\" rel=\"nofollow noopener\" target=\"_blank\"><strong>satur\u00e9 de travaux en tous genres<\/strong><\/a>, se vide de ses commerces.<\/p>\n<p>De m\u00e9moire de n\u00e9gociateur immobilier en fonds de commerce, on n\u2019a jamais vu \u00e7a. Le taux de vacance des boutiques du 1er et 2\u00e8me arrondissement n\u2019a jamais \u00e9t\u00e9 historiquement aussi haut. Selon l\u2019aveu m\u00eame de <strong>Gr\u00e9gory Doucet<\/strong>, il a bondi de 50% depuis trois ans. Il suffit de se promener en presqu\u2019\u00eele pour s\u2019en rendre compte.<\/p>\n<p><strong>\u00ab\u00a0Doucet m\u2019a tuer\u00a0\u00bb<\/strong><\/p>\n<p>Des adresses autrefois prises d\u2019assaut, notamment rue \u00c9mile Zola, rue de Brest ou rue \u00c9douard Herriot restent depuis plusieurs mois sans vie apr\u00e8s avoir \u00e9t\u00e9 abandonn\u00e9es par leurs anciens propri\u00e9taires. Leurs devantures sont recouvertes depuis ce matin d\u2019affichettes \u00ab Doucet m\u2019a tuer \u00bb en r\u00e9f\u00e9rence \u00e0 l\u2019affaire Omar Raddad.<\/p>\n<p><img loading=\"lazy\" decoding=\"async\" class=\"lazy lazy-hidden alignnone size-full wp-image-159381\" data-lazy-type=\"image\" src=\"https:\/\/www.europesays.com\/fr\/wp-content\/uploads\/2025\/05\/Doucet-ma-tuer-1.jpg\" alt=\"\" width=\"900\" height=\"703\"  \/><\/p>\n<p>Comme nous vous l\u2019indiquions dans un pr\u00e9c\u00e9dent article, <a href=\"https:\/\/www.lyonpeople.com\/actualites-lyon\/actualites-politiques\/lyon-la-fermeture-de-la-presquile-sera-effective-en-juin-2025-2025-02-05.html\" rel=\"nofollow noopener\" target=\"_blank\"><strong>la fermeture de la Presqu\u2019\u00eele<\/strong> <\/a>transform\u00e9e en ZTL (Zone de Trafic Limit\u00e9) va intervenir le 21 juin. Ce jour-l\u00e0, il deviendra impossible sous peine d\u2019amende \u00e0 135 euros d\u2019y p\u00e9n\u00e9trer, ayants-droits except\u00e9s. Condamnant ainsi les consommateurs venus des ext\u00e9rieurs de Lyon \u00e0 se trouver de nouveaux spots shopping.<\/p>\n<p><strong>Cela vaut aussi bien pour les clients se d\u00e9pla\u00e7ant en automobiles qu\u2019en deux roues. <\/strong><\/p>\n<p>Les motards oppos\u00e9s aux mesures impos\u00e9es par les zonards \u00e9colos (ZFE, ZAD, ZTL..) <a href=\"https:\/\/www.lyonpeople.com\/actualites-lyon\/lyon-les-motards-vont-envahir-bellecour-pour-protester-contre-les-zfe-2025-05-11.html\" rel=\"nofollow noopener\" target=\"_blank\"><strong>organisent un baroud d\u2019honneur<\/strong><\/a> le samedi 17 mai. Pour les habitants de la presqu\u2019\u00eele, c\u2019est la course aux accr\u00e9ditations sur le site web de Lyon Parc Auto. Il faut compter au moins 15 minutes pour parvenir \u00e0 s\u2019enregistrer.<\/p>\n<p><img loading=\"lazy\" decoding=\"async\" class=\"lazy lazy-hidden alignnone size-full wp-image-159382\" data-lazy-type=\"image\" src=\"https:\/\/www.europesays.com\/fr\/wp-content\/uploads\/2025\/05\/cafe-du-xxeme-siecle.jpg\" alt=\"\" width=\"900\" height=\"663\"  \/><\/p>\n<p>Dans le fracas des travaux qui s\u2019\u00e9tirent parfois au milieu de la nuit comme nous l\u2019avons film\u00e9 aux Cordeliers, les commer\u00e7ants tentent de maintenir une activit\u00e9 normale. Dans le d\u00e9sert de la rue Grenette, le Caf\u00e9 du XX\u00e8me si\u00e8cle a install\u00e9 sa terrasse au milieu du chantier de la chauss\u00e9e, faute de mieux. Une photo qui, \u00e0 elle seule, r\u00e9sume le chaos lyonnais.<\/p>\n","protected":false},"excerpt":{"rendered":"Photos HMC DR \/ Lyon People Texte\u00a0: Marco Polisson \u2013 Pas d\u00e9j\u00e0 ferm\u00e9 mais d\u00e9j\u00e0 compl\u00e8tement chamboul\u00e9. Le&hellip;\n","protected":false},"author":2,"featured_media":97908,"comment_status":"","ping_status":"","sticky":false,"template":"","format":"standard","meta":{"footnotes":""},"categories":[1889],"tags":[4257,1111,11,2430,1777,674,21179,1011,27,2428,12,25,21180],"class_list":{"0":"post-97907","1":"post","2":"type-post","3":"status-publish","4":"format-standard","5":"has-post-thumbnail","7":"category-lyon","8":"tag-0top","9":"tag-actu","10":"tag-actualites","11":"tag-auvergne-rhone-alpes","12":"tag-eu","13":"tag-europe","14":"tag-fermeture-presquile","15":"tag-fr","16":"tag-france","17":"tag-lyon","18":"tag-news","19":"tag-republique-francaise","20":"tag-ztl-lyon"},"share_on_mastodon":{"url":"https:\/\/pubeurope.com\/@fr\/114502981704963919","error":""},"_links":{"self":[{"href":"https:\/\/www.europesays.com\/fr\/wp-json\/wp\/v2\/posts\/97907","targetHints":{"allow":["GET"]}}],"collection":[{"href":"https:\/\/www.europesays.com\/fr\/wp-json\/wp\/v2\/posts"}],"about":[{"href":"https:\/\/www.europesays.com\/fr\/wp-json\/wp\/v2\/types\/post"}],"author":[{"embeddable":true,"href":"https:\/\/www.europesays.com\/fr\/wp-json\/wp\/v2\/users\/2"}],"replies":[{"embeddable":true,"href":"https:\/\/www.europesays.com\/fr\/wp-json\/wp\/v2\/comments?post=97907"}],"version-history":[{"count":0,"href":"https:\/\/www.europesays.com\/fr\/wp-json\/wp\/v2\/posts\/97907\/revisions"}],"wp:featuredmedia":[{"embeddable":true,"href":"https:\/\/www.europesays.com\/fr\/wp-json\/wp\/v2\/media\/97908"}],"wp:attachment":[{"href":"https:\/\/www.europesays.com\/fr\/wp-json\/wp\/v2\/media?parent=97907"}],"wp:term":[{"taxonomy":"category","embeddable":true,"href":"https:\/\/www.europesays.com\/fr\/wp-json\/wp\/v2\/categories?post=97907"},{"taxonomy":"post_tag","embeddable":true,"href":"https:\/\/www.europesays.com\/fr\/wp-json\/wp\/v2\/tags?post=97907"}],"curies":[{"name":"wp","href":"https:\/\/api.w.org\/{rel}","templated":true}]}}