{"id":97915,"date":"2025-05-13T22:57:09","date_gmt":"2025-05-13T22:57:09","guid":{"rendered":"https:\/\/www.europesays.com\/fr\/97915\/"},"modified":"2025-05-13T22:57:09","modified_gmt":"2025-05-13T22:57:09","slug":"paris-droguee-a-son-insu-et-agressee-sexuellement-au-travail-une-employee-de-la-ratp-menacee-de-licenciement","status":"publish","type":"post","link":"https:\/\/www.europesays.com\/fr\/97915\/","title":{"rendered":"Paris\u00a0: drogu\u00e9e \u00ab\u00a0\u00e0 son insu\u00a0\u00bb et agress\u00e9e sexuellement au travail, une employ\u00e9e de la RATP menac\u00e9e de licenciement"},"content":{"rendered":"<p class=\"paragraph text_align_left\">\u00ab On \u00e9tait un groupe d\u2019amis, on allait boire des coups ensemble apr\u00e8s le travail\u2026 Jamais je n\u2019aurais cru que \u00e7a pourrait arriver \u00bb, relate Islem, la gorge serr\u00e9e quand elle \u00e9voque la journ\u00e9e du 9 f\u00e9vrier 2025. Ce jour-l\u00e0, l\u2019agent de station <a href=\"https:\/\/www.leparisien.fr\/info-paris-ile-de-france-oise\/transports\/ratp\/\" target=\"_self\" rel=\"nofollow noopener\">RATP<\/a> sur la <a href=\"https:\/\/www.leparisien.fr\/info-paris-ile-de-france-oise\/transports\/cest-tellement-pratique-pour-aller-a-paris-les-val-de-marnais-largement-seduits-par-la-ligne-14-prolongee-17-01-2025-UZFF44QRANGXNJV3WYVYWJOKWE.php\" target=\"_blank\" rel=\"noreferrer nofollow noopener\">ligne 14<\/a> prend son service aux aurores \u00e0 la station Bercy \u00e0 Paris (XIIe).<\/p>\n<p class=\"paragraph text_align_left\">La maman de 33 ans, employ\u00e9e de la r\u00e9gie de transports depuis un an, accompagne ses deux coll\u00e8gues Antoine et Marie (les pr\u00e9noms ont \u00e9t\u00e9 chang\u00e9s) pour fumer, avant de se diriger avec eux vers un local technique. C\u2018est l\u00e0 qu\u2019Antoine lui propose un g\u00e2teau qu\u2019il a cuisin\u00e9 lui-m\u00eame. \u00ab Il me dit que c\u2019est juste un brownie. Donc je mange un morceau sans me m\u00e9fier \u00bb, assure-t-elle.<\/p>\n","protected":false},"excerpt":{"rendered":"\u00ab On \u00e9tait un groupe d\u2019amis, on allait boire des coups ensemble apr\u00e8s le travail\u2026 Jamais je n\u2019aurais&hellip;\n","protected":false},"author":2,"featured_media":97916,"comment_status":"","ping_status":"","sticky":false,"template":"","format":"standard","meta":{"footnotes":""},"categories":[1888],"tags":[11,1777,674,118,1011,27,1944,12,626,25],"class_list":{"0":"post-97915","1":"post","2":"type-post","3":"status-publish","4":"format-standard","5":"has-post-thumbnail","7":"category-paris","8":"tag-actualites","9":"tag-eu","10":"tag-europe","11":"tag-faits-divers","12":"tag-fr","13":"tag-france","14":"tag-ma-ville","15":"tag-news","16":"tag-paris","17":"tag-republique-francaise"},"share_on_mastodon":{"url":"https:\/\/pubeurope.com\/@fr\/114503001270228490","error":""},"_links":{"self":[{"href":"https:\/\/www.europesays.com\/fr\/wp-json\/wp\/v2\/posts\/97915","targetHints":{"allow":["GET"]}}],"collection":[{"href":"https:\/\/www.europesays.com\/fr\/wp-json\/wp\/v2\/posts"}],"about":[{"href":"https:\/\/www.europesays.com\/fr\/wp-json\/wp\/v2\/types\/post"}],"author":[{"embeddable":true,"href":"https:\/\/www.europesays.com\/fr\/wp-json\/wp\/v2\/users\/2"}],"replies":[{"embeddable":true,"href":"https:\/\/www.europesays.com\/fr\/wp-json\/wp\/v2\/comments?post=97915"}],"version-history":[{"count":0,"href":"https:\/\/www.europesays.com\/fr\/wp-json\/wp\/v2\/posts\/97915\/revisions"}],"wp:featuredmedia":[{"embeddable":true,"href":"https:\/\/www.europesays.com\/fr\/wp-json\/wp\/v2\/media\/97916"}],"wp:attachment":[{"href":"https:\/\/www.europesays.com\/fr\/wp-json\/wp\/v2\/media?parent=97915"}],"wp:term":[{"taxonomy":"category","embeddable":true,"href":"https:\/\/www.europesays.com\/fr\/wp-json\/wp\/v2\/categories?post=97915"},{"taxonomy":"post_tag","embeddable":true,"href":"https:\/\/www.europesays.com\/fr\/wp-json\/wp\/v2\/tags?post=97915"}],"curies":[{"name":"wp","href":"https:\/\/api.w.org\/{rel}","templated":true}]}}