{"id":97921,"date":"2025-05-13T23:00:08","date_gmt":"2025-05-13T23:00:08","guid":{"rendered":"https:\/\/www.europesays.com\/fr\/97921\/"},"modified":"2025-05-13T23:00:08","modified_gmt":"2025-05-13T23:00:08","slug":"fin-de-vie-gaza-referendums-ce-quil-faut-retenir-des-annonces-du-president","status":"publish","type":"post","link":"https:\/\/www.europesays.com\/fr\/97921\/","title":{"rendered":"fin de vie, Gaza, r\u00e9f\u00e9rendums\u2026 Ce qu\u2019il faut retenir des annonces du pr\u00e9sident"},"content":{"rendered":"<p>            Par<br \/>\n        <strong><br \/>\n            <a href=\"https:\/\/actu.fr\/auteur\/camille-descroix\" title=\"Consulter tous les articles de Camille Descroix\" rel=\"nofollow noopener\" target=\"_blank\">Camille Descroix<\/a><br \/>\n        <\/strong><\/p>\n<p>        Publi\u00e9 le<\/p>\n<p>            13 mai 2025 \u00e0 19h06<br \/>\n        ; mis \u00e0 jour le 13 mai 2025 \u00e0 23h38    <\/p>\n<p>Ukraine, sujets de soci\u00e9t\u00e9, retraites, finances publiques\u2026 <a href=\"https:\/\/actu.fr\/tag\/emmanuel-macron\" rel=\"nofollow noopener\" target=\"_blank\">Emmanuel Macron<\/a>, qui poursuit son entreprise de reconqu\u00eate de l\u2019opinion, avait rendez-vous avec les Fran\u00e7ais dans une \u00e9mission grand format ce mardi 13\u00a0mai 2025 sur TF1, \u00e0 partir de 20\u2009h\u200910.<\/p>\n<p class=\" wall-content\">Pendant plus de trois heures, le chef de l\u2019\u00c9tat a r\u00e9pondu aux questions du pr\u00e9sentateur Gilles Bouleau, de la secr\u00e9taire g\u00e9n\u00e9rale de la CGT Sophie Binet, du maire de B\u00e9ziers Robert M\u00e9nard ou encore de la directrice g\u00e9n\u00e9rale d\u2019Oxfam France, C\u00e9cile Duflot.<\/p>\n<p class=\" wall-content\">Il a aussi \u00e9t\u00e9 interpell\u00e9 par d\u2019autres personnalit\u00e9s publiques au profil atypique, comme <a href=\"https:\/\/actu.fr\/societe\/le-youtubeur-le-plus-suivi-de-france-est-un-tarnais-il-vient-de-detroner-squeezie_61117411.html\" rel=\"nofollow noopener\" target=\"_blank\">Tibo InShape<\/a>, le youtubeur fitness aux 26\u00a0millions d\u2019abonn\u00e9s, Salom\u00e9 Saqu\u00e9, journaliste engag\u00e9e sur les sujets environnementaux, Charles Bi\u00e9try, ex-journaliste sportif atteint de la <a href=\"https:\/\/actu.fr\/societe\/maladie-de-charcot-une-amelioration-de-la-prise-en-charge-votee-ce-que-cela-va-changer_62235567.html\" rel=\"nofollow noopener\" target=\"_blank\">maladie de Charcot<\/a>, ou encore Agn\u00e8s Verdier-Molini\u00e9, directrice d\u2019un think tank lib\u00e9ral.<\/p>\n<p class=\" wall-content\">Voici les principales annonces du chef de l\u2019\u00c9tat.<\/p>\n<p>Sport \u00e0 l\u2019\u00e9cole\u2009: \u00ab\u2009c\u2019est une \u00e9cole de la confiance\u2009\u00bb<\/p>\n<p class=\" wall-content\">Interrog\u00e9 par le Youtubeur fitness Tibo InShape sur la pratique du sport \u00e0 l\u2019\u00e9cole et sur l\u2019ob\u00e9sit\u00e9 chez les jeunes, Emmanuel Macron d\u00e9fend les deux heures en plus dans les coll\u00e8ges. \u00ab\u2009On doit aussi encourager la pratique sportive chez les adultes\u2009\u00bb, souligne-t-il.<\/p>\n<p>Vid\u00e9os : en ce moment sur Actu<\/p>\n<p class=\" wall-content\">\u00ab\u00a0Gr\u00e2ce aux Jeux olympiques, nous avons men\u00e9 une r\u00e9volution culturelle. Les 30 minutes de sport tous les jours \u00e0 l\u2019\u00e9cole, c\u2019est un formidable instrument de pr\u00e9vention de surpoids. C\u2019est une \u00e9cole de la confiance\u00a0\u00bb, d\u00e9taille-t-il.<\/p>\n<p>Sant\u00e9 mentale chez les jeunes\u2009: \u00ab\u2009tout n\u2019a pas encore \u00e9t\u00e9 fait\u2009\u00bb, dit Macron<\/p>\n<p class=\" wall-content\">La journaliste de Blast Salom\u00e9 Saqu\u00e9 interroge Emmanuel Macron sur la sant\u00e9 mentale chez les jeunes. \u00ab\u2009Les pens\u00e9es suicidaires explosent. Avez-vous \u00e9t\u00e9 \u00e0 la hauteur\u2009?\u2009\u00bb, interroge-t-elle.<\/p>\n<p class=\" wall-content\">Le pr\u00e9sident estime que \u00ab\u2009toutes les mesures\u2009\u00bb n\u2019ont pas encore \u00e9t\u00e9 prises \u00e0 ce jour. Il pointe la responsabilit\u00e9 des r\u00e9seaux sociaux sur ce sujet.<\/p>\n<p class=\" wall-content\">\u00ab\u2009Pendant des d\u00e9cennies, nous n\u2019avons pas form\u00e9 assez de psychiatres dans le pays\u2009\u00bb, ajoute-t-il. Selon lui, il n\u2019y a aujourd\u2019hui \u00ab\u2009pas de culture de coop\u00e9ration\u2009\u00bb entre les psychiatres \u00e0 l\u2019h\u00f4pital et les psychologues en ville.<\/p>\n<p class=\" wall-content\">Salom\u00e9 Saqu\u00e9 l\u2019interroge \u00e9galement sur la pr\u00e9carit\u00e9 chez les jeunes. \u00ab\u2009Vous avez \u00e9t\u00e9 le pr\u00e9sident de la reproduction des in\u00e9galit\u00e9s. Un jeune sur quatre ne mange pas \u00e0 sa faim\u2009\u00bb, souligne-t-elle. Cinq millions de jeunes ne peuvent pas se loger, ajoute-t-elle.<\/p>\n<p class=\" wall-content\">Emmanuel Macron r\u00e9pond vouloir am\u00e9liorer le suivi \u00e0 l\u2019\u00e9cole et souhaite d\u00e9velopper le lyc\u00e9e professionnel. Il souligne n\u00e9anmoins un paradoxe pour les \u00e9tudiants : \u00ab\u2009Notre pays est l\u2019un des pays o\u00f9 \u00e9tudier est le moins cher [\u2026] mais ils sont confront\u00e9s \u00e0 deux ph\u00e9nom\u00e8nes\u2009: le (co\u00fbt du) logement dans les grandes villes et notre syst\u00e8me est aveugle sur la situation des jeunes\u2009\u00bb.<\/p>\n<p>Macron se dit favorable \u00e0 un r\u00e9f\u00e9rendum sur la fin de vie si le d\u00e9bat s\u2019enlise au Parlement<\/p>\n<p class=\" wall-content\">Actuellement discut\u00e9es \u00e0 l\u2019Assembl\u00e9e nationale, les propositions de loi sur la fin de vie \u2013 sur les soins palliatifs et l\u2019aide \u00e0 mourir \u2013 occupent le d\u00e9bat et divisent les d\u00e9put\u00e9s.<\/p>\n<p class=\" wall-content\">L\u2019ex-journaliste sportif Charles Bi\u00e9try, atteint de la maladie de Charcot, et d\u00e9pourvu de la capacit\u00e9 de parler, interroge Emmanuel Macron sur ce sujet.<\/p>\n<p class=\" wall-content\">\u00ab\u2009Je souhaite que le texte engag\u00e9 aujourd\u2019hui soit vot\u00e9. Je pense qu\u2019il faut faire \u00e9voluer notre droit\u2009\u00bb, lui r\u00e9pond le chef de l\u2019\u00c9tat.<\/p>\n<p class=\" wall-content\">Questionn\u00e9 sur un possible r\u00e9f\u00e9rendum, le chef de l\u2019\u00c9tat appelle dans un premier temps \u00e0 laisser le texte poursuivre son chemin parlementaire.<\/p>\n<p class=\" wall-content\">Si cela n\u2019aboutissait pas, il n\u2019exclut pas la piste d\u2019un r\u00e9f\u00e9rendum qui pourrait \u00eatre \u00ab\u2009une voie pour d\u00e9bloquer\u2009\u00bb le sujet \u00ab\u2009en cas d\u2019enlisement\u2009\u00bb.<\/p>\n<p class=\" wall-content\">Sur les r\u00e9f\u00e9rendums, Macron annonce vouloir \u00ab\u2009plusieurs r\u00e9f\u00e9rendums dans les mois qui viennent\u2009\u00bb, en \u00ab\u2009m\u00eame temps\u2009\u00bb. Il \u00e9voque des questions li\u00e9es aux \u00ab\u2009grandes r\u00e9formes \u00e9conomiques\u2009\u00bb, \u00e0 l\u2019\u00e9ducation et au social.<\/p>\n<p>Louer des places de prison \u00e0 des pays \u00e9trangers\u2009? Macron se dit pr\u00eat<\/p>\n<p class=\" wall-content\">Interpell\u00e9 par Robert M\u00e9nard sur les places de prisons, Emmanuel Macron estime qu\u2019il y a \u00ab\u2009des d\u00e9linquants et des criminels qu\u2019il faut mettre en prison\u2009\u00bb.<\/p>\n<p class=\" wall-content\">En 2017, le chef de l\u2019\u00c9tat avait promis la construction de 15\u2009000 places de prison, seules 5\u2009000 ont \u00e9t\u00e9 construites depuis le d\u00e9but de son mandat, lui rappelle le maire de B\u00e9ziers. Le pr\u00e9sident assure vouloir \u00ab\u2009acc\u00e9l\u00e9rer\u2009\u00bb les choses.<\/p>\n<p class=\" wall-content\">\u00ab\u2009Elles doivent \u00eatre faites avec des r\u00e8gles de protections beaucoup plus simples, on peut all\u00e9ger les normes\u2009\u00bb, affirme-t-il. Il se dit pr\u00eat \u00e0 \u00ab\u2009louer\u2009\u00bb des places en prison \u00ab\u2009l\u00e0 o\u00f9 elles sont disponibles\u2009\u00bb, notamment \u00e0 l\u2019\u00e9tranger.<\/p>\n<p class=\" wall-content\">Il assure aussi qu\u2019il est favorable \u00e0 ce que les d\u00e9tenus participent \u00e0 leurs frais de d\u00e9tention, comme l\u2019a \u00e9voqu\u00e9 le ministre de la Justice, G\u00e9rald Darmanin.<\/p>\n<p>La drogue est \u00ab\u2009un fl\u00e9au, une \u00e9pid\u00e9mie\u2009\u00bb, estime Macron<\/p>\n<p class=\" wall-content\">Interrog\u00e9 sur la lutte contre le trafic de drogues, Emmanuel Macron r\u00e9pond\u2009: \u00ab\u2009On a vu monter des trafics de drogues partout en France, partout en Europe, oserais-je dire partout dans le monde\u2009\u00bb.<\/p>\n<p class=\" wall-content\">\u00ab\u2009C\u2019est un fl\u00e9au, c\u2019est une \u00e9pid\u00e9mie\u2009\u00bb, ajoute le chef de l\u2019\u00c9tat. Il estime que la loi narcotrafic \u00ab\u2009va changer les choses\u2009\u00bb et va permettre \u00ab\u2009de d\u00e9multiplier les op\u00e9rations sur le terrain\u2009\u00bb.<\/p>\n<p class=\" wall-content\">De son c\u00f4t\u00e9, le maire de B\u00e9ziers et figure de l\u2019extr\u00eame droite Robert M\u00e9nard l\u2019interroge sur la s\u00e9curit\u00e9. Il r\u00e9clame sur le plateau de TF1 plus de pouvoirs pour la police municipale.<\/p>\n<p class=\" wall-content\">\u00ab\u2009Je souhaite que le gouvernement puisse prendre une loi qui permette \u00e0 la police municipale, sous l\u2019autorit\u00e9 du procureur, de faire les saisines, les flagrances, les amendes forfaitaires d\u00e9lictuelles, les actes du quotidien, si les maires le souhaitent\u2009\u00bb, lui r\u00e9pond Emmanuel Macron.<\/p>\n<p>Emmanuel Macron refuse de parler de \u00ab\u2009g\u00e9nocide\u2009\u00bb \u00e0 Gaza<\/p>\n<p class=\" wall-content\">Un m\u00e9decin humanitaire s\u2019exprime en vid\u00e9o sur la situation humanitaire catastrophique \u00e0 Gaza, \u00e9voquant un \u00ab\u2009g\u00e9nocide caract\u00e9ris\u00e9\u2009\u00bb. \u00ab\u2009Qu\u2019allez-vous faire\u2009? L\u2019histoire vous jugera\u2009\u00bb, lance-t-il au pr\u00e9sident.<\/p>\n<p class=\" wall-content\">\u00ab\u2009S\u2019agit-il d\u2019un g\u00e9nocide\u2009?\u2009\u00bb, demande \u00e0 son tour Gilles Bouleau. \u00ab\u2009Ce n\u2019est pas \u00e0 un responsable politique d\u2019employer ces termes, c\u2019est aux historiens de le faire en temps voulu\u2009\u00bb, r\u00e9pond Emmanuel Macron. \u00ab\u2009C\u2019est un drame et c\u2019est horrible. Moi, mon boulot, c\u2019est de tout faire pour que \u00e7a s\u2019arr\u00eate\u2009\u00bb, assure-t-il.<\/p>\n<blockquote class=\"ac-article-quote wall-content\">\n<p>Ce que fait le gouvernement de Benyamin Netanyahou est inacceptable. C&rsquo;est une honte.<\/p>\n<p>    <strong>Emmanuel Macron<\/strong><br \/>\n        Pr\u00e9sident de la R\u00e9publique    <\/p><\/blockquote>\n<p>Macron veut aider les Fran\u00e7ais \u00e0 \u00ab\u2009constituer un patrimoine\u2009\u00bb<\/p>\n<p class=\" wall-content\">C\u00e9cile Duflot, ancienne ministre \u00e9cologiste et pr\u00e9sidente de l\u2019ONG Oxfam, interroge \u00e0 son tour le pr\u00e9sident, en vid\u00e9o. \u00ab\u2009Comment le candidat du travail que vous \u00e9tiez est-il devenu le pr\u00e9sident des rentiers\u2009\u00bb, tacle-t-elle.<\/p>\n<p class=\" wall-content\">Emmanuel Macron ne se dit \u00ab\u2009pas d\u2019accord avec cette analyse\u2009\u00bb. \u00ab\u2009Les gestes fiscaux ont \u00e9t\u00e9 dans le sens\u2009\u00bb des plus modestes, se d\u00e9fend-il. Il estime ne pas \u00eatre all\u00e9 \u00ab\u2009assez loin\u2009\u00bb. \u00ab\u2009Je ne crois pas que la solution soit dans la taxation (sur l\u2019h\u00e9ritage)\u2009: la cl\u00e9 est d\u2019aider nos compatriotes \u00e0 constituer un patrimoine dans leur vie\u2009\u00bb, ajoute Emmanuel Macron.<\/p>\n<p>Trop de normes, conc\u00e8de Emmanuel Macron<\/p>\n<p class=\" wall-content\">Le chef de l\u2019\u00c9tat est questionn\u00e9 sur l\u2019empilement des normes. Un reportage vid\u00e9o, diffus\u00e9 sur le plateau de TF1, illustre le cas d\u2019un chef d\u2019entreprise qui d\u00e9plore le nombre de normes auquel il est confront\u00e9.<\/p>\n<p class=\" wall-content\">\u00ab\u2009Sur la simplification et les normes, c\u2019est un combat important\u2009\u00bb, r\u00e9pond Emmanuel Macron. \u00ab\u2009Il y en a encore trop, des normes fran\u00e7aises et europ\u00e9ennes\u2009\u00bb, selon lui, ajoutant que \u00ab\u2009c\u2019est un point sur lequel on peut avoir des majorit\u00e9s\u2009\u00bb.<\/p>\n<p>\u00ab\u2009Pourquoi la dette de la France a explos\u00e9\u2009?\u2009\u00bb<\/p>\n<p class=\" wall-content\">Agn\u00e8s Verdier-Molini\u00e9, pr\u00e9sidente de la fondation iFRAP (Fondation pour la recherche sur les administrations et les politiques publiques), un think tank lib\u00e9ral, interroge Emmanuel Macron sur les finances publiques de la France.<\/p>\n<p class=\" wall-content\">\u00ab\u2009Ne pensez-vous pas qu\u2019il est temps de sortir de l\u2019engrenage de la dette publique\u2009? N\u2019est-il pas temps de sauver notre pays qui m\u00e9rite mieux que ce d\u00e9classement\u2009?\u2009\u00bb, interroge-t-elle, faisant r\u00e9f\u00e9rence au d\u00e9ficit public du pays.<\/p>\n<p class=\" wall-content\">\u00ab\u2009On a prot\u00e9g\u00e9 notre appareil de production, nos restaurateurs, nos entreprises\u2026\u2009\u00bb, d\u00e9fend Emmanuel Macron, au sujet des d\u00e9penses engag\u00e9es lors de la crise sanitaire li\u00e9e au Covid. \u00ab\u2009Oui, on a d\u00e9pens\u00e9 beaucoup d\u2019argent mais on a pr\u00e9venu une [hausse massive du taux] de ch\u00f4mage\u2009\u00bb, argumente-t-il.<\/p>\n<p class=\" wall-content\">Le pr\u00e9sentateur Gilles Bouleau \u00e9voque le dernier rapport de la Cour des comptes qui alerte sur des \u00ab\u2009d\u00e9penses publiques en roue libre\u2009\u00bb. Pour Emmanuel Macron, les d\u00e9penses \u00ab\u2009sont sous contr\u00f4le\u2009\u00bb.<\/p>\n<p>Emmanuel Macron ne veut pas de r\u00e9f\u00e9rendum sur la r\u00e9forme des retraites<\/p>\n<p class=\" wall-content\">Sophie Binet interroge le chef de l\u2019\u00c9tat sur la r\u00e9forme des retraites, qui d\u00e9cale progressivement l\u2019\u00e2ge de d\u00e9part \u00e0 la retraite \u00e0 64\u00a0ans. \u00ab\u2009Pourquoi vous acharner \u00e0 imposer cette r\u00e9forme\u2009?\u2009\u00bb, lance la secr\u00e9taire g\u00e9n\u00e9rale de la CGT. Cette derni\u00e8re lui demande d\u2019organiser un r\u00e9f\u00e9rendum sur l\u2019abrogation de cette loi.<\/p>\n<p class=\" wall-content\">\u00ab\u2009La r\u00e9ponse est non\u2009\u00bb, d\u00e9clare Emmanuel Macron dans un \u00e9change tendu avec la secr\u00e9taire g\u00e9n\u00e9rale de la CGT. \u00ab\u2009Si on ne le r\u00e9formait pas, on accumulait les d\u00e9ficits\u2009\u00bb, justifie le pr\u00e9sident, estimant que la r\u00e9forme \u00ab\u2009permettra de d\u00e9gager environ 17\u00a0milliards d\u2019euros\u2009\u00bb.<\/p>\n<p class=\" wall-content\">\u00ab\u2009Le pays en a besoin, et il y a un conclave lanc\u00e9 actuellement par le Premier ministre. Mon souhait, c\u2019est de laisser le gouvernement et les syndicats travailler. S\u2019ils peuvent am\u00e9liorer la chose, tr\u00e8s bien\u2009\u00bb, conc\u00e8de le chef de l\u2019\u00c9tat.<\/p>\n<p class=\" wall-content\">Pour Sophie Binet, il existe des solutions pour financer le syst\u00e8me des retraites, comme taxer le patrimoine des Fran\u00e7ais les plus riches (taxe Zucman) ou revenir sur les exon\u00e9rations sociales faites aux entreprises.<\/p>\n<p>Sophie Binet demande de nationaliser ArcelorMittal, Macron dit non<\/p>\n<p class=\" wall-content\">C\u2019est au tour de Sophie Binet, secr\u00e9taire g\u00e9n\u00e9rale de la CGT, d\u2019interroger Emmanuel Macron, notamment sur les plans de licenciements en France.<\/p>\n<p class=\" wall-content\">\u00ab\u2009Ce sont des usines qu\u2019on ferme, des territoires qui sont d\u00e9vast\u00e9s, des salari\u00e9s, des familles abandonn\u00e9es et c\u2019est le tapis rouge qu\u2019on d\u00e9roule \u00e0 l\u2019extr\u00eame droite. Et pendant ce temps-l\u00e0, vous ne faites rien, vous ne dites rien. Monsieur le Pr\u00e9sident, cette situation-l\u00e0, c\u2019est le r\u00e9sultat de votre politique\u2009\u00bb, d\u00e9nonce Sophie Binet. \u00ab\u2009Depuis 2017, on a cr\u00e9\u00e9 plusieurs millions d\u2019emplois\u2009\u00bb industriels, se justifie le pr\u00e9sident de la R\u00e9publique.<\/p>\n<p class=\" wall-content\">\u00ab\u2009Allez-vous nationaliser Arcelor, comme l\u2019ont fait les Britanniques et les Italiens pour prot\u00e9ger leur industrie et leur sid\u00e9rurgie\u2009?\u2009\u00bb, demande Sophie Binet au chef de l\u2019\u00c9tat. \u00ab\u2009Non, je ne vais pas nationaliser ArcelorMittal. Ce serait d\u00e9penser des milliards d\u2019euros\u2009\u00bb, r\u00e9pond Emmanuel Macron.<\/p>\n<p class=\" wall-content\">Le pr\u00e9sident estime que le soutien au sid\u00e9rurgiste, qui veut supprimer 600 postes, ne doit pas passer par la nationalisation, mais par \u00ab\u2009une politique europ\u00e9enne qui prot\u00e8ge notre acier\u2009\u00bb.<\/p>\n<blockquote class=\"ac-article-quote wall-content\">\n<p>Nous sommes en train de nous battre pour prot\u00e9ger le march\u00e9 europ\u00e9en de l\u2019acier afin d\u2019emp\u00eacher la concurrence de l\u2019acier indien et chinois.<\/p>\n<p>    <strong>Emmanuel Macron<\/strong><br \/>\n        Pr\u00e9sident de la R\u00e9publique    <\/p><\/blockquote>\n<p>Donald Trump \u00ab\u2009ab\u00eeme la croissance am\u00e9ricaine\u2009\u00bb<\/p>\n<p class=\" wall-content\">Questionn\u00e9 sur la strat\u00e9gie de Donald Trump, qui a augment\u00e9 tous azimuts les droits de douane, Emmanuel Macron juge que le pr\u00e9sident am\u00e9ricain \u00ab\u2009ab\u00eeme la croissance am\u00e9ricaine\u2009\u00bb. \u00ab\u2009\u00c7a ne marche pas pour son \u00e9conomie\u2009\u00bb, a-t-il insist\u00e9.<\/p>\n<p class=\" wall-content\">\u00ab\u2009Dans les mois qui viennent, nous allons tout faire pour rouvrir le march\u00e9 chinois\u2009\u00bb, souligne Emmanuel Macron, en prenant l\u2019exemple du cognac. \u00ab\u2009Nous r\u00e9sistons mieux que certains voisins\u2009\u00bb, a-t-il ajout\u00e9.<\/p>\n<p>Emmanuel Macron r\u00e9affirme sa menace de \u00ab\u2009sanctions\u2009\u00bb sur la Russie<\/p>\n<p class=\" wall-content\">Interrog\u00e9 par le journaliste Darius Rochebin sur <a href=\"https:\/\/actu.fr\/tag\/guerre-en-ukraine\" rel=\"nofollow noopener\" target=\"_blank\">la guerre en Ukraine<\/a>, Emmanuel Macron a r\u00e9it\u00e9r\u00e9 sa volont\u00e9 d\u2019un cessez-le-feu entre la Russie et l\u2019Ukraine. \u00ab\u2009Ce qui se joue en Ukraine, c\u2019est notre s\u00e9curit\u00e9. Notre objectif est d\u2019obtenir un cessez-le-feu pendant trente jours\u2009\u00bb, a-t-il d\u00e9clar\u00e9.<\/p>\n<p class=\" wall-content\">Le pr\u00e9sident Vladimir Poutine est toujours silencieux sur la proposition du pr\u00e9sident ukrainien d\u2019une rencontre pour n\u00e9gocier. \u00ab\u2009Comme \u00e0 chaque fois, on attend plut\u00f4t la r\u00e9ponse de la Russie\u2009\u00bb, a d\u00e9clar\u00e9 Emmanuel Macron.<\/p>\n<p class=\" wall-content\">Si la Russie ne respecte pas le cessez-le-feu, les pays europ\u00e9ens vont prendre \u00ab\u2009dans les prochains jours\u2009\u00bb des sanctions suppl\u00e9mentaires \u00e0 l\u2019encontre de la Russie sur \u00ab\u2009des services financiers et les hydrocarbures\u2009\u00bb, a-t-il ajout\u00e9.<\/p>\n<blockquote class=\"ac-article-quote wall-content\">\n<p>On ne veut pas faire la Troisi\u00e8me Guerre mondiale !<\/p>\n<p>    <strong>Emmanuel Macron<\/strong><br \/>\n        Pr\u00e9sident de la R\u00e9publique    <\/p><\/blockquote>\n<p class=\" wall-content\">\u00c0 propos d\u2019un \u00e9ventuel cessez-le-feu, le pr\u00e9sident a \u00e9voqu\u00e9 la question d\u2019une \u00ab\u2009supervision\u2009\u00bb avec des \u00ab\u2009forces de r\u00e9assurance\u2009\u00bb. Si Kiev et Moscou arrivaient \u00e0 un accord de paix, il faudra continuer de \u00ab\u2009former, \u00e9quiper, accompagner\u2009\u00bb l\u2019Ukraine, a expliqu\u00e9 le chef de l\u2019\u00c9tat. \u00ab\u2009Qu\u2019est-ce que c\u2019est le bon format de l\u2019arm\u00e9e ukrainienne pour emp\u00eacher les Russes de revenir dans deux ans et trois ans\u2009?\u2009\u00bb, a-t-il interrog\u00e9.<\/p>\n<p class=\" wall-content\">Suivez toute l\u2019actualit\u00e9 de vos villes et m\u00e9dias favoris en vous inscrivant \u00e0 <a href=\"https:\/\/moncompte.actu.fr\" title=\"D\u00e9couvez Mon Actu\" rel=\"nofollow noopener\" data-trk=\"{&quot;cta&quot;:{&quot;action&quot;:&quot;https:\\\/\\\/moncompte.actu.fr&quot;,&quot;category&quot;:&quot;mon compte&quot;,&quot;from&quot;:&quot;article footer&quot;,&quot;name&quot;:&quot;Mon actu&quot;,&quot;type&quot;:&quot;cta&quot;}}\" target=\"_blank\">Mon Actu<\/a>.<\/p>\n","protected":false},"excerpt":{"rendered":"Par Camille Descroix Publi\u00e9 le 13 mai 2025 \u00e0 19h06 ; mis \u00e0 jour le 13 mai 2025&hellip;\n","protected":false},"author":2,"featured_media":97922,"comment_status":"","ping_status":"","sticky":false,"template":"","format":"standard","meta":{"footnotes":""},"categories":[1590],"tags":[11,1073,1777,674,12,316,220],"class_list":{"0":"post-97921","1":"post","2":"type-post","3":"status-publish","4":"format-standard","5":"has-post-thumbnail","7":"category-ukraine","8":"tag-actualites","9":"tag-emmanuel-macron","10":"tag-eu","11":"tag-europe","12":"tag-news","13":"tag-politique","14":"tag-ukraine"},"share_on_mastodon":{"url":"https:\/\/pubeurope.com\/@fr\/114503013099329863","error":""},"_links":{"self":[{"href":"https:\/\/www.europesays.com\/fr\/wp-json\/wp\/v2\/posts\/97921","targetHints":{"allow":["GET"]}}],"collection":[{"href":"https:\/\/www.europesays.com\/fr\/wp-json\/wp\/v2\/posts"}],"about":[{"href":"https:\/\/www.europesays.com\/fr\/wp-json\/wp\/v2\/types\/post"}],"author":[{"embeddable":true,"href":"https:\/\/www.europesays.com\/fr\/wp-json\/wp\/v2\/users\/2"}],"replies":[{"embeddable":true,"href":"https:\/\/www.europesays.com\/fr\/wp-json\/wp\/v2\/comments?post=97921"}],"version-history":[{"count":0,"href":"https:\/\/www.europesays.com\/fr\/wp-json\/wp\/v2\/posts\/97921\/revisions"}],"wp:featuredmedia":[{"embeddable":true,"href":"https:\/\/www.europesays.com\/fr\/wp-json\/wp\/v2\/media\/97922"}],"wp:attachment":[{"href":"https:\/\/www.europesays.com\/fr\/wp-json\/wp\/v2\/media?parent=97921"}],"wp:term":[{"taxonomy":"category","embeddable":true,"href":"https:\/\/www.europesays.com\/fr\/wp-json\/wp\/v2\/categories?post=97921"},{"taxonomy":"post_tag","embeddable":true,"href":"https:\/\/www.europesays.com\/fr\/wp-json\/wp\/v2\/tags?post=97921"}],"curies":[{"name":"wp","href":"https:\/\/api.w.org\/{rel}","templated":true}]}}