{"id":97939,"date":"2025-05-13T23:11:10","date_gmt":"2025-05-13T23:11:10","guid":{"rendered":"https:\/\/www.europesays.com\/fr\/97939\/"},"modified":"2025-05-13T23:11:10","modified_gmt":"2025-05-13T23:11:10","slug":"a-combien-seleve-la-fortune-de-hans-peter-wild-proprietaire-du-stade-francais","status":"publish","type":"post","link":"https:\/\/www.europesays.com\/fr\/97939\/","title":{"rendered":"A combien s&rsquo;\u00e9l\u00e8ve la fortune de Hans Peter Wild propri\u00e9taire du Stade Fran\u00e7ais ?"},"content":{"rendered":"<p><img fetchpriority=\"high\" decoding=\"async\" width=\"620\" height=\"413\" src=\"https:\/\/www.europesays.com\/fr\/wp-content\/uploads\/2025\/05\/Hans-Peter-Wild-620x413.jpg\" alt=\"A combien s'\u00e9l\u00e8ve la fortune de Hans Peter Wild propri\u00e9taire du Stade Fran\u00e7ais ?\" class=\"wp-image-364767\"  \/>Hans Peter Wild veille aux int\u00e9r\u00eats du Stade Fran\u00e7ais qu\u2019il poss\u00e8de.<\/p>\n<p>Selon le dernier classement Forbes des grandes fortunes mondiales, Hans Peter Wild, le propri\u00e9taire du <a href=\"https:\/\/sportune.20minutes.fr\/stade-francais\" rel=\"nofollow noopener\" target=\"_blank\">Stade Fran\u00e7ais Paris Rugby<\/a>, affiche une fortune estim\u00e9e \u00e0 3,6 milliards de dollars en 2025). Cette somme place l\u2019homme d\u2019affaires suisse \u00e0 la 1035e position du classement mondial des milliardaires.<\/p>\n<p>\u00c2g\u00e9 de 83 ans, Hans Peter Wild a b\u00e2ti sa fortune principalement dans l\u2019industrie agroalimentaire. En 2014, il a vendu au g\u00e9ant am\u00e9ricain Archer-Daniels-Midland sa participation dans WILD Flavors, l\u2019entreprise familiale fond\u00e9e par son p\u00e8re en 1931, pour environ 3 milliards de dollars. Avant de rejoindre l\u2019affaire familiale en 1974, cet homme d\u2019affaires, form\u00e9 au droit et au commerce, avait travaill\u00e9 dans le secteur des huiles min\u00e9rales et des produits chimiques.<\/p>\n<p>Propri\u00e9taire du Stade Fran\u00e7ais depuis 2017<\/p>\n<p>Le milliardaire a conserv\u00e9 la marque embl\u00e9matique Capri Sun, ces c\u00e9l\u00e8bres jus de fruits conditionn\u00e9s en sachets souples cr\u00e9\u00e9s dans les ann\u00e9es 1960. La marque, qui a b\u00e9n\u00e9fici\u00e9 d\u2019un coup marketing majeur avec l\u2019engagement de Mohamed Ali comme ambassadeur au sommet de sa carri\u00e8re, est aujourd\u2019hui commercialis\u00e9e dans plus de 100 pays et g\u00e9n\u00e8re un chiffre d\u2019affaires annuel estim\u00e9 \u00e0 500 millions de dollars.<\/p>\n<p>Divorc\u00e9 et p\u00e8re de deux enfants, Hans Peter Wild r\u00e9side actuellement \u00e0 Zoug, en Suisse. Ce passionn\u00e9 de rugby a rachet\u00e9 le <a href=\"https:\/\/sportune.20minutes.fr\/stade-francais\" rel=\"nofollow noopener\" target=\"_blank\">Stade Fran\u00e7ais<\/a> en 2017, investissant massivement dans le club parisien pour lui redonner ses ambitions apr\u00e8s une p\u00e9riode difficile. Gr\u00e2ce \u00e0 sa fortune consid\u00e9rable, il fait partie des propri\u00e9taires les plus fortun\u00e9s du sport fran\u00e7ais, toutes disciplines confondues.<\/p>\n","protected":false},"excerpt":{"rendered":"Hans Peter Wild veille aux int\u00e9r\u00eats du Stade Fran\u00e7ais qu\u2019il poss\u00e8de. Selon le dernier classement Forbes des grandes&hellip;\n","protected":false},"author":2,"featured_media":97940,"comment_status":"","ping_status":"","sticky":false,"template":"","format":"standard","meta":{"footnotes":""},"categories":[1416],"tags":[1011,27,479,1468,60,2558],"class_list":{"0":"post-97939","1":"post","2":"type-post","3":"status-publish","4":"format-standard","5":"has-post-thumbnail","7":"category-rugby","8":"tag-fr","9":"tag-france","10":"tag-rugby","11":"tag-rugby-football","12":"tag-sports","13":"tag-stade-francais"},"share_on_mastodon":{"url":"https:\/\/pubeurope.com\/@fr\/114503056277602520","error":""},"_links":{"self":[{"href":"https:\/\/www.europesays.com\/fr\/wp-json\/wp\/v2\/posts\/97939","targetHints":{"allow":["GET"]}}],"collection":[{"href":"https:\/\/www.europesays.com\/fr\/wp-json\/wp\/v2\/posts"}],"about":[{"href":"https:\/\/www.europesays.com\/fr\/wp-json\/wp\/v2\/types\/post"}],"author":[{"embeddable":true,"href":"https:\/\/www.europesays.com\/fr\/wp-json\/wp\/v2\/users\/2"}],"replies":[{"embeddable":true,"href":"https:\/\/www.europesays.com\/fr\/wp-json\/wp\/v2\/comments?post=97939"}],"version-history":[{"count":0,"href":"https:\/\/www.europesays.com\/fr\/wp-json\/wp\/v2\/posts\/97939\/revisions"}],"wp:featuredmedia":[{"embeddable":true,"href":"https:\/\/www.europesays.com\/fr\/wp-json\/wp\/v2\/media\/97940"}],"wp:attachment":[{"href":"https:\/\/www.europesays.com\/fr\/wp-json\/wp\/v2\/media?parent=97939"}],"wp:term":[{"taxonomy":"category","embeddable":true,"href":"https:\/\/www.europesays.com\/fr\/wp-json\/wp\/v2\/categories?post=97939"},{"taxonomy":"post_tag","embeddable":true,"href":"https:\/\/www.europesays.com\/fr\/wp-json\/wp\/v2\/tags?post=97939"}],"curies":[{"name":"wp","href":"https:\/\/api.w.org\/{rel}","templated":true}]}}