{"id":97943,"date":"2025-05-13T23:14:11","date_gmt":"2025-05-13T23:14:11","guid":{"rendered":"https:\/\/www.europesays.com\/fr\/97943\/"},"modified":"2025-05-13T23:14:11","modified_gmt":"2025-05-13T23:14:11","slug":"motogp-quartararo-accable-par-les-commissaires-il-est-suspendu-a-silverstone","status":"publish","type":"post","link":"https:\/\/www.europesays.com\/fr\/97943\/","title":{"rendered":"MotoGP Quartararo accabl\u00e9 par les commissaires, il est suspendu \u00e0 Silverstone !"},"content":{"rendered":"<p>C\u2019est une p\u00e9nalit\u00e9 plut\u00f4t rare, qui vient punir Fabio Quartararo, apr\u00e8s le Grand-Prix de France de MotoGP 2025. En effet, le tricolore vient d\u2019\u00eatre sanctionn\u00e9 par les commissaires sportifs du Mans. Double-peine, donc, pour l\u2019int\u00e9ress\u00e9, qui avait d\u00e9j\u00e0 v\u00e9cu le pire en abandonnant, alors qu\u2019il se battait \u00e0 l\u2019avant de la course, apr\u00e8s sa pole position.<\/p>\n<p>MotoGP : \u00e9trange p\u00e9nalit\u00e9, pour Fabio<\/p>\n<p>Ainsi, le Fran\u00e7ais a \u00e9t\u00e9 charg\u00e9 par les pouvoirs sportifs, pour trois raisons majeures \u00e0 savoir, ne pas avoir respect\u00e9 les instructions directes, avoir caus\u00e9 un danger potentiel et s\u2019\u00eatre comport\u00e9 de mani\u00e8re irresponsable. Pour ces faits, qui sont reproch\u00e9s au pilote Yamaha, FB20 sera donc suspendu, \u00e0 Silverstone, th\u00e9\u00e2tre du Grand-Prix de Grande Bretagne de MotoGP, dans deux semaines. Il vient effectivement d\u2019\u00e9coper de dix minutes de suspension, qui seront appliqu\u00e9es sur les essais libres 1.<\/p>\n<p>En d\u2019autres termes, le tricolore devra patienter dix minutes, une fois la s\u00e9ance lanc\u00e9e, avant de pouvoir y participer. Pourquoi une telle punition, au lieu d\u2019un long-lap ou encore, d\u2019une perte de place sur la grille ? Le myst\u00e8re est entier, pour le moment. Voici le communiqu\u00e9 des commissaires, publi\u00e9 il y a quelques minutes.<\/p>\n<p>Les commissaires FIM #MotoGP ont impos\u00e9 une suspension des 10 premi\u00e8res minutes du #BritishGP FP1 et une amende de 2000 \u20ac au coureur #MotoGP n\u00b020 Fabio Quartararo pour s\u2019\u00eatre comport\u00e9 de mani\u00e8re irresponsable, avoir d\u00e9sob\u00e9i aux instructions directes des commissaires et avoir caus\u00e9 un danger potentiel.<\/p>\n<blockquote class=\"twitter-tweet\">\n<p dir=\"ltr\" lang=\"en\">The FIM <a href=\"https:\/\/twitter.com\/hashtag\/MotoGP?src=hash&amp;ref_src=twsrc%5Etfw\" target=\"_blank\" rel=\"noopener\">#MotoGP<\/a> Stewards have imposed a suspension of the first 10 minutes in the <a href=\"https:\/\/twitter.com\/hashtag\/BritishGP?src=hash&amp;ref_src=twsrc%5Etfw\" target=\"_blank\" rel=\"noopener\">#BritishGP<\/a> FP1 and a 2000\u20ac fine to <a href=\"https:\/\/twitter.com\/hashtag\/MotoGP?src=hash&amp;ref_src=twsrc%5Etfw\" target=\"_blank\" rel=\"noopener\">#MotoGP<\/a> rider #20 Fabio Quartararo for behaving in an irresponsible manner, disobeying direct instructions from marshals and causing potential danger <a href=\"https:\/\/twitter.com\/hashtag\/FrenchGP?src=hash&amp;ref_src=twsrc%5Etfw\" target=\"_blank\" rel=\"noopener\">#FrenchGP<\/a>\u2026<\/p>\n<p>\u2014 MotoGP\u2122\ud83c\udfc1 (@MotoGP) <a href=\"https:\/\/twitter.com\/MotoGP\/status\/1921585529763598418?ref_src=twsrc%5Etfw\" target=\"_blank\" rel=\"noopener\">May 11, 2025<\/a><\/p>\n<\/blockquote>\n<p>Outre cette sanction inhabituelle, c\u2019est le motif de cette derni\u00e8re qui reste encore un peu myst\u00e9rieux. Qu\u2019est-il reproch\u00e9, exactement, \u00e0 Fabio Quartararo ? On imagine que quelque chose s\u2019est pass\u00e9, en dehors de la trajectoire des cam\u00e9ras, qui aurait \u00e9chapp\u00e9 \u00e0 la r\u00e9alisation. Nous esp\u00e9rons obtenir rapidement des pr\u00e9cisions, pour d\u00e9m\u00ealer cette affaire, assez \u00e9nigmatique \u00e0 cette heure\u2026<\/p>\n<p>Article publi\u00e9 le 11\/05\/2025 \u00e0 18h03<\/p>\n<p>                                                            <script async src=\"https:\/\/platform.twitter.com\/widgets.js\" charset=\"utf-8\"><\/script><\/p>\n","protected":false},"excerpt":{"rendered":"C\u2019est une p\u00e9nalit\u00e9 plut\u00f4t rare, qui vient punir Fabio Quartararo, apr\u00e8s le Grand-Prix de France de MotoGP 2025.&hellip;\n","protected":false},"author":2,"featured_media":97944,"comment_status":"","ping_status":"","sticky":false,"template":"","format":"standard","meta":{"footnotes":""},"categories":[1413],"tags":[1680,1011,27,1457,1456,1458,2129,60],"class_list":{"0":"post-97943","1":"post","2":"type-post","3":"status-publish","4":"format-standard","5":"has-post-thumbnail","7":"category-moto","8":"tag-fabio-quartararo","9":"tag-fr","10":"tag-france","11":"tag-moto","12":"tag-motocycle","13":"tag-motogp","14":"tag-pu00e9nalitu00e9","15":"tag-sports"},"share_on_mastodon":{"url":"https:\/\/pubeurope.com\/@fr\/114503068135519787","error":""},"_links":{"self":[{"href":"https:\/\/www.europesays.com\/fr\/wp-json\/wp\/v2\/posts\/97943","targetHints":{"allow":["GET"]}}],"collection":[{"href":"https:\/\/www.europesays.com\/fr\/wp-json\/wp\/v2\/posts"}],"about":[{"href":"https:\/\/www.europesays.com\/fr\/wp-json\/wp\/v2\/types\/post"}],"author":[{"embeddable":true,"href":"https:\/\/www.europesays.com\/fr\/wp-json\/wp\/v2\/users\/2"}],"replies":[{"embeddable":true,"href":"https:\/\/www.europesays.com\/fr\/wp-json\/wp\/v2\/comments?post=97943"}],"version-history":[{"count":0,"href":"https:\/\/www.europesays.com\/fr\/wp-json\/wp\/v2\/posts\/97943\/revisions"}],"wp:featuredmedia":[{"embeddable":true,"href":"https:\/\/www.europesays.com\/fr\/wp-json\/wp\/v2\/media\/97944"}],"wp:attachment":[{"href":"https:\/\/www.europesays.com\/fr\/wp-json\/wp\/v2\/media?parent=97943"}],"wp:term":[{"taxonomy":"category","embeddable":true,"href":"https:\/\/www.europesays.com\/fr\/wp-json\/wp\/v2\/categories?post=97943"},{"taxonomy":"post_tag","embeddable":true,"href":"https:\/\/www.europesays.com\/fr\/wp-json\/wp\/v2\/tags?post=97943"}],"curies":[{"name":"wp","href":"https:\/\/api.w.org\/{rel}","templated":true}]}}