{"id":97949,"date":"2025-05-13T23:17:08","date_gmt":"2025-05-13T23:17:08","guid":{"rendered":"https:\/\/www.europesays.com\/fr\/97949\/"},"modified":"2025-05-13T23:17:08","modified_gmt":"2025-05-13T23:17:08","slug":"larbitre-de-la-finale-psg-stade-de-reims-devoile","status":"publish","type":"post","link":"https:\/\/www.europesays.com\/fr\/97949\/","title":{"rendered":"L&rsquo;arbitre de la finale PSG \/ Stade de Reims d\u00e9voil\u00e9"},"content":{"rendered":"<p><img width=\"600\" height=\"338\" src=\"https:\/\/www.europesays.com\/fr\/wp-content\/uploads\/2025\/05\/goal_benoit-bastien-ligue-1_9cy72tvbbimi15bcqfgphdrrr.jpg\" class=\"attachment-jannah-image-post size-jannah-image-post wp-post-image\" alt=\"Benoit Bastien\" is_main_img=\"1\" decoding=\"async\" fetchpriority=\"high\"  \/><\/p>\n<p>Parmi ses trois derniers matchs de la saison, le<br \/>\n<strong>PSG<\/strong> doit encore disputer la finale de<br \/>\n<strong>Coupe de France<\/strong> face au <strong>Stade de<br \/>\nReims<\/strong>. Pour cette rencontre, l\u2019arbitre vient d\u2019\u00eatre<br \/>\nd\u00e9sign\u00e9.<\/p>\n<p>Ce samedi 17 mai, l\u2019heure sera \u00e0 la c\u00e9l\u00e9bration du c\u00f4t\u00e9 du<br \/>\n<strong>Parc des Princes<\/strong>. En effet, au terme de la 34e et<br \/>\nderni\u00e8re journ\u00e9e de <strong>Ligue 1<\/strong> 2024\/ 2025 face \u00e0<br \/>\nl\u2019<strong>AJ Auxerre<\/strong>, le <strong><a href=\"https:\/\/canal-supporters.com\/\" target=\"_blank\" rel=\"noopener\">PSG<\/a><\/strong> se verra remettre<br \/>\nson 14e titre de champion de France. Dans la foul\u00e9e, c\u2019est la<br \/>\npr\u00e9paration de la finale de la <strong>Coupe de France<\/strong> qui<br \/>\noccupera les esprits du c\u00f4t\u00e9 du <strong>Campus PSG<\/strong>. Une<br \/>\nsemaine apr\u00e8s, les hommes de <strong>Luis Enrique<\/strong><br \/>\nchercheront \u00e0 remporter le 16e sacre de l\u2019histoire du club de la<br \/>\ncapitale dans la comp\u00e9tition la plus ancienne du football fran\u00e7ais.<br \/>\nPour cela, il faudra venir \u00e0 bout du <strong>Stade de<br \/>\nReims<\/strong> le 24 mai prochain au <strong>Stade de<br \/>\nFrance<\/strong>. Pour cette rencontre, la <strong>FFF<\/strong> a<br \/>\nd\u00e9sign\u00e9 le corps arbitral, et c\u2019est Beno\u00eet Bastien qui officiera en<br \/>\ntant que central. Ce dernier sera assist\u00e9 par <strong>Hicham<br \/>\nZakrani<\/strong> et <strong>Aur\u00e9lien Berthomieu<\/strong>. Le r\u00f4le<br \/>\nde quatri\u00e8me arbitre sera assur\u00e9 par <strong>J\u00e9r\u00e9mie<br \/>\nPignard<\/strong>, quand <strong>Nicolas Rainville<\/strong> et<br \/>\n<strong>Marc Bollengier<\/strong> officieront \u00e0 la VAR.<\/p>\n<\/p>\n<p>YouTube : <a href=\"https:\/\/www.youtube.com\/watch?v=oPGu_OfLrZ0\" target=\"_blank\" rel=\"noopener\">Canal Supporters<br \/>\nParis<\/a><\/p>\n","protected":false},"excerpt":{"rendered":"Parmi ses trois derniers matchs de la saison, le PSG doit encore disputer la finale de Coupe de&hellip;\n","protected":false},"author":2,"featured_media":97950,"comment_status":"","ping_status":"","sticky":false,"template":"","format":"standard","meta":{"footnotes":""},"categories":[1410],"tags":[21181,21182,81,82,85,21183,21184,63,1011,27,91,92,93,21185,17166,21186,60,96],"class_list":{"0":"post-97949","1":"post","2":"type-post","3":"status-publish","4":"format-standard","5":"has-post-thumbnail","7":"category-football","8":"tag-arbitre-de-la-rencontre","9":"tag-benoit-bastien","10":"tag-canal-supporters","11":"tag-cdf","12":"tag-fff","13":"tag-finale-de-cdf","14":"tag-finale-de-coupe-de-france","15":"tag-football","16":"tag-fr","17":"tag-france","18":"tag-paris-saint-germain","19":"tag-paris-sg","20":"tag-psg","21":"tag-psg-sdr","22":"tag-psg-stade-de-reims","23":"tag-psgsdr","24":"tag-sports","25":"tag-une"},"share_on_mastodon":{"url":"https:\/\/pubeurope.com\/@fr\/114503079886452191","error":""},"_links":{"self":[{"href":"https:\/\/www.europesays.com\/fr\/wp-json\/wp\/v2\/posts\/97949","targetHints":{"allow":["GET"]}}],"collection":[{"href":"https:\/\/www.europesays.com\/fr\/wp-json\/wp\/v2\/posts"}],"about":[{"href":"https:\/\/www.europesays.com\/fr\/wp-json\/wp\/v2\/types\/post"}],"author":[{"embeddable":true,"href":"https:\/\/www.europesays.com\/fr\/wp-json\/wp\/v2\/users\/2"}],"replies":[{"embeddable":true,"href":"https:\/\/www.europesays.com\/fr\/wp-json\/wp\/v2\/comments?post=97949"}],"version-history":[{"count":0,"href":"https:\/\/www.europesays.com\/fr\/wp-json\/wp\/v2\/posts\/97949\/revisions"}],"wp:featuredmedia":[{"embeddable":true,"href":"https:\/\/www.europesays.com\/fr\/wp-json\/wp\/v2\/media\/97950"}],"wp:attachment":[{"href":"https:\/\/www.europesays.com\/fr\/wp-json\/wp\/v2\/media?parent=97949"}],"wp:term":[{"taxonomy":"category","embeddable":true,"href":"https:\/\/www.europesays.com\/fr\/wp-json\/wp\/v2\/categories?post=97949"},{"taxonomy":"post_tag","embeddable":true,"href":"https:\/\/www.europesays.com\/fr\/wp-json\/wp\/v2\/tags?post=97949"}],"curies":[{"name":"wp","href":"https:\/\/api.w.org\/{rel}","templated":true}]}}