{"id":97951,"date":"2025-05-13T23:18:09","date_gmt":"2025-05-13T23:18:09","guid":{"rendered":"https:\/\/www.europesays.com\/fr\/97951\/"},"modified":"2025-05-13T23:18:09","modified_gmt":"2025-05-13T23:18:09","slug":"au-proces-de-ses-braqueurs-kim-kardashian-ses-diamants-sa-peur-de-mourir-et-le-pardon-actualites","status":"publish","type":"post","link":"https:\/\/www.europesays.com\/fr\/97951\/","title":{"rendered":"Au proc\u00e8s de ses braqueurs, Kim Kardashian, ses diamants, sa peur de \u00ab\u00a0mourir\u00a0\u00bb et le pardon : Actualit\u00e9s"},"content":{"rendered":"<p class=\"lead \">En tailleur haute couture et diamants au cou, la superstar am\u00e9ricaine Kim Kardashian a fait mardi \u00e0 la barre du palais de justice de Paris le r\u00e9cit de son braquage \u00ab\u00a0traumatisant\u00a0\u00bb pendant la Fashion week 2016, accordant m\u00eame un \u00ab\u00a0pardon\u00a0\u00bb \u00e9mu \u00e0 l&rsquo;un des accus\u00e9s.<\/p>\n<p class=\"lead \">Elle aura pass\u00e9 plus de quatre heures devant la cour d&rsquo;assises, droite comme un i, chignon serr\u00e9, ses mains crois\u00e9es sur le pupitre, dans une robe fourreau noire John Galliano \u00e0 \u00e9paulettes et volants. Elle d\u00e9tonne terriblement au milieu des accus\u00e9s qui l&rsquo;entourent, ces \u00ab\u00a0papys braqueurs\u00a0\u00bb comme les a surnomm\u00e9s la presse.<\/p>\n<p class=\"lead \">Arriv\u00e9e sous les flashs au palais de justice, tr\u00e8s attendue par les pr\u00e8s de 500 journalistes du monde entier accr\u00e9dit\u00e9s et autres curieux et fans, elle commence par \u00e9voquer son Paris d&rsquo;avant, cet \u00ab\u00a0endroit magique\u00a0\u00bb o\u00f9 elle se sentait \u00ab\u00a0toujours en s\u00e9curit\u00e9\u00a0\u00bb, m\u00eame quand elle sortait se \u00ab\u00a0promener \u00e0 3H00 du matin\u00a0\u00bb. Mais le braquage \u00ab\u00a0a tout chang\u00e9\u00a0\u00bb. <\/p>\n<p class=\"lead \">La voix se brisant parfois, laissant quelques larmes couler qu&rsquo;elle essuie vite d&rsquo;un mouchoir, elle revient sur cette nuit du 2 au 3 octobre 2016. Elle avait d\u00e9cid\u00e9 de ne pas suivre sa soeur Kourtney en bo\u00eete de nuit et s&rsquo;appr\u00eatait \u00e0 se coucher quand elle a entendu des pas dans les escaliers menant \u00e0 sa chambre.<\/p>\n<p class=\"lead \">Deux hommes habill\u00e9s en policiers, cagoul\u00e9s, pistolet au poing, \u00e9taient entr\u00e9s dans sa chambre d&rsquo;h\u00f4tel, avec le r\u00e9ceptionniste menott\u00e9. L&rsquo;un d&rsquo;eux \u00ab\u00a0m&rsquo;a dit avec un accent fran\u00e7ais +ring ring+, en me montrant son annulaire\u00a0\u00bb, d\u00e9crit la star am\u00e9ricaine de 44 ans. Elle comprend qu&rsquo;il veut sa bague de fian\u00e7ailles, un gros diamant \u00e9valu\u00e9 \u00e0 3,5 millions d&rsquo;euros pos\u00e9 sur sa table de nuit. Ils le prennent, d\u00e9couvrent aussi, ravis, sa boite \u00e0 bijoux. Montant total du butin, jamais retrouv\u00e9: 9 millions d&rsquo;euros.<\/p>\n<p class=\"lead \">&#8211; \u00ab\u00a0Chut and you ok\u00a0\u00bb &#8211;<\/p>\n<p class=\"lead \">Quand l&rsquo;un d&rsquo;eux la jette sur le lit et que son peignoir s&rsquo;ouvre, elle est \u00ab\u00a0persuad\u00e9e\u00a0\u00bb qu&rsquo;elle va \u00eatre \u00ab\u00a0viol\u00e9e\u00a0\u00bb. Mais il ne fera que l&rsquo;attacher, la b\u00e2illonner avec du scotch. \u00ab\u00a0J&rsquo;\u00e9tais compl\u00e8tement hyst\u00e9rique, je r\u00e9p\u00e9tais au r\u00e9ceptionniste +qu&rsquo;est-ce qu&rsquo;il va nous arriver ? Ils peuvent tout prendre mais il faut que je puisse rentrer chez moi, j&rsquo;ai des b\u00e9b\u00e9s+\u00a0\u00bb, se souvient-elle, sa voix se cassant \u00e0 nouveau. \u00ab\u00a0Chut, and you ok\u00a0\u00bb, lui r\u00e9pond-t-on en mauvais anglais.<\/p>\n<p class=\"lead \"> \u00ab\u00a0Vous avez pens\u00e9 mourir, Madame ?\u00a0\u00bb, demande le pr\u00e9sident David De Pas.<\/p>\n<p class=\"lead \">\u00ab\u00a0Absolument, j&rsquo;\u00e9tais certaine que j&rsquo;allais mourir\u00a0\u00bb.<\/p>\n<p class=\"lead \">Les malfrats avaient pris la fuite en voyant que le garde du corps, pr\u00e9venu par la styliste de la star cach\u00e9e dans sa salle de bain, avait essay\u00e9 de joindre Kim Kardashian.<\/p>\n<p class=\"lead \">Depuis, admet l&rsquo;influenceuse, sa vie n&rsquo;est plus la m\u00eame. Fini les partages en direct de ses moindres mouvements sur les r\u00e9seaux sociaux, les gardes du corps sont bien plus nombreux et elle ne \u00ab\u00a0peut pas dormir\u00a0\u00bb s&rsquo;ils ne sont pas chez elle.<\/p>\n<p class=\"lead \">&#8211; Autobronzant et Balenciaga &#8211;<\/p>\n<p class=\"lead \">La pr\u00e9sence de la star aux 356 millions de followers en salle d&rsquo;assises est certainement peu commune. Et donne lieu \u00e0 quelques \u00e9changes improbables. Comme cette question du pr\u00e9sident qui commence par: \u00ab\u00a0Dans l&rsquo;\u00e9pisode 2 de la saison 13 de l&rsquo;incroyable Famille Kardashian, vous dites&#8230;\u00a0\u00bb.<\/p>\n<p class=\"lead \">Ou les moyens mn\u00e9motechniques de Kim Kardashian pour se rappeler quel jour on \u00e9tait: \u00ab\u00a0j&rsquo;\u00e9tais en train de mettre de l&rsquo;autobronzant parce que le lendemain, j&rsquo;allais au d\u00e9fil\u00e9 de Balenciaga sans maquillage\u00a0\u00bb.<\/p>\n<p class=\"lead \">Et le contraste avec les 10 accus\u00e9s est saisissant. Le principal, Aomar A\u00eft Khedache a aujourd&rsquo;hui 69 ans, une canne, le cr\u00e2ne d\u00e9garni et un k-way sur le dos. Il est devenu sourd et quasiment muet.<\/p>\n<p class=\"lead \">En 2017, il avait \u00e9crit une lettre d&rsquo;excuses \u00e0 Kim Kardashian, qu&rsquo;elle n&rsquo;avait jamais re\u00e7ue. Le pr\u00e9sident la lit.<\/p>\n<p class=\"lead \">\u00ab\u00a0Madame\u00a0\u00bb, c&rsquo;est apr\u00e8s \u00ab\u00a0avoir constat\u00e9 votre \u00e9motion et r\u00e9alis\u00e9 les d\u00e9g\u00e2ts psychologiques que je vous ai inflig\u00e9s que j&rsquo;ai d\u00e9cid\u00e9 de vous \u00e9crire\u00a0\u00bb, avait r\u00e9dig\u00e9 l&rsquo;accus\u00e9. \u00ab\u00a0Pas dans le but d&rsquo;obtenir de vous quelconque indulgence, j&rsquo;assume ce que j&rsquo;ai fait\u00a0\u00bb, mais pour \u00ab\u00a0venir vers vous en tant qu&rsquo;\u00eatre humain pour vous dire combien je regrette mon geste\u00a0\u00bb.<\/p>\n<p class=\"lead \">Kim Kardashian se met \u00e0 pleurer. \u00ab\u00a0Naturellement c&rsquo;est tr\u00e8s \u00e9mouvant\u00a0\u00bb et \u00ab\u00a0je crois \u00e0 la deuxi\u00e8me chance\u00a0\u00bb, dit la reine des influenceuses, qui rappelle qu&rsquo;elle \u00e9tudie pour devenir avocate en Californie et est tr\u00e8s investie pour les droits des prisonniers aux Etats-Unis.<\/p>\n<p class=\"lead \">Elle se tourne vers lui, solennelle: \u00ab\u00a0Je vous pardonne\u00a0\u00bb. Mais pr\u00e9cise qu&rsquo;elle veut \u00ab\u00a0\u00eatre entendue et comprise\u00a0\u00bb, et que \u00ab\u00a0\u00e7a ne change rien au traumatisme\u00a0\u00bb.<\/p>\n<p class=\"lead \">Aomar A\u00eft Khedache \u00e9crit sa r\u00e9ponse sur un bout de papier, que le pr\u00e9sident lit: \u00ab\u00a0Ce pardon est un soleil. Je vous remercie. Voil\u00e0 10 ans que le remords et le regret m&rsquo;usent au sens propre du mot\u00a0\u00bb.<\/p>\n<p class=\"small font-weight-bold text-gray3 \"> publi\u00e9 le 13 mai \u00e0 20h56, AFP<\/p>\n<p>                             Partager<\/p>\n","protected":false},"excerpt":{"rendered":"En tailleur haute couture et diamants au cou, la superstar am\u00e9ricaine Kim Kardashian a fait mardi \u00e0 la&hellip;\n","protected":false},"author":2,"featured_media":97952,"comment_status":"","ping_status":"","sticky":false,"template":"","format":"standard","meta":{"footnotes":""},"categories":[1359],"tags":[1120,1971,2105,58,1769,59,1011,27,2425,973,4780,308,1175],"class_list":{"0":"post-97951","1":"post","2":"type-post","3":"status-publish","4":"format-standard","5":"has-post-thumbnail","7":"category-people","8":"tag-agression","9":"tag-clbrits","10":"tag-distribution","11":"tag-divertissement","12":"tag-enqute","13":"tag-entertainment","14":"tag-fr","15":"tag-france","16":"tag-luxe","17":"tag-people","18":"tag-procs","19":"tag-usa","20":"tag-vol"},"share_on_mastodon":{"url":"https:\/\/pubeurope.com\/@fr\/114503084156581907","error":""},"_links":{"self":[{"href":"https:\/\/www.europesays.com\/fr\/wp-json\/wp\/v2\/posts\/97951","targetHints":{"allow":["GET"]}}],"collection":[{"href":"https:\/\/www.europesays.com\/fr\/wp-json\/wp\/v2\/posts"}],"about":[{"href":"https:\/\/www.europesays.com\/fr\/wp-json\/wp\/v2\/types\/post"}],"author":[{"embeddable":true,"href":"https:\/\/www.europesays.com\/fr\/wp-json\/wp\/v2\/users\/2"}],"replies":[{"embeddable":true,"href":"https:\/\/www.europesays.com\/fr\/wp-json\/wp\/v2\/comments?post=97951"}],"version-history":[{"count":0,"href":"https:\/\/www.europesays.com\/fr\/wp-json\/wp\/v2\/posts\/97951\/revisions"}],"wp:featuredmedia":[{"embeddable":true,"href":"https:\/\/www.europesays.com\/fr\/wp-json\/wp\/v2\/media\/97952"}],"wp:attachment":[{"href":"https:\/\/www.europesays.com\/fr\/wp-json\/wp\/v2\/media?parent=97951"}],"wp:term":[{"taxonomy":"category","embeddable":true,"href":"https:\/\/www.europesays.com\/fr\/wp-json\/wp\/v2\/categories?post=97951"},{"taxonomy":"post_tag","embeddable":true,"href":"https:\/\/www.europesays.com\/fr\/wp-json\/wp\/v2\/tags?post=97951"}],"curies":[{"name":"wp","href":"https:\/\/api.w.org\/{rel}","templated":true}]}}