{"id":97955,"date":"2025-05-13T23:20:12","date_gmt":"2025-05-13T23:20:12","guid":{"rendered":"https:\/\/www.europesays.com\/fr\/97955\/"},"modified":"2025-05-13T23:20:12","modified_gmt":"2025-05-13T23:20:12","slug":"bibliotheques-sans-frontieres-ou-vont-vos-livres","status":"publish","type":"post","link":"https:\/\/www.europesays.com\/fr\/97955\/","title":{"rendered":"Biblioth\u00e8ques sans fronti\u00e8res: o\u00f9 vont vos livres?"},"content":{"rendered":"<p class=\"t-content__chapo\">\n                                                En France, comme chaque ann\u00e9e, Biblioth\u00e8ques sans fronti\u00e8res va \u00e0 la rencontre du grand public dans le cadre de la tr\u00e8s grande collecte de livres. \u00c0 peine termin\u00e9, les livres ont une seconde vie. Ils seront redistribu\u00e9s \u00e0 travers le monde dans diff\u00e9rents projets : dans des camps de r\u00e9fugi\u00e9s, mais aussi dans des micro-biblioth\u00e8ques en milieu rural ou en province. L&rsquo;association famille langues cultures, l&rsquo;AFaLaC implant\u00e9e au Mans dans le centre-ouest de la France a re\u00e7u une dotation de 1 300 ouvrages pour alimenter une micro-biblioth\u00e8que tr\u00e8s originale qui accueille beaucoup de famillles \u00e9trang\u00e8res.\u00a0                    <\/p>\n<p>        <img decoding=\"async\" fetchpriority=\"low\" src=\"https:\/\/www.europesays.com\/fr\/wp-content\/uploads\/2025\/05\/collecte-livres-fnac-768x410-1.png\" alt=\"Chaque ann\u00e9e, l'ong Biblioth\u00e8ques sans fronti\u00e8re collecte 800 000 livres aupr\u00e8s d\u2019institutions culturelles, de professionnelles du livre, d\u2019entreprises et de particuliers en France.\"   width=\"980\" height=\"551\" loading=\"eager\" class=\"m-figure__img lazy\"\/><\/p>\n<p>                Chaque ann\u00e9e, l&rsquo;ong Biblioth\u00e8ques sans fronti\u00e8re collecte 800 000 livres aupr\u00e8s d\u2019institutions culturelles, de professionnelles du livre, d\u2019entreprises et de particuliers en France.                \u00a9 Biblioth\u00e8ques sans fronti\u00e8res            <\/p>\n<p><strong><a target=\"_blank\" href=\"https:\/\/www.famillelanguescultures.com\/\" rel=\"noopener\">L&rsquo;association famille langues cultures, l&rsquo;AFaLaC<\/a><\/strong><\/p>\n<p><strong><a target=\"_blank\" href=\"https:\/\/www.bibliosansfrontieres.org\/\" rel=\"noopener\">Biblioth\u00e8que sans fronti\u00e8res<\/a><\/strong><\/p>\n","protected":false},"excerpt":{"rendered":"En France, comme chaque ann\u00e9e, Biblioth\u00e8ques sans fronti\u00e8res va \u00e0 la rencontre du grand public dans le cadre&hellip;\n","protected":false},"author":2,"featured_media":97956,"comment_status":"","ping_status":"","sticky":false,"template":"","format":"standard","meta":{"footnotes":""},"categories":[1357],"tags":[1379,251,58,59,1011,27,1380,5920,3400],"class_list":{"0":"post-97955","1":"post","2":"type-post","3":"status-publish","4":"format-standard","5":"has-post-thumbnail","7":"category-livres","8":"tag-books","9":"tag-culture","10":"tag-divertissement","11":"tag-entertainment","12":"tag-fr","13":"tag-france","14":"tag-livres","15":"tag-reportage-france","16":"tag-solidarite"},"share_on_mastodon":{"url":"https:\/\/pubeurope.com\/@fr\/114503091768073925","error":""},"_links":{"self":[{"href":"https:\/\/www.europesays.com\/fr\/wp-json\/wp\/v2\/posts\/97955","targetHints":{"allow":["GET"]}}],"collection":[{"href":"https:\/\/www.europesays.com\/fr\/wp-json\/wp\/v2\/posts"}],"about":[{"href":"https:\/\/www.europesays.com\/fr\/wp-json\/wp\/v2\/types\/post"}],"author":[{"embeddable":true,"href":"https:\/\/www.europesays.com\/fr\/wp-json\/wp\/v2\/users\/2"}],"replies":[{"embeddable":true,"href":"https:\/\/www.europesays.com\/fr\/wp-json\/wp\/v2\/comments?post=97955"}],"version-history":[{"count":0,"href":"https:\/\/www.europesays.com\/fr\/wp-json\/wp\/v2\/posts\/97955\/revisions"}],"wp:featuredmedia":[{"embeddable":true,"href":"https:\/\/www.europesays.com\/fr\/wp-json\/wp\/v2\/media\/97956"}],"wp:attachment":[{"href":"https:\/\/www.europesays.com\/fr\/wp-json\/wp\/v2\/media?parent=97955"}],"wp:term":[{"taxonomy":"category","embeddable":true,"href":"https:\/\/www.europesays.com\/fr\/wp-json\/wp\/v2\/categories?post=97955"},{"taxonomy":"post_tag","embeddable":true,"href":"https:\/\/www.europesays.com\/fr\/wp-json\/wp\/v2\/tags?post=97955"}],"curies":[{"name":"wp","href":"https:\/\/api.w.org\/{rel}","templated":true}]}}