{"id":979665,"date":"2026-06-05T11:19:08","date_gmt":"2026-06-05T11:19:08","guid":{"rendered":"https:\/\/www.europesays.com\/fr\/979665\/"},"modified":"2026-06-05T11:19:08","modified_gmt":"2026-06-05T11:19:08","slug":"le-president-du-real-madrid-florentino-perez-confirme-larrivee-de-jose-mourinho-denzel-dumfries-et-ibrahima-konate","status":"publish","type":"post","link":"https:\/\/www.europesays.com\/fr\/979665\/","title":{"rendered":"Le pr\u00e9sident du Real Madrid, Florentino P\u00e9rez, confirme l\u2019arriv\u00e9e de Jos\u00e9 Mourinho, Denzel Dumfries et Ibrahima Konat\u00e9"},"content":{"rendered":"<p><strong>Denzel Dumfries est officiellement devenu joueur du Real Madrid, a annonc\u00e9 le pr\u00e9sident du club, Florentino P\u00e9rez. Ce dernier a \u00e9galement confirm\u00e9 les arriv\u00e9es de Jos\u00e9 Mourinho et d\u2019Ibrahima Konat\u00e9.<\/strong><\/p>\n<p>\u00ab Nous avons recrut\u00e9 Denzel Dumfries \u00bb, a confirm\u00e9 P\u00e9rez lors de l\u2019\u00e9mission t\u00e9l\u00e9vis\u00e9e Horizonte. \u00ab Il rejoint Konat\u00e9 et Mourinho, dont les arriv\u00e9es sont \u00e9galement finalis\u00e9es. \u00bb<\/p>\n<p>L\u2019arriv\u00e9e de l\u2019international n\u00e9erlandais, d\u00e9j\u00e0 \u00e9voqu\u00e9e ces derniers jours, \u00e9tait donc attendue.<\/p>\n<p>Selon les informations disponibles, le club madril\u00e8ne activerait la clause lib\u00e9ratoire de 20 millions d\u2019euros inscrite dans le contrat du N\u00e9erlandais, appel\u00e9 \u00e0 succ\u00e9der \u00e0 Dani Carvajal. Ce dernier pourrait prendre le chemin inverse, Milan ayant manifest\u00e9 son int\u00e9r\u00eat. Dumfries s\u2019est engag\u00e9 jusqu\u2019en juin 2030.<\/p>\n<p>Mercredi, le N\u00e9erlandais a d\u00e9j\u00e0 pass\u00e9 sa visite m\u00e9dicale, comme l\u2019a confirm\u00e9 le s\u00e9lectionneur Ronald Koeman ; celle-ci a \u00e9t\u00e9 effectu\u00e9e aux Pays-Bas, afin de ne pas perturber les pr\u00e9paratifs de la Coupe du monde.<\/p>\n<p>Mourinho, d\u00e9j\u00e0 entra\u00eeneur du Real de 2010 \u00e0 2013, revient donc au bercail. Son club actuel, Benfica, a confirm\u00e9 jeudi l\u2019existence d\u2019une clause lib\u00e9ratoire de 15 millions d\u2019euros, que les Merengue s\u2019appr\u00eatent \u00e0 activer.<\/p>\n<p>Enfin, l\u2019arriv\u00e9e de Konat\u00e9, libre de tout contrat avec Liverpool cet \u00e9t\u00e9, n\u2019est pas non plus une surprise : il a d\u00e9j\u00e0 trouv\u00e9 un accord verbal pour un contrat de quatre ans avec le Real, selon Fabrizio Romano.<\/p>\n","protected":false},"excerpt":{"rendered":"Denzel Dumfries est officiellement devenu joueur du Real Madrid, a annonc\u00e9 le pr\u00e9sident du club, Florentino P\u00e9rez. Ce&hellip;\n","protected":false},"author":2,"featured_media":979666,"comment_status":"","ping_status":"","sticky":false,"template":"","format":"standard","meta":{"footnotes":"","_share_on_mastodon":"0"},"categories":[2],"tags":[11,103127,1011,27,15820,100654,12,4790,25],"class_list":["post-979665","post","type-post","status-publish","format-standard","has-post-thumbnail","category-actualites","tag-actualites","tag-d-dumfries","tag-fr","tag-france","tag-i-konate","tag-j-mourinho","tag-news","tag-real-madrid","tag-republique-francaise"],"share_on_mastodon":{"url":"https:\/\/pubeurope.com\/@fr\/116697233346942423","error":""},"_links":{"self":[{"href":"https:\/\/www.europesays.com\/fr\/wp-json\/wp\/v2\/posts\/979665","targetHints":{"allow":["GET"]}}],"collection":[{"href":"https:\/\/www.europesays.com\/fr\/wp-json\/wp\/v2\/posts"}],"about":[{"href":"https:\/\/www.europesays.com\/fr\/wp-json\/wp\/v2\/types\/post"}],"author":[{"embeddable":true,"href":"https:\/\/www.europesays.com\/fr\/wp-json\/wp\/v2\/users\/2"}],"replies":[{"embeddable":true,"href":"https:\/\/www.europesays.com\/fr\/wp-json\/wp\/v2\/comments?post=979665"}],"version-history":[{"count":0,"href":"https:\/\/www.europesays.com\/fr\/wp-json\/wp\/v2\/posts\/979665\/revisions"}],"wp:featuredmedia":[{"embeddable":true,"href":"https:\/\/www.europesays.com\/fr\/wp-json\/wp\/v2\/media\/979666"}],"wp:attachment":[{"href":"https:\/\/www.europesays.com\/fr\/wp-json\/wp\/v2\/media?parent=979665"}],"wp:term":[{"taxonomy":"category","embeddable":true,"href":"https:\/\/www.europesays.com\/fr\/wp-json\/wp\/v2\/categories?post=979665"},{"taxonomy":"post_tag","embeddable":true,"href":"https:\/\/www.europesays.com\/fr\/wp-json\/wp\/v2\/tags?post=979665"}],"curies":[{"name":"wp","href":"https:\/\/api.w.org\/{rel}","templated":true}]}}