{"id":979923,"date":"2026-06-05T14:08:16","date_gmt":"2026-06-05T14:08:16","guid":{"rendered":"https:\/\/www.europesays.com\/fr\/979923\/"},"modified":"2026-06-05T14:08:16","modified_gmt":"2026-06-05T14:08:16","slug":"affaire-xavier-dupont-de-ligonnes-le-faux-pere-marc-un-affabulateur-qui-risque-dentraver-la-justice","status":"publish","type":"post","link":"https:\/\/www.europesays.com\/fr\/979923\/","title":{"rendered":"Affaire Xavier Dupont de Ligonn\u00e8s : le faux \u00abp\u00e8re Marc\u00bb, un affabulateur qui risque d\u2019entraver la justice"},"content":{"rendered":"<p>\n    Le faux religieux qui a affirm\u00e9 sur M6 mardi soir avoir confess\u00e9 Xavier Dupont de Ligonn\u00e8s en 2022 a depuis multipli\u00e9 les versions, allant jusqu\u2019\u00e0 pr\u00e9tendre \u00eatre le fugitif lui-m\u00eame et disposer d\u2019un passeport \u00e0 son nom.<\/p>\n<p class=\"fig-paragraph\">Il aura fallu moins de vingt-quatre heures pour que le spectaculaire\u00a0<a href=\"http:\/\/www.lefigaro.fr\/faits-divers\/interpelle-en-ecosse-ou-dans-un-casino-apercu-dans-des-monasteres-derriere-l-enigme-xavier-dupont-de-ligonnes-quinze-annees-de-chasse-au-fantome-20260604\" data-fig-type=\"Article\" data-gtm-custom-categorie=\"navigation\" data-gtm-custom-action=\"crossclick\" data-gtm-custom-label=\"Contextuel\" data-gtm-event=\"customEventSPE\" data-fig-domain=\"LEFIGARO\" rel=\"nofollow noopener\" target=\"_blank\">t\u00e9moignage du \u00ab p\u00e8re Marc\u00a0\u00bb<\/a> \u00a0s\u2019effondre. Mardi soir, en direct dans l\u2019\u00e9mission Appel \u00e0 t\u00e9moins sur M6, cet homme se pr\u00e9sentant comme un pr\u00eatre du dioc\u00e8se de Narbonne affirmait au t\u00e9l\u00e9phone avoir recueilli en confession les aveux de\u00a0<a href=\"https:\/\/video.lefigaro.fr\/figaro\/faits-divers\/fausses-revelations-sur-xavier-dupont-de-ligonnes-jamais-personne-ne-m-a-contacte-a-propos-de-l-affaire-evoquee-denonce-l-eveque-de-carcassonne-20260603\" data-fig-type=\"Video\" data-gtm-custom-categorie=\"navigation\" data-gtm-custom-action=\"crossclick\" data-gtm-custom-label=\"Contextuel\" data-gtm-event=\"customEventSPE\" data-fig-domain=\"LEFIGARO\" rel=\"nofollow noopener\" target=\"_blank\">Xavier Dupont de Ligonn\u00e8s<\/a>\u00a0en 2022. Quelques heures plus tard, l\u2019\u00e9v\u00eaque de Carcassonne d\u00e9mentait formellement l\u2019existence de ce religieux et annon\u00e7ait<a href=\"https:\/\/tvmag.lefigaro.fr\/programme-tv\/actu-tele\/nous-ne-pouvons-qu-etre-choques-l-arcom-reagit-au-faux-temoignage-sur-xavier-dupont-de-ligonnes-sur-m6-20260604\" data-fig-type=\"Article\" data-gtm-custom-categorie=\"navigation\" data-gtm-custom-action=\"crossclick\" data-gtm-custom-label=\"Contextuel\" data-gtm-event=\"customEventSPE\" data-fig-domain=\"TVMAG\" rel=\"nofollow noopener\" target=\"_blank\">\u00a0saisir l\u2019Arcom<\/a>. Depuis, une question demeure\u00a0: qui se cache derri\u00e8re ce myst\u00e9rieux imposteur\u00a0?<\/p>\n<p class=\"fig-paragraph\">Sur le plateau, l\u2019homme appara\u00eet surtout comme un t\u00e9moin peu disert, dont les d\u00e9clarations sont largement guid\u00e9es par les questions de Julien Courbet. \u00ab Donc en 2022, Xavier Dupont de Ligonn\u00e8s s\u2019est confi\u00e9 \u00e0 vous\u00a0?\u00a0\u00bb, demande l\u2019animateur. \u00ab Exactement\u00a0\u00bb, r\u00e9pond le pr\u00e9tendu pr\u00eatre. \u00ab Il vous a dit\u00a0: j\u2019ai tu\u00e9 ma famille et je veux me confesser\u00a0?\u00a0\u00bb \u00ab Exactement\u00a0\u00bb, r\u00e9p\u00e8te-t-il. \u00c0 plusieurs reprises, il assure\u2026<\/p>\n<p class=\"fig-premium-paywall__infos\">\n        Cet article est r\u00e9serv\u00e9 aux abonn\u00e9s.        Il vous reste 77% \u00e0 d\u00e9couvrir.\n    <\/p>\n<p>                <img  data- alt=\"Le Figaro\" class=\"fig-img--complete fig-img\"\/><\/p>\n<p class=\"fig-premium-paywall__title\">Vous avez envie de lire la suite ?<\/p>\n<p class=\"fig-premium-paywall__subtitle\">D\u00e9bloquez tous les articles imm\u00e9diatement.<\/p>\n<p class=\"fig-premium-paywall__connect\">\n                D\u00e9j\u00e0 abonn\u00e9\u00a0?                <a class=\"fig-premium-paywall__connect-link\" href=\"https:\/\/connect.lefigaro.fr\/login?client=horizon_web&amp;type=main&amp;redirect_uri=https%3A%2F%2Fwww.lefigaro.fr%2Ffaits-divers%2Faffaire-xavier-dupont-de-ligonnes-le-faux-pere-marc-un-affabulateur-qui-risque-d-entraver-la-justice-20260605\" data-js-gtm=\"{&quot;event&quot;:&quot;customEventGA4&quot;,&quot;eventName&quot;:&quot;click_action&quot;,&quot;feature&quot;:&quot;paywall&quot;,&quot;location&quot;:&quot;paywall&quot;,&quot;button_action&quot;:&quot;connect&quot;,&quot;click_text&quot;:&quot;Connectez-vous&quot;}\" rel=\"nofollow noopener\" target=\"_blank\"><br \/>\n                    Connectez-vous<br \/>\n                <\/a>\n            <\/p>\n","protected":false},"excerpt":{"rendered":"Le faux religieux qui a affirm\u00e9 sur M6 mardi soir avoir confess\u00e9 Xavier Dupont de Ligonn\u00e8s en 2022&hellip;\n","protected":false},"author":2,"featured_media":979924,"comment_status":"","ping_status":"","sticky":false,"template":"","format":"standard","meta":{"footnotes":"","_share_on_mastodon":"0"},"categories":[4],"tags":[11,1011,27,12,5969,25,32408,15638],"class_list":["post-979923","post","type-post","status-publish","format-standard","has-post-thumbnail","category-france","tag-actualites","tag-fr","tag-france","tag-news","tag-pretre","tag-republique-francaise","tag-usurpation-didentite","tag-xavier-dupont-de-ligonnes"],"share_on_mastodon":{"url":"https:\/\/pubeurope.com\/@fr\/116697897928772228","error":""},"_links":{"self":[{"href":"https:\/\/www.europesays.com\/fr\/wp-json\/wp\/v2\/posts\/979923","targetHints":{"allow":["GET"]}}],"collection":[{"href":"https:\/\/www.europesays.com\/fr\/wp-json\/wp\/v2\/posts"}],"about":[{"href":"https:\/\/www.europesays.com\/fr\/wp-json\/wp\/v2\/types\/post"}],"author":[{"embeddable":true,"href":"https:\/\/www.europesays.com\/fr\/wp-json\/wp\/v2\/users\/2"}],"replies":[{"embeddable":true,"href":"https:\/\/www.europesays.com\/fr\/wp-json\/wp\/v2\/comments?post=979923"}],"version-history":[{"count":0,"href":"https:\/\/www.europesays.com\/fr\/wp-json\/wp\/v2\/posts\/979923\/revisions"}],"wp:featuredmedia":[{"embeddable":true,"href":"https:\/\/www.europesays.com\/fr\/wp-json\/wp\/v2\/media\/979924"}],"wp:attachment":[{"href":"https:\/\/www.europesays.com\/fr\/wp-json\/wp\/v2\/media?parent=979923"}],"wp:term":[{"taxonomy":"category","embeddable":true,"href":"https:\/\/www.europesays.com\/fr\/wp-json\/wp\/v2\/categories?post=979923"},{"taxonomy":"post_tag","embeddable":true,"href":"https:\/\/www.europesays.com\/fr\/wp-json\/wp\/v2\/tags?post=979923"}],"curies":[{"name":"wp","href":"https:\/\/api.w.org\/{rel}","templated":true}]}}