{"id":980225,"date":"2026-06-05T17:09:16","date_gmt":"2026-06-05T17:09:16","guid":{"rendered":"https:\/\/www.europesays.com\/fr\/980225\/"},"modified":"2026-06-05T17:09:16","modified_gmt":"2026-06-05T17:09:16","slug":"le-livre-tripes-boyaux-recompense-du-prix-bistrot-de-paris","status":"publish","type":"post","link":"https:\/\/www.europesays.com\/fr\/980225\/","title":{"rendered":"Le livre \u00abTripes &#038; boyaux\u00bb r\u00e9compens\u00e9 du prix Bistrot de Paris"},"content":{"rendered":"<p>\n    L\u2019ouvrage de Blandine Vi\u00e9 d\u00e9di\u00e9 aux andouillettes, boudins et autres saucissons a \u00e9t\u00e9 sacr\u00e9, jeudi, au Petit Saint-Beno\u00eet, lors de la deuxi\u00e8me \u00e9dition de ce prix organis\u00e9 par la radio ICI Paris \u00cele-de-France.<\/p>\n<p class=\"fig-paragraph\">Le jury du prix \u00abBistrot de Paris\u00bb, lanc\u00e9 par Thierry Boeuf, \u00e0 la t\u00eate depuis cinq ans de la chronique \u00e9ponyme sur la radio ICI Paris \u00cele-de-France, s\u2019est r\u00e9uni, jeudi, au restaurant le Petit Saint-Beno\u00eet (Paris 6e) &#8211; le m\u00eame o\u00f9 Marguerite Duras avait ses habitudes -, pour c\u00e9l\u00e9brer la deuxi\u00e8me \u00e9dition de son troph\u00e9e r\u00e9compensant le meilleur livre culinaire de l\u2019ann\u00e9e.<\/p>\n<p class=\"fig-paragraph\">Apr\u00e8s La Tourn\u00e9e des Patrons de Bruno Carlhian et Le Paul Bert de\u00a0<a href=\"http:\/\/www.lefigaro.fr\/gastronomie\/auboyneau-mimoun-martinez-ces-huit-tauliers-emblematiques-de-la-restauration-parisienne-20260529\" data-fig-type=\"Article\" data-gtm-custom-categorie=\"navigation\" data-gtm-custom-action=\"crossclick\" data-gtm-custom-label=\"Contextuel\" data-gtm-event=\"customEventSPE\" data-fig-domain=\"LEFIGARO\" rel=\"nofollow noopener\" target=\"_blank\">Bertrand Auboyneau<\/a>\u00a0l\u2019an dernier, c\u2019est Tripes et Boyaux, sous-titr\u00e9 \u00abL\u2019insolite et insolente cuisine culturelle du ventre\u00bb (Le Cherche Midi), de Blandine Vi\u00e9, qui l\u2019a emport\u00e9.<\/p>\n<p>                                            <a class=\"fig-a11y-skip\" href=\"#fig-a11y-skip-main-inarticle\" is=\"fig-a11y-skip\" data-trigger-mode=\"visible-once\"><br \/>\n    Passer la publicit\u00e9<br \/>\n<\/a>            <\/p>\n<p class=\"fig-paragraph\">Le jury compos\u00e9 de 12 membres, parrain\u00e9 par le chanteur Ga\u00ebtan Roussel, et compos\u00e9, entre autres, de G\u00e9rard Pont, Charlotte Epale, Pia Clemens ou Yves Thr\u00e9ard, a fait son choix parmi 7 ouvrages choisis par M. Boeuf. En plus du laur\u00e9at consacr\u00e9 aux abats, le journaliste d\u00e9fenseur du bistrot &#8211; aveyronnais de pr\u00e9f\u00e9rence, mais pas que\u00a0! &#8211; avait ainsi soumis au vote une s\u00e9lection de livres culinaires \u00abax\u00e9e litt\u00e9rature\u00bb:\u00a0<a href=\"http:\/\/www.lefigaro.fr\/livres\/la-recette-de-bruno-verjus-apocalypse-du-plaisir-20260410\" data-fig-type=\"Article\" data-gtm-custom-categorie=\"navigation\" data-gtm-custom-action=\"crossclick\" data-gtm-custom-label=\"Contextuel\" data-gtm-event=\"customEventSPE\" data-fig-domain=\"LEFIGARO\" rel=\"nofollow noopener\" target=\"_blank\">La Recette<\/a> \u00a0de Bruno Verjus, Petite philosophie du flan d\u2019Alexis Le Rossignol, On ne parle pas la bouche pleine d\u2019Alain Kruger, Petite histoire de la t\u00eate de veau de Pierre Michon, Petit \u00e9loge des caf\u00e9s de L\u00e9a Wiazemsky et Plaidoyer pour le gras de Christophe Lavelle avec Fr\u00e9d\u00e9rick e. Grasser Herm\u00e9.<\/p>\n<p>                                            \u00ab\u00c9crire avec ses tripes\u00bb<\/p>\n<p class=\"fig-paragraph\">Tripes et Boyaux, qui a \u00e9galement re\u00e7u le prix Rabelais, est l\u2019\u0153uvre de la journaliste et auteur culinaire Blandine Vi\u00e9, qui a d\u00e9j\u00e0 sign\u00e9 plus de 150 ouvrages, dont plusieurs consacr\u00e9s aux abats, et fond\u00e9 le blog\u00a0<a href=\"https:\/\/gretagarbure.com\/\" target=\"_blank\" rel=\"nofollow noopener\" data-gtm-custom-categorie=\"navigation\" data-gtm-custom-action=\"crossclick\" data-gtm-custom-label=\"Contextuel\" data-gtm-event=\"customEventSPE\">Gretagarbure.com\u00a0\u00a0<\/a> \u00abC\u2019est une \u00e9rudite formidable, s\u2019enthousiasme M.Boeuf. Son livre dit tout des abats dans la gastronomie, mais tourne aussi beaucoup autour de la litt\u00e9rature, avec beaucoup d\u2019humour et de malice.\u00bb<\/p>\n<p class=\"fig-paragraph\">Plus qu\u2019un livre de cuisine &#8211; bien qu\u2019il se conclue par douze recettes canailles, des andouillettes \u00e0 la vouvrillonne au tablier de sapeur sauce gribiche &#8211; , Tripes et Boyaux est un voyage dans l\u2019histoire, les mythes et la litt\u00e9rature fran\u00e7aise sur les traces des abats et saucisses. Un savoureux dictionnaire riche en citations d\u00e9taille ainsi l\u2019origine d\u2019expressions telle qu\u2019\u00ab\u00e9crire avec ses tripes\u00bb ou \u00abfinir en queue de boudin\u00bb. De quoi nourrir autant le corps que l\u2019esprit.<\/p>\n","protected":false},"excerpt":{"rendered":"L\u2019ouvrage de Blandine Vi\u00e9 d\u00e9di\u00e9 aux andouillettes, boudins et autres saucissons a \u00e9t\u00e9 sacr\u00e9, jeudi, au Petit Saint-Beno\u00eet,&hellip;\n","protected":false},"author":2,"featured_media":980226,"comment_status":"","ping_status":"","sticky":false,"template":"","format":"standard","meta":{"footnotes":"","_share_on_mastodon":"0"},"categories":[1888],"tags":[11,19808,1777,674,1011,27,12,626,25],"class_list":["post-980225","post","type-post","status-publish","format-standard","has-post-thumbnail","category-paris","tag-actualites","tag-bistrot","tag-eu","tag-europe","tag-fr","tag-france","tag-news","tag-paris","tag-republique-francaise"],"share_on_mastodon":{"url":"https:\/\/pubeurope.com\/@fr\/116698609294688282","error":""},"_links":{"self":[{"href":"https:\/\/www.europesays.com\/fr\/wp-json\/wp\/v2\/posts\/980225","targetHints":{"allow":["GET"]}}],"collection":[{"href":"https:\/\/www.europesays.com\/fr\/wp-json\/wp\/v2\/posts"}],"about":[{"href":"https:\/\/www.europesays.com\/fr\/wp-json\/wp\/v2\/types\/post"}],"author":[{"embeddable":true,"href":"https:\/\/www.europesays.com\/fr\/wp-json\/wp\/v2\/users\/2"}],"replies":[{"embeddable":true,"href":"https:\/\/www.europesays.com\/fr\/wp-json\/wp\/v2\/comments?post=980225"}],"version-history":[{"count":0,"href":"https:\/\/www.europesays.com\/fr\/wp-json\/wp\/v2\/posts\/980225\/revisions"}],"wp:featuredmedia":[{"embeddable":true,"href":"https:\/\/www.europesays.com\/fr\/wp-json\/wp\/v2\/media\/980226"}],"wp:attachment":[{"href":"https:\/\/www.europesays.com\/fr\/wp-json\/wp\/v2\/media?parent=980225"}],"wp:term":[{"taxonomy":"category","embeddable":true,"href":"https:\/\/www.europesays.com\/fr\/wp-json\/wp\/v2\/categories?post=980225"},{"taxonomy":"post_tag","embeddable":true,"href":"https:\/\/www.europesays.com\/fr\/wp-json\/wp\/v2\/tags?post=980225"}],"curies":[{"name":"wp","href":"https:\/\/api.w.org\/{rel}","templated":true}]}}