{"id":98023,"date":"2025-05-14T00:00:10","date_gmt":"2025-05-14T00:00:10","guid":{"rendered":"https:\/\/www.europesays.com\/fr\/98023\/"},"modified":"2025-05-14T00:00:10","modified_gmt":"2025-05-14T00:00:10","slug":"previsions-du-mercredi-14-mai-2025-8","status":"publish","type":"post","link":"https:\/\/www.europesays.com\/fr\/98023\/","title":{"rendered":"pr\u00e9visions du mercredi 14 mai 2025"},"content":{"rendered":"<p>Marseille aura le plaisir de pouvoir profiter d&rsquo;une superbe journ\u00e9e ensoleill\u00e9e. Il va faire 17\u00b0C en moyenne. Un vent de sud soufflera l\u00e9g\u00e8rement, avec 6 km\/h. Le matin, on anticipe des temp\u00e9ratures d&rsquo;environ 18\u00b0C. Les valeurs iront de 17 \u00e0 18\u00b0C sur l&rsquo;ensemble de la soir\u00e9e. Une nuit claire vous attendra entre mercredi et jeudi.<\/p>\n<p>C&rsquo;est un soleil radieux qui va se montrer demain sur Marseille. C&rsquo;est une hausse de quelques degr\u00e9s que vont enregistrer les temp\u00e9ratures. Ces valeurs s&rsquo;\u00e9chelonneront entre 16 et 24\u00b0C. Un vent de nord-ouest rafra\u00eechira l\u00e9g\u00e8rement l&rsquo;atmosph\u00e8re. Le matin, le mercure affichera 19\u00b0C en moyenne. Les temp\u00e9ratures vont grimper pendant l&rsquo;apr\u00e8s-midi de quelques degr\u00e9s. Les valeurs seront comprises entre 22 et 24\u00b0C. Les temp\u00e9ratures seront de 20\u00b0C au minimum et de 22\u00b0C au plus haut la soir\u00e9e.<\/p>\n<p>Le temps restera inchang\u00e9 les jours \u00e0 venir. Le temps sera ensoleill\u00e9 avec des temp\u00e9ratures avoisinant 18\u00b0C.<\/p>\n<p><\/p>\n","protected":false},"excerpt":{"rendered":"Marseille aura le plaisir de pouvoir profiter d&rsquo;une superbe journ\u00e9e ensoleill\u00e9e. Il va faire 17\u00b0C en moyenne. Un&hellip;\n","protected":false},"author":2,"featured_media":98024,"comment_status":"","ping_status":"","sticky":false,"template":"","format":"standard","meta":{"footnotes":""},"categories":[2814],"tags":[1111,11,885,1777,674,1011,27,884,12,883,2119,882,25],"class_list":{"0":"post-98023","1":"post","2":"type-post","3":"status-publish","4":"format-standard","5":"has-post-thumbnail","7":"category-marseille","8":"tag-actu","9":"tag-actualites","10":"tag-bouches-du-rhone","11":"tag-eu","12":"tag-europe","13":"tag-fr","14":"tag-france","15":"tag-marseille","16":"tag-news","17":"tag-paca","18":"tag-previsions-meteo","19":"tag-provence-alpes-cote-dazur","20":"tag-republique-francaise"},"share_on_mastodon":{"url":"https:\/\/pubeurope.com\/@fr\/114503249017790803","error":""},"_links":{"self":[{"href":"https:\/\/www.europesays.com\/fr\/wp-json\/wp\/v2\/posts\/98023","targetHints":{"allow":["GET"]}}],"collection":[{"href":"https:\/\/www.europesays.com\/fr\/wp-json\/wp\/v2\/posts"}],"about":[{"href":"https:\/\/www.europesays.com\/fr\/wp-json\/wp\/v2\/types\/post"}],"author":[{"embeddable":true,"href":"https:\/\/www.europesays.com\/fr\/wp-json\/wp\/v2\/users\/2"}],"replies":[{"embeddable":true,"href":"https:\/\/www.europesays.com\/fr\/wp-json\/wp\/v2\/comments?post=98023"}],"version-history":[{"count":0,"href":"https:\/\/www.europesays.com\/fr\/wp-json\/wp\/v2\/posts\/98023\/revisions"}],"wp:featuredmedia":[{"embeddable":true,"href":"https:\/\/www.europesays.com\/fr\/wp-json\/wp\/v2\/media\/98024"}],"wp:attachment":[{"href":"https:\/\/www.europesays.com\/fr\/wp-json\/wp\/v2\/media?parent=98023"}],"wp:term":[{"taxonomy":"category","embeddable":true,"href":"https:\/\/www.europesays.com\/fr\/wp-json\/wp\/v2\/categories?post=98023"},{"taxonomy":"post_tag","embeddable":true,"href":"https:\/\/www.europesays.com\/fr\/wp-json\/wp\/v2\/tags?post=98023"}],"curies":[{"name":"wp","href":"https:\/\/api.w.org\/{rel}","templated":true}]}}