{"id":98025,"date":"2025-05-14T00:01:08","date_gmt":"2025-05-14T00:01:08","guid":{"rendered":"https:\/\/www.europesays.com\/fr\/98025\/"},"modified":"2025-05-14T00:01:08","modified_gmt":"2025-05-14T00:01:08","slug":"previsions-du-mercredi-14-mai-2025-9","status":"publish","type":"post","link":"https:\/\/www.europesays.com\/fr\/98025\/","title":{"rendered":"pr\u00e9visions du mercredi 14 mai 2025"},"content":{"rendered":"<p>Lyon va conna\u00eetre une magnifique journ\u00e9e tr\u00e8s ensoleill\u00e9e. Le thermom\u00e8tre affichera 17\u00b0C en moyenne. Une brise de nord-est soufflera doucement dans la matin\u00e9e. Les temp\u00e9ratures vont enregistrer une hausse de plusieurs degr\u00e9s dans l&rsquo;apr\u00e8s-midi. Les valeurs afficheront entre 22\u00b0C et 23\u00b0C. Le soir, on pr\u00e9voit des temp\u00e9ratures avoisinant 17\u00b0C. Une nuit claire vous attendra entre mercredi et jeudi.<\/p>\n<p>Demain, les Lyonnais vont pouvoir b\u00e9n\u00e9ficier d&rsquo;un soleil radieux. Une baisse du mercure est \u00e0 craindre. Il va faire environ 16\u00b0C. Un petit vent de nord-ouest sera ressenti par les habitants. Dans la matin\u00e9e, les temp\u00e9ratures seront de 17\u00b0C. Les valeurs vont conna\u00eetre une augmentation de quelques degr\u00e9s pendant l&rsquo;apr\u00e8s-midi. Les valeurs seront de 19\u00b0C au minimum et de 22\u00b0C au maximum. Les temp\u00e9ratures avoisineront les 15\u00b0C au cours de la soir\u00e9e.<\/p>\n<p>Les jours passent et se ressemblent. Des temp\u00e9ratures dans les 14\u00b0C iront de pair avec un ciel ensoleill\u00e9.<\/p>\n<p><\/p>\n","protected":false},"excerpt":{"rendered":"Lyon va conna\u00eetre une magnifique journ\u00e9e tr\u00e8s ensoleill\u00e9e. Le thermom\u00e8tre affichera 17\u00b0C en moyenne. Une brise de nord-est&hellip;\n","protected":false},"author":2,"featured_media":98026,"comment_status":"","ping_status":"","sticky":false,"template":"","format":"standard","meta":{"footnotes":""},"categories":[1889],"tags":[1111,11,2430,1777,674,1011,27,2428,12,2119,25,2429,2431],"class_list":{"0":"post-98025","1":"post","2":"type-post","3":"status-publish","4":"format-standard","5":"has-post-thumbnail","7":"category-lyon","8":"tag-actu","9":"tag-actualites","10":"tag-auvergne-rhone-alpes","11":"tag-eu","12":"tag-europe","13":"tag-fr","14":"tag-france","15":"tag-lyon","16":"tag-news","17":"tag-previsions-meteo","18":"tag-republique-francaise","19":"tag-rhone","20":"tag-rhone-alpes"},"share_on_mastodon":{"url":"https:\/\/pubeurope.com\/@fr\/114503253009330737","error":""},"_links":{"self":[{"href":"https:\/\/www.europesays.com\/fr\/wp-json\/wp\/v2\/posts\/98025","targetHints":{"allow":["GET"]}}],"collection":[{"href":"https:\/\/www.europesays.com\/fr\/wp-json\/wp\/v2\/posts"}],"about":[{"href":"https:\/\/www.europesays.com\/fr\/wp-json\/wp\/v2\/types\/post"}],"author":[{"embeddable":true,"href":"https:\/\/www.europesays.com\/fr\/wp-json\/wp\/v2\/users\/2"}],"replies":[{"embeddable":true,"href":"https:\/\/www.europesays.com\/fr\/wp-json\/wp\/v2\/comments?post=98025"}],"version-history":[{"count":0,"href":"https:\/\/www.europesays.com\/fr\/wp-json\/wp\/v2\/posts\/98025\/revisions"}],"wp:featuredmedia":[{"embeddable":true,"href":"https:\/\/www.europesays.com\/fr\/wp-json\/wp\/v2\/media\/98026"}],"wp:attachment":[{"href":"https:\/\/www.europesays.com\/fr\/wp-json\/wp\/v2\/media?parent=98025"}],"wp:term":[{"taxonomy":"category","embeddable":true,"href":"https:\/\/www.europesays.com\/fr\/wp-json\/wp\/v2\/categories?post=98025"},{"taxonomy":"post_tag","embeddable":true,"href":"https:\/\/www.europesays.com\/fr\/wp-json\/wp\/v2\/tags?post=98025"}],"curies":[{"name":"wp","href":"https:\/\/api.w.org\/{rel}","templated":true}]}}