{"id":98027,"date":"2025-05-14T00:02:17","date_gmt":"2025-05-14T00:02:17","guid":{"rendered":"https:\/\/www.europesays.com\/fr\/98027\/"},"modified":"2025-05-14T00:02:17","modified_gmt":"2025-05-14T00:02:17","slug":"lyon-cet-hotel-de-luxe-historique-rouvre-apres-de-longs-travaux-voici-les-premieres-photos","status":"publish","type":"post","link":"https:\/\/www.europesays.com\/fr\/98027\/","title":{"rendered":"Lyon. Cet h\u00f4tel de luxe historique rouvre apr\u00e8s de longs travaux : voici les premi\u00e8res photos"},"content":{"rendered":"<p>            Par<br \/>\n        <strong><br \/>\n            <a href=\"https:\/\/actu.fr\/auteur\/nicolas-zaugra\" title=\"Consulter tous les articles de Nicolas Zaugra\" rel=\"nofollow noopener\" target=\"_blank\">Nicolas Zaugra<\/a><br \/>\n        <\/strong><\/p>\n<p>        Publi\u00e9 le<\/p>\n<p>            13 mai 2025 \u00e0 18h58        <\/p>\n<p>C\u2019est l\u2019un des h\u00f4tels de luxe les plus embl\u00e9matiques de <a href=\"https:\/\/actu.fr\/auvergne-rhone-alpes\/lyon_69123\" rel=\"nofollow noopener\" target=\"_blank\">Lyon<\/a>, situ\u00e9 dans le quartier tr\u00e8s touristique du Vieux-Lyon (5e arrondissement). La <strong>Cour des Loges<\/strong> vient de b\u00e9n\u00e9ficier d\u2019un lifting complet. Le groupe h\u00f4telier Radisson ouvre le 22 mai prochain sa nouvelle version de l\u2019h\u00f4tel la Cour des Loges. Les deux restaurants, le bar, les chambres de l\u2019h\u00f4tel et les salons sont comme neufs. Voici un aper\u00e7u des travaux termin\u00e9s.<\/p>\n<p>30 mois de travaux au lieu de neuf<\/p>\n<p class=\" wall-content\">L\u2019immense chantier aura finalement dur\u00e9 plus de deux ans et demi. Le c\u00e9l\u00e8bre h\u00f4tel a b\u00e9n\u00e9fici\u00e9 d\u2019une large r\u00e9novation.<\/p>\n<p class=\" wall-content\">La r\u00e9novation compl\u00e8te de la propri\u00e9t\u00e9, men\u00e9e par C\u00e9cile R\u00e9mond, architecte du patrimoine, a su redonner vie \u00e0 ce lieu charg\u00e9 d\u2019histoire : mat\u00e9riaux nobles, structures d\u2019origine et pi\u00e8ces historiques ont \u00e9t\u00e9 subtilement r\u00e9int\u00e9gr\u00e9s, \u00e0 l\u2019image de <strong>l\u2019impressionnante verri\u00e8re de 17 m\u00e8tres<\/strong> qui surplombe d\u00e9sormais la cour centrale.<\/p>\n<p class=\" wall-content\">Les Loges, le restaurant gastronomique dirig\u00e9 par le chef Anthony Bonnet, qui n\u2019a plus son \u00e9toile au Guide Michel depuis le lancement des travaux, rouvre aussi, tout comme le Comptoir, un \u00ab\u00a0bistro chic\u00a0\u00bb.<\/p>\n<p class=\" wall-content\">\n      <img   decoding=\"async\" loading=\"lazy\" src=\"https:\/\/www.europesays.com\/fr\/wp-content\/uploads\/2025\/05\/capture-decran-2025-05-13-a-184110-960x640.png\" alt=\"La nouvelle verri\u00e8re au-dessus du restaurant gastronomique de la Cour des Loges.\" width=\"960\" height=\"640\"\/><br \/>\n    La nouvelle verri\u00e8re au-dessus du restaurant gastronomique de la Cour des Loges. (\u00a9DR)<br \/>\n      <img   decoding=\"async\" loading=\"lazy\" src=\"https:\/\/www.europesays.com\/fr\/wp-content\/uploads\/2025\/05\/img-0369-960x640.jpg\" alt=\"L'int\u00e9rieur de la Cour des Loges compl\u00e8tement r\u00e9nov\u00e9e.\" width=\"960\" height=\"640\"\/><br \/>\n    L\u2019int\u00e9rieur de la Cour des Loges compl\u00e8tement r\u00e9nov\u00e9e. (\u00a9DR)<br \/>\n      <img   decoding=\"async\" loading=\"lazy\" src=\"https:\/\/www.europesays.com\/fr\/wp-content\/uploads\/2025\/05\/capture-decran-2025-05-13-a-184149-960x640.png\" alt=\"Le restaurant gastronomique pilot\u00e9 par Anthony Bonnet. \" width=\"960\" height=\"640\"\/><br \/>\n    Le restaurant gastronomique pilot\u00e9 par Anthony Bonnet. (\u00a9DR)<br \/>\n      <img   decoding=\"async\" loading=\"lazy\" src=\"https:\/\/static.actu.fr\/uploads\/2025\/05\/capture-decran-2025-05-13-a-184214-960x640.png\" alt=\"La nouvelle verri\u00e8re au-dessus du restaurant gastronomique de la Cour des Loges.\" width=\"960\" height=\"640\"\/><br \/>\n    La nouvelle verri\u00e8re au-dessus du restaurant gastronomique de la Cour des Loges. (\u00a9DR)<\/p>\n<p>Une piscine et un spa dans le premier \u00ab\u00a0Radisson Collection\u00a0\u00bb de France<\/p>\n<p class=\" wall-content\">L\u2019h\u00f4tel propose 61 chambres et suites. L\u2019ouverture prochaine du spa Pure Altitude compl\u00e9tera l\u2019offre bien-\u00eatre, avec <strong>piscine, hammam et sauna sous d\u2019anciennes vo\u00fbtes en pierre<\/strong>.<\/p>\n<p class=\" wall-content\">\n      <img   decoding=\"async\" loading=\"lazy\" src=\"https:\/\/www.europesays.com\/fr\/wp-content\/uploads\/2025\/05\/capture-decran-2025-05-13-a-184232-960x640.png\" alt=\"Une suite compl\u00e8tement r\u00e9nov\u00e9e \u00e0 la Cour des Loges de Lyon.\" width=\"960\" height=\"640\"\/><br \/>\n    Une suite compl\u00e8tement r\u00e9nov\u00e9e \u00e0 la Cour des Loges de Lyon. (\u00a9DR)<br \/>\n      <img   decoding=\"async\" loading=\"lazy\" src=\"https:\/\/www.europesays.com\/fr\/wp-content\/uploads\/2025\/05\/capture-decran-2025-05-13-a-184200-960x640.png\" alt=\"Une chambre de l'h\u00f4tel r\u00e9nov\u00e9.\" width=\"960\" height=\"640\"\/><br \/>\n    Une chambre de l\u2019h\u00f4tel r\u00e9nov\u00e9. (\u00a9DR)<\/p>\n<p class=\" wall-content\">Les r\u00e9servations sont d\u00e9j\u00e0 ouvertes pour l\u2019h\u00f4tel ainsi que l\u2019offre de restauration. Il s\u2019agit du tout premier \u00ab\u00a0Radisson Collection\u00a0\u00bb de France. Le groupe h\u00f4telier a d\u00e9j\u00e0 un pied \u00e0 Lyon dans la <a href=\"https:\/\/actu.fr\/auvergne-rhone-alpes\/lyon_69123\/lyon-que-vaut-le-restaurant-gastronomique-au-sommet-de-la-tour-crayon-on-a-teste_61348405.html\" rel=\"nofollow noopener\" target=\"_blank\">c\u00e9l\u00e8bre \u00ab\u00a0tour Crayon\u00a0\u00bb dans le quartier de la Part-Dieu<\/a>.<\/p>\n<p class=\" wall-content\">Suivez toute l\u2019actualit\u00e9 de vos villes et m\u00e9dias favoris en vous inscrivant \u00e0 <a href=\"https:\/\/moncompte.actu.fr\" title=\"D\u00e9couvez Mon Actu\" rel=\"nofollow noopener\" data-trk=\"{&quot;cta&quot;:{&quot;action&quot;:&quot;https:\\\/\\\/moncompte.actu.fr&quot;,&quot;category&quot;:&quot;mon compte&quot;,&quot;from&quot;:&quot;article footer&quot;,&quot;name&quot;:&quot;Mon actu&quot;,&quot;type&quot;:&quot;cta&quot;}}\" target=\"_blank\">Mon Actu<\/a>.<\/p>\n","protected":false},"excerpt":{"rendered":"Par Nicolas Zaugra Publi\u00e9 le 13 mai 2025 \u00e0 18h58 C\u2019est l\u2019un des h\u00f4tels de luxe les plus&hellip;\n","protected":false},"author":2,"featured_media":98028,"comment_status":"","ping_status":"","sticky":false,"template":"","format":"standard","meta":{"footnotes":""},"categories":[1889],"tags":[1111,11,2430,33,1777,674,1011,27,2428,12,25,1340,602,5287],"class_list":{"0":"post-98027","1":"post","2":"type-post","3":"status-publish","4":"format-standard","5":"has-post-thumbnail","7":"category-lyon","8":"tag-actu","9":"tag-actualites","10":"tag-auvergne-rhone-alpes","11":"tag-economie","12":"tag-eu","13":"tag-europe","14":"tag-fr","15":"tag-france","16":"tag-lyon","17":"tag-news","18":"tag-republique-francaise","19":"tag-restaurant","20":"tag-tourisme","21":"tag-vieux-lyon"},"share_on_mastodon":{"url":"https:\/\/pubeurope.com\/@fr\/114503257107471872","error":""},"_links":{"self":[{"href":"https:\/\/www.europesays.com\/fr\/wp-json\/wp\/v2\/posts\/98027","targetHints":{"allow":["GET"]}}],"collection":[{"href":"https:\/\/www.europesays.com\/fr\/wp-json\/wp\/v2\/posts"}],"about":[{"href":"https:\/\/www.europesays.com\/fr\/wp-json\/wp\/v2\/types\/post"}],"author":[{"embeddable":true,"href":"https:\/\/www.europesays.com\/fr\/wp-json\/wp\/v2\/users\/2"}],"replies":[{"embeddable":true,"href":"https:\/\/www.europesays.com\/fr\/wp-json\/wp\/v2\/comments?post=98027"}],"version-history":[{"count":0,"href":"https:\/\/www.europesays.com\/fr\/wp-json\/wp\/v2\/posts\/98027\/revisions"}],"wp:featuredmedia":[{"embeddable":true,"href":"https:\/\/www.europesays.com\/fr\/wp-json\/wp\/v2\/media\/98028"}],"wp:attachment":[{"href":"https:\/\/www.europesays.com\/fr\/wp-json\/wp\/v2\/media?parent=98027"}],"wp:term":[{"taxonomy":"category","embeddable":true,"href":"https:\/\/www.europesays.com\/fr\/wp-json\/wp\/v2\/categories?post=98027"},{"taxonomy":"post_tag","embeddable":true,"href":"https:\/\/www.europesays.com\/fr\/wp-json\/wp\/v2\/tags?post=98027"}],"curies":[{"name":"wp","href":"https:\/\/api.w.org\/{rel}","templated":true}]}}